{"id":351,"date":"2010-01-06T10:50:52","date_gmt":"2010-01-06T10:50:52","guid":{"rendered":"https:\/\/amagep.co.za\/fr\/2010\/01\/06\/httpwwwfrance24comfr20100106-yemen-ambassade-france-grande-bretagne-sanaa-rouvert-al-qaidaau\/"},"modified":"2010-01-06T10:50:52","modified_gmt":"2010-01-06T10:50:52","slug":"httpwwwfrance24comfr20100106-yemen-ambassade-france-grande-bretagne-sanaa-rouvert-al-qaidaau","status":"publish","type":"post","link":"https:\/\/amagep.co.za\/fr\/httpwwwfrance24comfr20100106-yemen-ambassade-france-grande-bretagne-sanaa-rouvert-al-qaidaau\/","title":{"rendered":"Les ambassades fran\u00e7aise et britannique ont rouvert"},"content":{"rendered":"<p><img loading=\"lazy\" class=\" size-full wp-image-157\" src=\"https:\/\/amagep.co.za\/fr\/wp-content\/uploads\/2009\/03\/british_withdrawal_m.jpg\" border=\"0\" width=\"345\" height=\"260\" \/> <\/p>\n<p>Les ambassades de France et de Grande-Bretagne \u00e0 Sanaa ont rouvert mercredi  apr\u00e8s des fermetures respectives de deux et de trois jours dues \u00e0 des menaces  d&rsquo;attentat d&rsquo;Al-Qa\u00efda qui a revendiqu\u00e9 l&rsquo;attaque manqu\u00e9 de No\u00ebl contre un avion  de ligne am\u00e9ricain.<\/p>\n<p> <!--more-->  <\/p>\n<p>L&rsquo;ambassade de France fonctionne mercredi, a indiqu\u00e9 un responsable de la  chancellerie qui avait \u00e9t\u00e9 ferm\u00e9e lundi.<\/p>\n<p>L&rsquo;ambassade britannique a rouvert \u00e9galement apr\u00e8s trois jours de fermeture  mais ses services consulaires restent ferm\u00e9s, selon un communiqu\u00e9 de la  chancellerie post\u00e9 sur son site internet.<\/p>\n<p>L&rsquo;ambassade am\u00e9ricaine au Y\u00e9men a de son c\u00f4t\u00e9 rouvert mardi apr\u00e8s une  fermeture de deux jours, les Etats-Unis saluant l&rsquo;action des autorit\u00e9s y\u00e9m\u00e9nites  qui ont tu\u00e9 ou arr\u00eat\u00e9 depuis dimanche plusieurs membres pr\u00e9sum\u00e9s du r\u00e9seau  Al-Qa\u00efda.<\/p>\n<p>Les autorit\u00e9s y\u00e9m\u00e9nites ont annonc\u00e9 le m\u00eame jour avoir arr\u00eat\u00e9 r\u00e9cemment cinq  membres pr\u00e9sum\u00e9s d&rsquo;Al-Qa\u00efda et tu\u00e9 deux d&rsquo;entre eux dans un op\u00e9ration au nord de  la capitale. Ces autorit\u00e9s ont \u00e9galement assur\u00e9 \u00eatre capable de prot\u00e9ger les  ambassades et les \u00e9trangers et vouloir \u00ab\u00a0\u00e9radiquer\u00a0\u00bb les extr\u00e9mistes.<\/p>\n<p>A Paris, le porte-parole du minist\u00e8re des Affaires \u00e9trang\u00e8res, Bernard Valero  avait indiqu\u00e9 mardi que l&rsquo;ambassade de France au Y\u00e9men resterait ferm\u00e9e tant que  l&rsquo;\u00e9valuation de la s\u00e9curit\u00e9 ne permettra pas sa r\u00e9ouverture.<\/p>\n<p>\u00ab\u00a0Nous sommes encore dans un double temps, un temps d&rsquo;\u00e9valuation et un temps  de pr\u00e9caution\u00a0\u00bb, a-t-il dit lors d&rsquo;un point-presse pour expliquer que la France  ait maintenu son dispositif.<\/p>\n<p>M. Valero a rappel\u00e9 que la France avait d\u00e9cid\u00e9 lundi \u00ab\u00a0au vu de certaines  menaces publiquement \u00e9mises par une organisation terroriste\u00a0\u00bb de prendre trois  mesures: \u00ab\u00a0la premi\u00e8re a \u00e9t\u00e9 de fermer l&rsquo;acc\u00e8s au public de notre repr\u00e9sentation  diplomatique, la deuxi\u00e8me de prodiguer des recommandations de prudence \u00e0 nos  compatriotes \u00e9tablis au Y\u00e9men, et la troisi\u00e8me d&rsquo;accomplir un travail tr\u00e8s  attentif, vigilant, de la situation s\u00e9curitaire sur le terrain\u00a0\u00bb.<\/p>\n<p>\u00ab\u00a0Nous actualiserons en tant que de besoin notre \u00e9valuation et nous prendrons  le moment venu, en fonction de cette \u00e9valuation, les mesures qui s&rsquo;imposent et  qui pourraient \u00eatre la r\u00e9ouverture au public de notre mission diplomatique\u00a0\u00bb,  a-t-il ajout\u00e9.<\/p>\n<p>Lundi, la secr\u00e9taire d&rsquo;Etat am\u00e9ricaine Hillary Clinton avait estim\u00e9 que  \u00ab\u00a0l&rsquo;instabilit\u00e9\u00a0\u00bb au Y\u00e9men mena\u00e7ait \u00ab\u00a0la stabilit\u00e9 r\u00e9gionale et m\u00eame mondiale\u00a0\u00bb.<\/p>\n<p>Source<\/p>\n<p><a href=\"http:\/\/www.france24.com\/fr\/20100106-yemen-ambassade-france-grande-bretagne-sanaa-rouvert-al-qaida?autoplay=\" title=\"www.france24.com\">France24 <\/a><\/p>\n<p>&nbsp;<\/p>\n<!-- AddThis Advanced Settings generic via filter on the_content --><!-- AddThis Share Buttons generic via filter on the_content -->","protected":false},"excerpt":{"rendered":"<p>Les ambassades de France et de Grande-Bretagne \u00e0 Sanaa ont rouvert mercredi apr\u00e8s des fermetures&#8230;<!-- AddThis Advanced Settings generic via filter on get_the_excerpt --><!-- AddThis Share Buttons generic via filter on get_the_excerpt --><\/p>\n","protected":false},"author":1,"featured_media":157,"comment_status":"open","ping_status":"open","sticky":false,"template":"","format":"standard","meta":[],"categories":[6],"tags":[],"_links":{"self":[{"href":"https:\/\/amagep.co.za\/fr\/wp-json\/wp\/v2\/posts\/351"}],"collection":[{"href":"https:\/\/amagep.co.za\/fr\/wp-json\/wp\/v2\/posts"}],"about":[{"href":"https:\/\/amagep.co.za\/fr\/wp-json\/wp\/v2\/types\/post"}],"author":[{"embeddable":true,"href":"https:\/\/amagep.co.za\/fr\/wp-json\/wp\/v2\/users\/1"}],"replies":[{"embeddable":true,"href":"https:\/\/amagep.co.za\/fr\/wp-json\/wp\/v2\/comments?post=351"}],"version-history":[{"count":0,"href":"https:\/\/amagep.co.za\/fr\/wp-json\/wp\/v2\/posts\/351\/revisions"}],"wp:featuredmedia":[{"embeddable":true,"href":"https:\/\/amagep.co.za\/fr\/wp-json\/wp\/v2\/media\/157"}],"wp:attachment":[{"href":"https:\/\/amagep.co.za\/fr\/wp-json\/wp\/v2\/media?parent=351"}],"wp:term":[{"taxonomy":"category","embeddable":true,"href":"https:\/\/amagep.co.za\/fr\/wp-json\/wp\/v2\/categories?post=351"},{"taxonomy":"post_tag","embeddable":true,"href":"https:\/\/amagep.co.za\/fr\/wp-json\/wp\/v2\/tags?post=351"}],"curies":[{"name":"wp","href":"https:\/\/api.w.org\/{rel}","templated":true}]}}