{"id":350,"date":"2010-01-06T10:09:53","date_gmt":"2010-01-06T10:09:53","guid":{"rendered":"https:\/\/amagep.co.za\/fr\/2010\/01\/06\/une-seconde-chance-pour-les-enfants-douganda-vivant-dans-la-rue-2\/"},"modified":"2010-01-06T10:09:53","modified_gmt":"2010-01-06T10:09:53","slug":"une-seconde-chance-pour-les-enfants-douganda-vivant-dans-la-rue-2","status":"publish","type":"post","link":"https:\/\/amagep.co.za\/fr\/une-seconde-chance-pour-les-enfants-douganda-vivant-dans-la-rue-2\/","title":{"rendered":"Une seconde chance pour les enfants d&rsquo;Ouganda vivant dans la rue"},"content":{"rendered":"<p><img loading=\"lazy\" class=\" size-full wp-image-348\" src=\"https:\/\/amagep.co.za\/fr\/wp-content\/uploads\/2010\/01\/ibc_uganda_orphanlead1.jpg\" border=\"0\" width=\"200\" height=\"140\" \/> <\/p>\n<p>\u00c0 premi\u00e8re vue, John Bosco Abura est aussi insouciant que tout autre gar\u00e7on de  15 ans. Heureux et plein d&rsquo;entrain, il est ravi d&rsquo;\u00e9tudier \u00e0 l&rsquo;\u00c9cole primaire  Kapuat. Cependant, derri\u00e8re ses yeux brillants et son large sourire, Abura cache  les marques de deux ann\u00e9es traumatisantes, pass\u00e9es dans les rues de la capitale,  Kampala.<\/p>\n<p> <!--more-->   <\/p>\n<p>\u00ab Je suis all\u00e9 \u00e0 Kampala avec ma m\u00e8re en 2004,\u00a0\u00bb raconte Abura. \u00ab\u00a0Mon p\u00e8re  avait \u00e9t\u00e9 tu\u00e9 en 2001 par les membres d&rsquo;un commando qui ont pris tout notre  b\u00e9tail \u00e0 Kotido, aussi ma m\u00e8re pensait-elle que notre vie serait meilleure en  ville.\u00a0\u00bb Pourtant, la m\u00e8re et son fils en ont \u00e9t\u00e9 r\u00e9duits \u00e0 mendier et faire les  poubelles pour survivre.<\/p>\n<p>\u00ab La vie \u00e0 Kampala \u00e9tait tr\u00e8s dure,\u00a0\u00bb confie Abura.<\/p>\n<p><span class=\"pagesubhead\">Un environnement hostile<\/span><\/p>\n<p>Les choses ont  empir\u00e9 lorsque la m\u00e8re d&rsquo;Abura a \u00e9t\u00e9 tu\u00e9e par un taxi. \u00c0 dix\u00a0ans, il se  retrouvait seul dans un environnement hostile, contraint de verser de l&rsquo;argent  aux chefs de gang de rue pour de la nourriture et un abri, et il \u00e9tait  s\u00e9v\u00e8rement battu s&rsquo;il n&rsquo;arrivait pas \u00e0 payer.<\/p>\n<p>Tout comme Abura, des dizaines d&rsquo;autres enfants et adultes Karamajong ont \u00e9t\u00e9  attir\u00e9s par les rues de Kampala, \u00e0 la recherche d&rsquo;une vie meilleure, et se sont  trouv\u00e9s pris dans un cercle vicieux de mendicit\u00e9 et de fouille de poubelles.<\/p>\n<p>Des organisations soutenues par l&rsquo;UNICEF r\u00e9installent les enfants non  accompagn\u00e9s comme Abura et apprennent aux populations les v\u00e9ritables dangers  auxquels on s&rsquo;expose en migrant dans les villes.<\/p>\n<p>\u00ab Ceux qui ont \u00e9t\u00e9 ramen\u00e9s \u00e0 Karamoja en\u00a02007 disent qu&rsquo;ils sont all\u00e9s \u00e0  Kampala afin d&rsquo;\u00e9chapper \u00e0 la famine et \u00e0 l&rsquo;ins\u00e9curit\u00e9,\u00a0\u00bb indique le P\u00e8re John  Bosco Ngoya, un pr\u00eatre qui travaille \u00e0 Karamoja depuis\u00a01986. Avec d&rsquo;autres  dirigeants communautaires de Moroto, il a cr\u00e9\u00e9 l&rsquo;Initiative Bokora pour un  programme de r\u00e9installation durable (Bokora Initiative for Sustainable  Resettlement Programme &#8211; BISREP).<br \/>\u00a0<br \/>L&rsquo;UNICEF et ses partenaires font en  sorte que les rapatri\u00e9s re\u00e7oivent l&rsquo;indispensable, tel que la nourriture, le  logement et un traitement m\u00e9dical. Ils fournissent en outre une formation aux  travailleurs sociaux qui aident les rapatri\u00e9s \u00e0 se r\u00e9installer dans la  communaut\u00e9.<\/p>\n<p><span class=\"pagesubhead\">Scolaris\u00e9s<\/span><\/p>\n<p>Les enfants sont scolaris\u00e9s  dans les dix \u00e9coles soutenues par l&rsquo;UNICEF qui ont accueilli des enfants  Karamajong, de retour de Kampala. Plus largement, le programme travaille aussi \u00e0  identifier et prot\u00e9ger les enfants vuln\u00e9rables.<\/p>\n<p>\u00ab\u00a0Nous travaillons \u00e9galement avec le Minist\u00e8re de l&rsquo;\u00e9galit\u00e9 des sexes, du  travail et du d\u00e9veloppement social \u00e0 l&rsquo;introduction de meilleures m\u00e9thodes de  travail social, afin d&rsquo;assurer la protection des droits des enfants vivant et  travaillant dans les rues. Cela se fait \u00e0 plusieurs stades\u00a0: l&rsquo;identification,  le retrait des rues et la r\u00e9int\u00e9gration dans la communaut\u00e9 et le foyer,\u00a0\u00bb  explique le responsable de l&rsquo;UNICEF en Ouganda pour la protection de l&rsquo;enfance,  Cornelius Williams.<\/p>\n<p>Abura est heureux dans sa nouvelle vie et il travaille dur \u00e0 l&rsquo;\u00e9cole. \u00ab\u00a0Je  veux travailler d&rsquo;arrache-pied et devenir directeur de banque, car je suis bon  en maths,\u00a0\u00bb dit-il. Retouner \u00e0 Kampala est la derni\u00e8re chose \u00e0 laquelle il  pense. \u00ab\u00a0Je ne souhaite \u00e0 aucun de mes amis de souffrir comme j&rsquo;ai souffert \u00e0  Kampala, si bien que je leur dis de ne pas aller en ville,\u00a0\u00bb dit-il.<\/p>\n<p>Source\u00a0<\/p>\n<p><a href=\"http:\/\/www.unicef.org\/french\/infobycountry\/uganda_52304.html\" title=\"www.unicef.org\">Unicef.org <\/a><\/p>\n<p><!-- Paragraphs End --><!-- POSSIBLE DELETION - PC Positions list Start      Pages list End --><!-- Media Agenda START --><!-- Media Agenda END --><!-- DELETE - for UNICEF people\/Cl\/generic content page    --><!-- only used in SOWC04, DELETE after migration --><!-- only used in SOWC04, DELETE after migration --><!-- DELETE --><!-- insert [] instead of [pdf] and [word] --><!--       <\/p>\n\n  --><!-- DELETE after final check - for Module\/Cl\/Image and Text Page (level 2) START    for Module\/Cl\/Image and Text Page (level 2) END --><!-- DELETE after final check - for Press Centre\/C-level2\/Category Date Page START -->    <!--   var ThisPage=52304;   \/\/-->   <!--    --><!-- for Press Centre\/C-level2\/Category Date Page END --><\/p>\n<!-- AddThis Advanced Settings generic via filter on the_content --><!-- AddThis Share Buttons generic via filter on the_content -->","protected":false},"excerpt":{"rendered":"<p>\u00c0 premi\u00e8re vue, John Bosco Abura est aussi insouciant que tout autre gar\u00e7on de 15&#8230;<!-- AddThis Advanced Settings generic via filter on get_the_excerpt --><!-- AddThis Share Buttons generic via filter on get_the_excerpt --><\/p>\n","protected":false},"author":1,"featured_media":348,"comment_status":"open","ping_status":"open","sticky":false,"template":"","format":"standard","meta":[],"categories":[5],"tags":[],"_links":{"self":[{"href":"https:\/\/amagep.co.za\/fr\/wp-json\/wp\/v2\/posts\/350"}],"collection":[{"href":"https:\/\/amagep.co.za\/fr\/wp-json\/wp\/v2\/posts"}],"about":[{"href":"https:\/\/amagep.co.za\/fr\/wp-json\/wp\/v2\/types\/post"}],"author":[{"embeddable":true,"href":"https:\/\/amagep.co.za\/fr\/wp-json\/wp\/v2\/users\/1"}],"replies":[{"embeddable":true,"href":"https:\/\/amagep.co.za\/fr\/wp-json\/wp\/v2\/comments?post=350"}],"version-history":[{"count":0,"href":"https:\/\/amagep.co.za\/fr\/wp-json\/wp\/v2\/posts\/350\/revisions"}],"wp:featuredmedia":[{"embeddable":true,"href":"https:\/\/amagep.co.za\/fr\/wp-json\/wp\/v2\/media\/348"}],"wp:attachment":[{"href":"https:\/\/amagep.co.za\/fr\/wp-json\/wp\/v2\/media?parent=350"}],"wp:term":[{"taxonomy":"category","embeddable":true,"href":"https:\/\/amagep.co.za\/fr\/wp-json\/wp\/v2\/categories?post=350"},{"taxonomy":"post_tag","embeddable":true,"href":"https:\/\/amagep.co.za\/fr\/wp-json\/wp\/v2\/tags?post=350"}],"curies":[{"name":"wp","href":"https:\/\/api.w.org\/{rel}","templated":true}]}}