{"id":347,"date":"2010-01-02T08:41:30","date_gmt":"2010-01-02T08:41:30","guid":{"rendered":"https:\/\/amagep.co.za\/fr\/2010\/01\/02\/agression-contre-un-caricaturiste-de-mahomet\/"},"modified":"2010-01-02T08:41:30","modified_gmt":"2010-01-02T08:41:30","slug":"agression-contre-un-caricaturiste-de-mahomet","status":"publish","type":"post","link":"https:\/\/amagep.co.za\/fr\/agression-contre-un-caricaturiste-de-mahomet\/","title":{"rendered":"Agression contre un caricaturiste de Mahomet"},"content":{"rendered":"<p><img loading=\"lazy\" class=\" size-full wp-image-346\" src=\"https:\/\/amagep.co.za\/fr\/wp-content\/uploads\/2010\/01\/westegaard.jpg\" border=\"0\" width=\"345\" height=\"261\" srcset=\"https:\/\/amagep.co.za\/fr\/wp-content\/uploads\/2010\/01\/westegaard.jpg 345w, https:\/\/amagep.co.za\/fr\/wp-content\/uploads\/2010\/01\/westegaard-300x227.jpg 300w\" sizes=\"(max-width: 345px) 100vw, 345px\" \/> <\/p>\n<p>Un Somalien de 28 ans arm\u00e9 d&rsquo;une hache a \u00e9t\u00e9 appr\u00e9hend\u00e9 vendredi soir par la  police danoise peu apr\u00e8s \u00eatre entr\u00e9 dans la maison de Kurt Westergaard, l&rsquo;auteur  d&rsquo;une des caricatures pol\u00e9miques de Mahomet, qu&rsquo;il avait l&rsquo;intention de tuer,  a-t-on appris de sources polici\u00e8res.<\/p>\n<p> <!--more-->  <\/p>\n<p>L&rsquo;homme, qui vit au Danemark mais dont l&rsquo;identit\u00e9 n&rsquo;a pas \u00e9t\u00e9 r\u00e9v\u00e9l\u00e9e, avait  des vis\u00e9es terroristes et est proche du mouvement islamiste radical somalien des  shebab ainsi que de responsables d&rsquo;Al-Qa\u00efda en Afrique de l&rsquo;Est, selon les  services de renseignements de la police danoise (PET).<\/p>\n<p>Peu apr\u00e8s 22H00 (21H00 GMT), les policiers danois appel\u00e9s au secours par le  dessinateur ont tir\u00e9 en direction de l&rsquo;agresseur, qui les mena\u00e7ait de sa hache  et d&rsquo;un couteau, le touchant deux fois, a expliqu\u00e9 \u00e0 l&rsquo;AFP Bent Preben Nielsen,  inspecteur en chef de la police du Jutland-Est.<\/p>\n<p>\u00ab\u00a0Lorsqu&rsquo;il s&rsquo;est approch\u00e9 \u00e0 moins de 2 m\u00e8tres avec sa hache et son couteau,  la patrouille a tir\u00e9 et l&rsquo;a touch\u00e9 \u00e0 la cuisse gauche et \u00e0 la main droite\u00a0\u00bb,  a-t-il dit.<\/p>\n<p>Kurt Westergaard, plusieurs fois menac\u00e9 de mort depuis la publication il y a  quatre ans par un journal danois de son dessin repr\u00e9sentant Mahomet v\u00eatu d&rsquo;un  turban en forme de bombe, \u00e9tait pr\u00e9sent \u00e0 son domicile d&rsquo;Aarhus (ouest) avec sa  petite-fille de 5 ans, lorsque l&rsquo;individu est entr\u00e9, selon la police.<\/p>\n<p>\u00ab\u00a0Je me suis r\u00e9fugi\u00e9 dans notre salle s\u00e9curis\u00e9e, d&rsquo;o\u00f9 j&rsquo;ai alert\u00e9 la police,  pendant qu&rsquo;il essayait avec force d&rsquo;enfoncer la porte. Mais il n&rsquo;y est pas  parvenu\u00a0\u00bb, a expliqu\u00e9 Kurt Westergaard, tr\u00e8s marqu\u00e9, \u00e0 l&rsquo;agence danoise  Ritzau.<\/p>\n<p>\u00ab\u00a0Il a employ\u00e9 des insultes, je ne me souviens plus lesquelles, mais c&rsquo;\u00e9tait  des mots grossiers. Il parlait un danois approximatif, et \u00e0 la fin, il a promis  qu&rsquo;il reviendrait\u00a0\u00bb, a racont\u00e9 le dessinateur, plac\u00e9 sous protection polici\u00e8re  depuis 2006 et la temp\u00eate provoqu\u00e9e dans le monde musulman par les caricatures  danoises du Jyllands-Posten.<\/p>\n<p>L&rsquo;agresseur, qui a \u00e9t\u00e9 conduit \u00e0 l&rsquo;h\u00f4pital d&rsquo;Aarhus pour y \u00eatre op\u00e9r\u00e9 et dont  les jours ne sont pas en danger, est poursuivi par les autorit\u00e9s pour \u00ab\u00a0tentative  de meurtre sur Kurt Westergaard et un policier, a indiqu\u00e9 Mikael Larsen,  commissaire de la police du Jutland-Est, dans un communiqu\u00e9.<\/p>\n<p>Pour le service de renseignement int\u00e9rieur de la police danoise PET, \u00ab\u00a0la  tentative de meurtre du dessinateur Kurt Westergaard est li\u00e9e au terrorisme\u00a0\u00bb.  \u00ab\u00a0La personne arr\u00eat\u00e9e a, selon les informations du PET, des liens \u00e9troits avec  l&rsquo;organisation terroriste somalienne al-Shebab de m\u00eame qu&rsquo;avec des chefs  d&rsquo;Al-Qa\u00efda en Afrique de l&rsquo;Est\u00a0\u00bb, r\u00e9v\u00e8le le communiqu\u00e9 du renseignement int\u00e9rieur  danois.<\/p>\n<p>Il est \u00e9galement soup\u00e7onn\u00e9 d&rsquo;avoir \u00e9t\u00e9 impliqu\u00e9 dans des activit\u00e9s  terroristes lorsqu&rsquo;il se trouvait en Afrique de l&rsquo;Est et d&rsquo;avoir \u00e9t\u00e9 membre d&rsquo;un  r\u00e9seau terroriste implant\u00e9 au Danemark qui a longtemps fait l&rsquo;objet de la  surveillance du PET.<\/p>\n<p>Deux hommes avaient d\u00e9j\u00e0 \u00e9t\u00e9 arr\u00eat\u00e9s en 2006 pour avoir planifi\u00e9 le meurtre  de Kurt Westergaard, qui fait \u00e9galement l&rsquo;objet depuis quatre ans de tr\u00e8s  fr\u00e9quentes menaces n\u00e9cessitant une protection polici\u00e8re rapproch\u00e9e.<\/p>\n<p>Les douze caricatures controvers\u00e9es du proph\u00e8te Mahomet avaient \u00e9t\u00e9 publi\u00e9es  pour la premi\u00e8re fois en septembre 2005 dans le quotidien danois  Jyllands-Posten. <\/p>\n<p>Jug\u00e9es offensantes par de nombreux musulmans, elles avaient d\u00e9clench\u00e9 une  vague de violentes manifestations, principalement dans le monde islamique en  janvier et f\u00e9vrier 2006, dirig\u00e9es contre le Danemark.<\/p>\n<p>&nbsp;<\/p>\n<p>Source<\/p>\n<p><a href=\"http:\/\/www.france24.com\/fr\/20100102-agression-police-caricaturiste-mahomet-danemark-somalie-al-qaida?autoplay=\" title=\"www.france24.com\">France24.com <\/a><\/p>\n<!-- AddThis Advanced Settings generic via filter on the_content --><!-- AddThis Share Buttons generic via filter on the_content -->","protected":false},"excerpt":{"rendered":"<p>Un Somalien de 28 ans arm\u00e9 d&rsquo;une hache a \u00e9t\u00e9 appr\u00e9hend\u00e9 vendredi soir par la&#8230;<!-- AddThis Advanced Settings generic via filter on get_the_excerpt --><!-- AddThis Share Buttons generic via filter on get_the_excerpt --><\/p>\n","protected":false},"author":1,"featured_media":346,"comment_status":"open","ping_status":"open","sticky":false,"template":"","format":"standard","meta":[],"categories":[5],"tags":[],"_links":{"self":[{"href":"https:\/\/amagep.co.za\/fr\/wp-json\/wp\/v2\/posts\/347"}],"collection":[{"href":"https:\/\/amagep.co.za\/fr\/wp-json\/wp\/v2\/posts"}],"about":[{"href":"https:\/\/amagep.co.za\/fr\/wp-json\/wp\/v2\/types\/post"}],"author":[{"embeddable":true,"href":"https:\/\/amagep.co.za\/fr\/wp-json\/wp\/v2\/users\/1"}],"replies":[{"embeddable":true,"href":"https:\/\/amagep.co.za\/fr\/wp-json\/wp\/v2\/comments?post=347"}],"version-history":[{"count":0,"href":"https:\/\/amagep.co.za\/fr\/wp-json\/wp\/v2\/posts\/347\/revisions"}],"wp:featuredmedia":[{"embeddable":true,"href":"https:\/\/amagep.co.za\/fr\/wp-json\/wp\/v2\/media\/346"}],"wp:attachment":[{"href":"https:\/\/amagep.co.za\/fr\/wp-json\/wp\/v2\/media?parent=347"}],"wp:term":[{"taxonomy":"category","embeddable":true,"href":"https:\/\/amagep.co.za\/fr\/wp-json\/wp\/v2\/categories?post=347"},{"taxonomy":"post_tag","embeddable":true,"href":"https:\/\/amagep.co.za\/fr\/wp-json\/wp\/v2\/tags?post=347"}],"curies":[{"name":"wp","href":"https:\/\/api.w.org\/{rel}","templated":true}]}}