{"id":343,"date":"2009-12-21T11:16:40","date_gmt":"2009-12-21T11:16:40","guid":{"rendered":"https:\/\/amagep.co.za\/fr\/2009\/12\/21\/le-senat-ouvre-la-voie-a-ladoption-du-plan-sante-dobama\/"},"modified":"2009-12-21T11:16:40","modified_gmt":"2009-12-21T11:16:40","slug":"le-senat-ouvre-la-voie-a-ladoption-du-plan-sante-dobama","status":"publish","type":"post","link":"https:\/\/amagep.co.za\/fr\/le-senat-ouvre-la-voie-a-ladoption-du-plan-sante-dobama\/","title":{"rendered":"Le S\u00e9nat ouvre la voie \u00e0 l&rsquo;adoption du plan sant\u00e9 d&rsquo;Obama"},"content":{"rendered":"<p><img loading=\"lazy\" class=\" size-full wp-image-238\" src=\"https:\/\/amagep.co.za\/fr\/wp-content\/uploads\/2009\/07\/20090118171845090118obama203.jpg\" border=\"0\" width=\"203\" height=\"152\" \/> <\/p>\n<p>Dans un premier vote crucial au coeur de la nuit de dimanche \u00e0 lundi, le S\u00e9nat  am\u00e9ricain a ouvert la voie \u00e0 l&rsquo;adoption de l&rsquo;ambitieuse r\u00e9forme de la couverture  sant\u00e9 ch\u00e8re au pr\u00e9sident Barack Obama, qu&rsquo;ils pourraient approuver d&rsquo;ici \u00e0  No\u00ebl.<\/p>\n<p> <!--more-->  <\/p>\n<p>Apr\u00e8s plusieurs mois de discussions entre les deux partis, de n\u00e9gociations  avec la Maison Blanche, et de longues discussions en commission, les s\u00e9nateurs  ont enfin effectu\u00e9 une perc\u00e9e d\u00e9cisive.<\/p>\n<p>Les \u00e9lus ont approuv\u00e9 par 60 voix contre 40 la fin des d\u00e9bats sur le texte  qui contient le \u00ab\u00a0compromis\u00a0\u00bb n\u00e9goci\u00e9 ces derni\u00e8res semaines au sein de la  majorit\u00e9 d\u00e9mocrate.<\/p>\n<p>Aucun des 40 s\u00e9nateurs de l&rsquo;opposition n&rsquo;a vot\u00e9 oui lundi matin.<\/p>\n<p>Ce premier vote conclu vers 01H20 (06H20 GMT) montre que le chef de la  majorit\u00e9 d\u00e9mocrate du S\u00e9nat, Harry Reid, b\u00e9n\u00e9ficie bien &#8212; en l&rsquo;absence de  soutien des r\u00e9publicains &#8212; des 60 voix sur 100 n\u00e9cessaires \u00e0 l&rsquo;adoption du  projet de loi.<\/p>\n<p>Le S\u00e9nat compte 58 d\u00e9mocrates, deux ind\u00e9pendants et 40 r\u00e9publicains.<\/p>\n<p>Deux autres votes de proc\u00e9dure visant \u00e0 clore d\u00e9finitivement les d\u00e9bats sur  la r\u00e9forme sont pr\u00e9vus mardi et mercredi. Le vote d\u00e9finitif pourrait avoir lieu  jeudi soir, veille de No\u00ebl.<\/p>\n<p>Mais, la Chambre des repr\u00e9sentants a d\u00e9j\u00e0 adopt\u00e9 le 7 novembre sa version de  la r\u00e9forme. Une fois que le S\u00e9nat aura adopt\u00e9 son propre texte, il devra donc  \u00eatre fusionn\u00e9 avec celui de la Chambre.<\/p>\n<p>La pr\u00e9sidente de la Chambre, Nancy Pelosi, avait annonc\u00e9 la semaine derni\u00e8re  semaine esp\u00e9rer que le projet de loi soit envoy\u00e9 au pr\u00e9sident Obama pour  promulgation avant son discours sur \u00ab\u00a0l&rsquo;\u00e9tat de l&rsquo;Union\u00a0\u00bb qui a g\u00e9n\u00e9ralement lieu  fin janvier.<\/p>\n<p>Les \u00e9lus de l&rsquo;opposition sont massivement hostiles \u00e0 ce plan. Ils estiment  qu&rsquo;il va augmenter les primes d&rsquo;assurance, mettre en danger l&rsquo;assurance sant\u00e9  des personnes \u00e2g\u00e9es (Medicare) et co\u00fbter trop cher \u00e0 l&rsquo;Etat f\u00e9d\u00e9ral. Ils ont  tout fait pour retarder l&rsquo;\u00e9ch\u00e9ance, jugeant \u00ab\u00a0arbitraire\u00a0\u00bb le d\u00e9lai de No\u00ebl impos\u00e9  par les d\u00e9mocrates.<\/p>\n<p>Le texte de la chambre haute, vise \u00e0 fournir une couverture \u00e0 31 des 36  millions d&rsquo;Am\u00e9ricains qui en sont d\u00e9pourvus et \u00e0 faire baisser les co\u00fbts de la  sant\u00e9, tout en am\u00e9liorant la qualit\u00e9 des soins. Au total 94% des Am\u00e9ricains de  moins de 65 ans seraient couverts.<\/p>\n<p>Selon le bureau du Budget du Congr\u00e8s (CBO), le projet de loi r\u00e9duirait le  d\u00e9ficit am\u00e9ricain de 132 milliards de dollars sur 10 ans, notamment en r\u00e9alisant  des \u00e9conomies sur des dispositifs tels que le Medicare. Le d\u00e9ficit sera  \u00e9galement r\u00e9duit sur la d\u00e9cennie suivante (2020-2029) selon le CBO qui a pr\u00e9cis\u00e9  dimanche que les calculs devenaient plus \u00ab\u00a0incertains\u00a0\u00bb au-del\u00e0 de 2020.<\/p>\n<p>Parmi les autres dispositions d\u00e9voil\u00e9es par les d\u00e9mocrates samedi matin,  figure l&rsquo;interdiction aux assurances de refuser une couverture dans le cas de  probl\u00e8mes de sant\u00e9 pr\u00e9-existants.<\/p>\n<p>En revanche, le plan n&rsquo;instaure pas comme l&rsquo;aurait voulu le pr\u00e9sent Obama et  les principaux chefs d\u00e9mocrates une assurance sant\u00e9 publique qui serait mise en  concurrence avec des assurances priv\u00e9es, surnomm\u00e9e \u00ab\u00a0option publique\u00a0\u00bb.<\/p>\n<p>Par ailleurs, quelques unes des derni\u00e8res s\u00e9ances de n\u00e9gociations pour un  compromis au sein de la majorit\u00e9 ont port\u00e9 sur l&rsquo;avortement.<\/p>\n<p>Le d\u00e9mocrate Ben Nelson conditionnait son vote \u00e0 l&rsquo;insertion dans la r\u00e9forme  d&rsquo;une disposition garantissant l&rsquo;interdiction de l&rsquo;utilisation de fonds publics  pour financer les avortements. Samedi, apr\u00e8s avoir obtenu gain de cause, il a  annonc\u00e9 qu&rsquo;il comptait \u00ab\u00a0voter pour\u00a0\u00bb le projet de loi.<\/p>\n<p>Source\u00a0<\/p>\n<p><a href=\"http:\/\/www.france24.com\/fr\/20091221-reforme-sante-premier-vote-senat-obama-majorite-repubicains-democrates\" title=\"www.france24.com\">France24.com <\/a><\/p>\n<p>&nbsp;<\/p>\n<p>&nbsp;<\/p>\n<!-- AddThis Advanced Settings generic via filter on the_content --><!-- AddThis Share Buttons generic via filter on the_content -->","protected":false},"excerpt":{"rendered":"<p>Dans un premier vote crucial au coeur de la nuit de dimanche \u00e0 lundi, le&#8230;<!-- AddThis Advanced Settings generic via filter on get_the_excerpt --><!-- AddThis Share Buttons generic via filter on get_the_excerpt --><\/p>\n","protected":false},"author":1,"featured_media":238,"comment_status":"open","ping_status":"open","sticky":false,"template":"","format":"standard","meta":[],"categories":[6],"tags":[],"_links":{"self":[{"href":"https:\/\/amagep.co.za\/fr\/wp-json\/wp\/v2\/posts\/343"}],"collection":[{"href":"https:\/\/amagep.co.za\/fr\/wp-json\/wp\/v2\/posts"}],"about":[{"href":"https:\/\/amagep.co.za\/fr\/wp-json\/wp\/v2\/types\/post"}],"author":[{"embeddable":true,"href":"https:\/\/amagep.co.za\/fr\/wp-json\/wp\/v2\/users\/1"}],"replies":[{"embeddable":true,"href":"https:\/\/amagep.co.za\/fr\/wp-json\/wp\/v2\/comments?post=343"}],"version-history":[{"count":0,"href":"https:\/\/amagep.co.za\/fr\/wp-json\/wp\/v2\/posts\/343\/revisions"}],"wp:featuredmedia":[{"embeddable":true,"href":"https:\/\/amagep.co.za\/fr\/wp-json\/wp\/v2\/media\/238"}],"wp:attachment":[{"href":"https:\/\/amagep.co.za\/fr\/wp-json\/wp\/v2\/media?parent=343"}],"wp:term":[{"taxonomy":"category","embeddable":true,"href":"https:\/\/amagep.co.za\/fr\/wp-json\/wp\/v2\/categories?post=343"},{"taxonomy":"post_tag","embeddable":true,"href":"https:\/\/amagep.co.za\/fr\/wp-json\/wp\/v2\/tags?post=343"}],"curies":[{"name":"wp","href":"https:\/\/api.w.org\/{rel}","templated":true}]}}