{"id":336,"date":"2009-12-01T13:53:06","date_gmt":"2009-12-01T13:53:06","guid":{"rendered":"https:\/\/amagep.co.za\/fr\/2009\/12\/01\/carla-bruni-sarkozy-se-mobilise-pour-la-journee-mondiale-de-lutte-contre-le-sida\/"},"modified":"2009-12-01T13:53:06","modified_gmt":"2009-12-01T13:53:06","slug":"carla-bruni-sarkozy-se-mobilise-pour-la-journee-mondiale-de-lutte-contre-le-sida","status":"publish","type":"post","link":"https:\/\/amagep.co.za\/fr\/carla-bruni-sarkozy-se-mobilise-pour-la-journee-mondiale-de-lutte-contre-le-sida\/","title":{"rendered":"Carla Bruni-Sarkozy se mobilise pour la Journ\u00e9e mondiale de lutte contre le sida"},"content":{"rendered":"<p><img loading=\"lazy\" class=\" size-full wp-image-335\" src=\"https:\/\/amagep.co.za\/fr\/wp-content\/uploads\/2009\/12\/carla-bruni-sida-resized-m.jpg\" border=\"0\" width=\"345\" height=\"261\" srcset=\"https:\/\/amagep.co.za\/fr\/wp-content\/uploads\/2009\/12\/carla-bruni-sida-resized-m.jpg 345w, https:\/\/amagep.co.za\/fr\/wp-content\/uploads\/2009\/12\/carla-bruni-sida-resized-m-300x227.jpg 300w\" sizes=\"(max-width: 345px) 100vw, 345px\" \/> <\/p>\n<p>Les appels se sont multipli\u00e9s en France mardi, Journ\u00e9e mondiale de lutte contre le sida, pour ne pas rel\u00e2cher la mobilisation, 30 ans apr\u00e8s le d\u00e9but de l\u2019\u00e9pid\u00e9mie.<\/p>\n<p> <!--more--> <\/p>\n<p>&nbsp;<\/p>\n<p> Au total, 480 manifestations sont pr\u00e9vues dans tout le pays o\u00f9, selon le minist\u00e8re de la Sant\u00e9, 144.000 personnes vivent aujourd\u2019hui avec le virus qui a fait mourir 154 d\u2019entre elles l\u2019an dernier.<\/p>\n<p> \u201cTout se passe comme si, en Europe, on regardait depuis quelque temps le sida comme le souvenir d\u2019une \u00e9poque r\u00e9volue\u201d, s\u2019inqui\u00e8te le maire de Paris, Bertrand Delano\u00eb, dans un communiqu\u00e9.<\/p>\n<p> \u201cMais ce n\u2019est pas du pass\u00e9. C\u2019est encore, h\u00e9las, le pr\u00e9sent. On parlait du sida comme de \u2018la peste du XXe si\u00e8cle\u2019.\u00a0 C\u2019est aussi celle du XXIe\u201d, ajoute l\u2019\u00e9dile, appelant les Fran\u00e7ais \u00e0 quatre devoirs : information, solidarit\u00e9 pour les malades, justice et obstination.<\/p>\n<p> Mardi soir, \u00e0 l\u2019instar de grands monuments dans le monde comme l\u2019Empire State Building \u00e0 New York, la Tour Eiffel sera \u00e9teinte pendant cinq minutes marquer la 21e Journ\u00e9e mondiale de lutte contre le sida, et un grand ruban rouge de dix m\u00e8tres sera install\u00e9 sur la mairie de Paris.<\/p>\n<p> M\u00eame image \u00e0 l\u2019Elys\u00e9e, o\u00f9 deux rubans rouges, symbole international de la mobilisation, ont \u00e9t\u00e9 accroch\u00e9s sur les colonnes du perron du palais pr\u00e9sidentiel, pour la premi\u00e8re fois depuis le d\u00e9but du quinquennat de Nicolas Sarkozy.<\/p>\n<p> Son \u00e9pouse, Carla Bruni-Sarkozy, est depuis un an ambassadrice du Fonds mondial de lutte contre le sida, la tuberculose et le paludisme. <\/p>\n<p> Dans une interview accord\u00e9e \u00e0 TV5 Monde, dont plusieurs journaux ont publi\u00e9 des extraits mardi avant sa diffusion, elle estime qu\u2019il faut \u201ccontinuer \u00e0 se battre\u201d contre le sida.<\/p>\n<p> \u201cOn n\u2019est pas encore sortis d\u2019affaire\u201d, souligne-t-elle, se fixant pour but qu\u2019il n\u2019y ait plus d\u2019enfants naissant s\u00e9ropositifs dans le monde \u00e0 l\u2019horizon 2015.<\/p>\n<p> A Paris, une marche de solidarit\u00e9 est organis\u00e9e par Sidaction et Act-Up pour r\u00e9clamer une meilleure contribution financi\u00e8re des pays riches dans la lutte contre le sida.<\/p>\n<p> Selon les chiffres publi\u00e9s mi-novembre par l\u2019Institut national de veille sanitaire (InVS) sur l\u2019\u00e9pid\u00e9mie, on a recens\u00e9 1.550 nouveaux cas de sida diagnostiqu\u00e9s en France en 2008, un chiffre qui n\u2019a pas baiss\u00e9 entre 2007 et 2008.<\/p>\n<p> De plus, le nombre de s\u00e9ropositifs est en tr\u00e8s l\u00e9g\u00e8re hausse entre 2007 et 2008, passant de 6.400 \u00e0 6.500 personnes. <br \/> Les homosexuels restent la population la plus touch\u00e9e : <br \/> 2.500 d\u2019entre eux ont d\u00e9couvert leur s\u00e9ropositivit\u00e9 en 2008, soit 37% du total.<\/p>\n<p> Le minist\u00e8re a annonc\u00e9 le lancement, au premier semestre 2010, d\u2019un nouveau plan national sur les infections sexuellement transmissibles afin de r\u00e9duire l\u2019infection et le risque d\u2019infection.<\/p>\n<p> Il s\u2019agit, en priorit\u00e9, de d\u00e9tecter les quelque 40.000 personnes atteintes par le VIH et qui ne le savent pas, a soulign\u00e9 le minist\u00e8re.<\/p>\n<p> Les diagnostics sont trop tardifs, ce qui \u201cconstitue une r\u00e9elle perte de chance pour les individus, en raison du retard \u00e0 la mise en route des traitements\u201d, estime-t-il.<\/p>\n<p>&nbsp;<\/p>\n<p>Source<\/p>\n<p><a href=\"http:\/\/www.france24.com\/fr\/20091201-sante-sida-maladie-virus-epidemie-journee-mondiale-elysee-rubans-rouge\" title=\"www.france24.com\">France24.com <\/a><\/p>\n<p>&nbsp;<\/p>\n<!-- AddThis Advanced Settings generic via filter on the_content --><!-- AddThis Share Buttons generic via filter on the_content -->","protected":false},"excerpt":{"rendered":"<p>Les appels se sont multipli\u00e9s en France mardi, Journ\u00e9e mondiale de lutte contre le sida,&#8230;<!-- AddThis Advanced Settings generic via filter on get_the_excerpt --><!-- AddThis Share Buttons generic via filter on get_the_excerpt --><\/p>\n","protected":false},"author":1,"featured_media":335,"comment_status":"open","ping_status":"open","sticky":false,"template":"","format":"standard","meta":[],"categories":[5],"tags":[],"_links":{"self":[{"href":"https:\/\/amagep.co.za\/fr\/wp-json\/wp\/v2\/posts\/336"}],"collection":[{"href":"https:\/\/amagep.co.za\/fr\/wp-json\/wp\/v2\/posts"}],"about":[{"href":"https:\/\/amagep.co.za\/fr\/wp-json\/wp\/v2\/types\/post"}],"author":[{"embeddable":true,"href":"https:\/\/amagep.co.za\/fr\/wp-json\/wp\/v2\/users\/1"}],"replies":[{"embeddable":true,"href":"https:\/\/amagep.co.za\/fr\/wp-json\/wp\/v2\/comments?post=336"}],"version-history":[{"count":0,"href":"https:\/\/amagep.co.za\/fr\/wp-json\/wp\/v2\/posts\/336\/revisions"}],"wp:featuredmedia":[{"embeddable":true,"href":"https:\/\/amagep.co.za\/fr\/wp-json\/wp\/v2\/media\/335"}],"wp:attachment":[{"href":"https:\/\/amagep.co.za\/fr\/wp-json\/wp\/v2\/media?parent=336"}],"wp:term":[{"taxonomy":"category","embeddable":true,"href":"https:\/\/amagep.co.za\/fr\/wp-json\/wp\/v2\/categories?post=336"},{"taxonomy":"post_tag","embeddable":true,"href":"https:\/\/amagep.co.za\/fr\/wp-json\/wp\/v2\/tags?post=336"}],"curies":[{"name":"wp","href":"https:\/\/api.w.org\/{rel}","templated":true}]}}