{"id":334,"date":"2009-11-26T10:02:59","date_gmt":"2009-11-26T10:02:59","guid":{"rendered":"https:\/\/amagep.co.za\/fr\/2009\/11\/26\/docteur-eric-mabaya-l-il-faut-une-revolution-en-rdc-r-2\/"},"modified":"2009-11-26T10:02:59","modified_gmt":"2009-11-26T10:02:59","slug":"docteur-eric-mabaya-l-il-faut-une-revolution-en-rdc-r-2","status":"publish","type":"post","link":"https:\/\/amagep.co.za\/fr\/docteur-eric-mabaya-l-il-faut-une-revolution-en-rdc-r-2\/","title":{"rendered":"Docteur Eric Mabaya : \u00ab Il faut une r\u00e9volution en RDC\u2026 \u00bb"},"content":{"rendered":"<p class=\"spip\"><img loading=\"lazy\" class=\" size-full wp-image-332\" src=\"https:\/\/amagep.co.za\/fr\/wp-content\/uploads\/2009\/11\/mabaya.jpg\" border=\"0\" width=\"322\" height=\"222\" srcset=\"https:\/\/amagep.co.za\/fr\/wp-content\/uploads\/2009\/11\/mabaya.jpg 322w, https:\/\/amagep.co.za\/fr\/wp-content\/uploads\/2009\/11\/mabaya-300x207.jpg 300w\" sizes=\"(max-width: 322px) 100vw, 322px\" \/> <\/p>\n<p class=\"spip\">Le Congolais Eric Mabaya, m\u00e9decin g\u00e9n\u00e9raliste, avec un dipl\u00f4me d\u2019anesth\u00e9siste, exer\u00e7e depuis 1993 en Afrique du sud, comme ind\u00e9pendant depuis quatre ans. AEM l\u2019a abord\u00e9, pour \u00e9voquer les probl\u00e8mes de sant\u00e9 publique en Afrique du sud son pays d\u2019accueil, ainsi qu\u2019en RDC son pays d\u2019origine.<\/p>\n<p> <!--more--> <\/p>\n<p class=\"spip\"><strong class=\"spip\">AFRIQU\u2019\u00c9CHOS MAGAZINE(AEM)\u00a0: Un mot sur votre parcours{jcomments on}<\/strong><\/p>\n<p class=\"spip\"><strong class=\"spip\">ERIC MABAYA (E.M)<\/strong>\u00a0: Je suis m\u00e9decin dipl\u00f4m\u00e9 de la facult\u00e9 de m\u00e9decine de l\u2019Universit\u00e9 de Kinshasa en 1990. J\u2019ai travaill\u00e9 \u00e0 Kinshasa avant de m\u2019installer en RSA en f\u00e9vrier 1992. Apr\u00e8s avoir pass\u00e9 l\u2019examen d\u2019enregistrement \u00e0 l\u2019ordre des m\u00e9decins sud-africains, j\u2019ai commenc\u00e9 \u00e0 exercer d\u00e8s 1993 dans divers h\u00f4pitaux \u00e9tatiques de Johannesburg. Et apr\u00e8s avoir pass\u00e9 l\u2019examen d\u2019enregistrement int\u00e9gral (<em class=\"spip\">full registration)<\/em> en 2001, j\u2019ai commenc\u00e9 \u00e0 prester \u00e0 temps partiel dans plusieurs \u00e9tablissements priv\u00e9s de la place\u00a0: Morningside, Sunning Hill, Sandton Medi-Clinic, Arwyp Kempton Park, Louis Pasteur, Medforum, Mueldmed, Olividale, Flora Clinic\u2026pour ne citer que ceux-l\u00e0. Apr\u00e8s avoir obtenu le dipl\u00f4me en anesth\u00e9sie en 2005 \u00e0 l\u2019H\u00f4pital g\u00e9n\u00e9ral de Johannesburg, j\u2019ai d\u00e9cid\u00e9 d\u2019aller \u00e0 temps plein en priv\u00e9.<\/p>\n<p class=\"spip\"><strong class=\"spip\">AEM\u00a0: Les soins de sant\u00e9 de qualit\u00e9 sont-ils accessibles \u00e0 tous\u00a0?<\/strong><\/p>\n<p class=\"spip\"><strong class=\"spip\">E.M<\/strong>\u00a0: Le syst\u00e8me m\u00e9dical sud-africain permet au moins \u00e0 toute personne de n\u2019importe quelle couche sociale de consulter dans les h\u00f4pitaux de l\u2019\u00c9tat. Quant aux h\u00f4pitaux priv\u00e9s, ils ne sont accessibles qu\u2019\u00e0 ceux qui poss\u00e8dent au minimum une carte \u00ab\u00a0<em class=\"spip\">Medical Aid<\/em>\u00a0\u00bb (Ailleurs, on parle de Carte de Mutuelle m\u00e9dicale). En tant que g\u00e9n\u00e9raliste dans le priv\u00e9, ma client\u00e8le est constitu\u00e9e de toutes les couches sociales.<\/p>\n<p class=\"spip\"><strong class=\"spip\">AEM\u00a0: Que savez-vous de la situation de la sant\u00e9 publique en R\u00e9publique d\u00e9mocratique du Congo\u00a0?<\/strong><\/p>\n<p class=\"spip\"><strong class=\"spip\">E.M\u00a0:<\/strong> Vu le nombre toujours croissant des jeunes coll\u00e8gues qui s\u2019expatrient vers d\u2019autres horizons dont l\u2019Afrique du Sud pour les m\u00eames raisons que celles qui nous ont pouss\u00e9s \u00e0 partir il y a quelques ann\u00e9es, ceci est une preuve du d\u00e9labrement continu de notre syst\u00e8me de sant\u00e9 au pays, d\u00e9labrement qui n\u2019est que la \u00ab\u00a0pointe\u00a0\u00bb de l\u2019iceberg qu\u2019est la situation lamentable de notre pays. Je pense qu\u2019un effort, m\u00eame le plus ardu, pour ne relever que le domaine sanitaire serait, toutefois, comme une \u00ab\u00a0goutte d\u2019encre dans l\u2019oc\u00e9an\u00a0\u00bb, permettez mon expression. La solution serait m\u00eame au-del\u00e0 des \u00ab\u00a0Cinq chantiers\u00a0\u00bb qui font l\u2019unanimit\u00e9 au pays.<\/p>\n<p class=\"spip\"><strong class=\"spip\">AEM\u00a0: Et de plus en plus de patients congolais en \u00e9tat grave sont \u00e9vacu\u00e9s en Afrique du sud\u2026<\/strong><\/p>\n<p class=\"spip\"><strong class=\"spip\">E.M\u00a0:<\/strong>Ces patients qui arrivent ici le d\u00e9montrent effectivement.<\/p>\n<p class=\"spip\"><strong class=\"spip\">AEM\u00a0: Qu\u2019y a-t-il \u00e0 faire pour am\u00e9liorer la situation au pays\u00a0?<\/strong><\/p>\n<p class=\"spip\"><strong class=\"spip\">E.M\u00a0:<\/strong>Une seule chose s\u2019impose \u00e0 mon avis\u00a0: une r\u00e9volution d\u2019esprit, de culture, de mentalit\u00e9, des valeurs sociales des Congolais pour changer les choses dans le bon sens au pays. Quelques exemples\u00a0: la culture par la valeur intellectuelle et non seulement par la valeur consanguine\u2026 Comment expliquez-vous que des pays limitrophes comme l\u2019Angola, la Zambie, le Rwanda\u2026pour ne citer qu\u2019eux, commencent vraiment \u00e0 s\u2019en sortir, et cela avec des ressources tant mini\u00e8res qu\u2019autres de loin moins importantes que les n\u00f4tres\u00a0? <\/p>\n<p class=\"spip\">&nbsp;<\/p>\n<p class=\"spip\">Source\u00a0<\/p>\n<p class=\"spip\"><a href=\"http:\/\/www.afriquechos.ch\/spip.php?article4414\" title=\"www.afriquechos.ch\">Afriquechos.ch<\/a><\/p>\n<!-- AddThis Advanced Settings generic via filter on the_content --><!-- AddThis Share Buttons generic via filter on the_content -->","protected":false},"excerpt":{"rendered":"<p>Le Congolais Eric Mabaya, m\u00e9decin g\u00e9n\u00e9raliste, avec un dipl\u00f4me d\u2019anesth\u00e9siste, exer\u00e7e depuis 1993 en Afrique&#8230;<!-- AddThis Advanced Settings generic via filter on get_the_excerpt --><!-- AddThis Share Buttons generic via filter on get_the_excerpt --><\/p>\n","protected":false},"author":1,"featured_media":332,"comment_status":"open","ping_status":"open","sticky":false,"template":"","format":"standard","meta":[],"categories":[5],"tags":[],"_links":{"self":[{"href":"https:\/\/amagep.co.za\/fr\/wp-json\/wp\/v2\/posts\/334"}],"collection":[{"href":"https:\/\/amagep.co.za\/fr\/wp-json\/wp\/v2\/posts"}],"about":[{"href":"https:\/\/amagep.co.za\/fr\/wp-json\/wp\/v2\/types\/post"}],"author":[{"embeddable":true,"href":"https:\/\/amagep.co.za\/fr\/wp-json\/wp\/v2\/users\/1"}],"replies":[{"embeddable":true,"href":"https:\/\/amagep.co.za\/fr\/wp-json\/wp\/v2\/comments?post=334"}],"version-history":[{"count":0,"href":"https:\/\/amagep.co.za\/fr\/wp-json\/wp\/v2\/posts\/334\/revisions"}],"wp:featuredmedia":[{"embeddable":true,"href":"https:\/\/amagep.co.za\/fr\/wp-json\/wp\/v2\/media\/332"}],"wp:attachment":[{"href":"https:\/\/amagep.co.za\/fr\/wp-json\/wp\/v2\/media?parent=334"}],"wp:term":[{"taxonomy":"category","embeddable":true,"href":"https:\/\/amagep.co.za\/fr\/wp-json\/wp\/v2\/categories?post=334"},{"taxonomy":"post_tag","embeddable":true,"href":"https:\/\/amagep.co.za\/fr\/wp-json\/wp\/v2\/tags?post=334"}],"curies":[{"name":"wp","href":"https:\/\/api.w.org\/{rel}","templated":true}]}}