{"id":329,"date":"2009-11-21T14:53:08","date_gmt":"2009-11-21T14:53:08","guid":{"rendered":"https:\/\/amagep.co.za\/fr\/2009\/11\/21\/arrestation-de-deux-pakistanais-liee-aux-attentats-de-bombay\/"},"modified":"2009-11-21T14:53:08","modified_gmt":"2009-11-21T14:53:08","slug":"arrestation-de-deux-pakistanais-liee-aux-attentats-de-bombay","status":"publish","type":"post","link":"https:\/\/amagep.co.za\/fr\/arrestation-de-deux-pakistanais-liee-aux-attentats-de-bombay\/","title":{"rendered":"Arrestation de deux Pakistanais li\u00e9e aux attentats de Bombay"},"content":{"rendered":"<p><!--  \/* Font Definitions *\/  @font-face \t{font-family:\"Cambria Math\"; \tpanose-1:2 4 5 3 5 4 6 3 2 4; \tmso-font-charset:0; \tmso-generic-font-family:roman; \tmso-font-pitch:variable; \tmso-font-signature:-1610611985 1107304683 0 0 159 0;} @font-face \t{font-family:Calibri; \tpanose-1:2 15 5 2 2 2 4 3 2 4; \tmso-font-charset:0; \tmso-generic-font-family:swiss; \tmso-font-pitch:variable; \tmso-font-signature:-1610611985 1073750139 0 0 159 0;}  \/* Style Definitions *\/  p.MsoNormal, li.MsoNormal, div.MsoNormal \t{mso-style-unhide:no; \tmso-style-qformat:yes; \tmso-style-parent:\"\"; \tmargin-top:0in; \tmargin-right:0in; \tmargin-bottom:10.0pt; \tmargin-left:0in; \tline-height:115%; \tmso-pagination:widow-orphan; \tfont-size:11.0pt; \tfont-family:\"Calibri\",\"sans-serif\"; \tmso-ascii-font-family:Calibri; \tmso-ascii-theme-font:minor-latin; \tmso-fareast-font-family:Calibri; \tmso-fareast-theme-font:minor-latin; \tmso-hansi-font-family:Calibri; \tmso-hansi-theme-font:minor-latin; \tmso-bidi-font-family:\"Times New Roman\"; \tmso-bidi-theme-font:minor-bidi;} .MsoChpDefault \t{mso-style-type:export-only; \tmso-default-props:yes; \tmso-ascii-font-family:Calibri; \tmso-ascii-theme-font:minor-latin; \tmso-fareast-font-family:Calibri; \tmso-fareast-theme-font:minor-latin; \tmso-hansi-font-family:Calibri; \tmso-hansi-theme-font:minor-latin; \tmso-bidi-font-family:\"Times New Roman\"; \tmso-bidi-theme-font:minor-bidi;} .MsoPapDefault \t{mso-style-type:export-only; \tmargin-bottom:10.0pt; \tline-height:115%;} @page Section1 \t{size:8.5in 11.0in; \tmargin:1.0in 1.0in 1.0in 1.0in; \tmso-header-margin:.5in; \tmso-footer-margin:.5in; \tmso-paper-source:0;} div.Section1 \t{page:Section1;} --><\/p>\n<p class=\"MsoNormal\"><img loading=\"lazy\" class=\" size-full wp-image-328\" src=\"https:\/\/amagep.co.za\/fr\/wp-content\/uploads\/2009\/11\/bombay-attentat.jpg\" border=\"0\" width=\"345\" height=\"261\" srcset=\"https:\/\/amagep.co.za\/fr\/wp-content\/uploads\/2009\/11\/bombay-attentat.jpg 345w, https:\/\/amagep.co.za\/fr\/wp-content\/uploads\/2009\/11\/bombay-attentat-300x227.jpg 300w\" sizes=\"(max-width: 345px) 100vw, 345px\" \/> <\/p>\n<p>Accus\u00e9s d\u2019avoir envoy\u00e9 de l\u2019argent \u00e0 des personnes impliqu\u00e9es<br \/>dans les attentats de Bombay, deux Pakistanais ont \u00e9t\u00e9 arr\u00eat\u00e9s en Italie pour recel. <br \/>En novembre 2008, ces attaques avaient\u00a0 provoqu\u00e9 la mort de 166 personnes<br \/> <!--more--> <\/p>\n<p>Deux Pakistanais ont \u00e9t\u00e9 arr\u00eat\u00e9s en Italie pour recel sous l&rsquo;accusation d&rsquo;avoir envoy\u00e9 de l&rsquo;argent \u00e0 des personnes impliqu\u00e9es dans les attentats de Bombay de novembre 2008, ont annonc\u00e9 samedi les m\u00e9dias italiens citant la police antiterroriste Digos.<br \/>\u00a0\u00a0 <br \/>Les deux ressortissants pakistanais, interpell\u00e9s \u00e9galement pour \u00ab\u00a0activit\u00e9 financi\u00e8re ill\u00e9gale\u00a0\u00bb, g\u00e9rait une agence de transfert de fonds vers l&rsquo;\u00e9tranger \u00e0 Brescia (nord) qui a \u00e9t\u00e9 plac\u00e9e sous s\u00e9questre.<br \/>\u00a0\u00a0 <br \/>Ils sont soup\u00e7onn\u00e9s d&rsquo;avoir effectu\u00e9 sous une identit\u00e9 d&#8217;emprunt le paiement d&rsquo;un accompte \u00e0 travers leur agence de transfert de fonds pour un service de t\u00e9l\u00e9phonie via internet (VoIP) utilis\u00e9 par des personnes en contact avec les auteurs des attentats de Bombay, selon la Digos. <br \/>\u00a0\u00a0 <br \/>L&rsquo;enqu\u00eate ouverte en d\u00e9cembre dernier en Italie sur la base d&rsquo;informations du FBI et des autorit\u00e9s indiennes, est men\u00e9e par la Digos sous la houlette du parquet de Brescia et des services antiterroristes italiens en collaboration avec la police financi\u00e8re.<br \/>\u00a0\u00a0 <br \/>Un commando de dix hommes lourdement arm\u00e9s avait attaqu\u00e9 du 26 au 29 novembre 2008 diff\u00e9rents sites embl\u00e9matiques de la capitale \u00e9conomique, dont deux h\u00f4tels de luxe, faisant 166 morts et plus de 300 bless\u00e9s.<br \/>\u00a0\u00a0 <br \/>Un haut responsable indien, le chef de la police de l&rsquo;Etat du Maharashtra (nord-ouest) A.N Roy, a r\u00e9cemment estim\u00e9 que la capitale \u00e9conomique indienne restait une cible pour d&rsquo;\u00e9ventuels attentats terroristes.<br \/>\u00a0\u00a0 <br \/>Des am\u00e9liorations dans le domaine de la technologie sont n\u00e9cessaires pour contrer les extr\u00e9mistes de plus en plus professionnels et ma\u00eetrisant les derniers outils technologiques, a-t-il relev\u00e9.<br \/>\u00a0<\/p>\n<p>Source\u00a0<\/p>\n<p><a href=\"http:\/\/www.france24.com\/fr\/20091121-bombay-attentats-inde-italie-recel-pakistan-enquete-terrorisme\" title=\"www.france24.com\">France24.com <\/a><\/p>\n<!-- AddThis Advanced Settings generic via filter on the_content --><!-- AddThis Share Buttons generic via filter on the_content -->","protected":false},"excerpt":{"rendered":"<p>Accus\u00e9s d\u2019avoir envoy\u00e9 de l\u2019argent \u00e0 des personnes impliqu\u00e9esdans les attentats de Bombay, deux Pakistanais&#8230;<!-- AddThis Advanced Settings generic via filter on get_the_excerpt --><!-- AddThis Share Buttons generic via filter on get_the_excerpt --><\/p>\n","protected":false},"author":1,"featured_media":328,"comment_status":"open","ping_status":"open","sticky":false,"template":"","format":"standard","meta":[],"categories":[5],"tags":[],"_links":{"self":[{"href":"https:\/\/amagep.co.za\/fr\/wp-json\/wp\/v2\/posts\/329"}],"collection":[{"href":"https:\/\/amagep.co.za\/fr\/wp-json\/wp\/v2\/posts"}],"about":[{"href":"https:\/\/amagep.co.za\/fr\/wp-json\/wp\/v2\/types\/post"}],"author":[{"embeddable":true,"href":"https:\/\/amagep.co.za\/fr\/wp-json\/wp\/v2\/users\/1"}],"replies":[{"embeddable":true,"href":"https:\/\/amagep.co.za\/fr\/wp-json\/wp\/v2\/comments?post=329"}],"version-history":[{"count":0,"href":"https:\/\/amagep.co.za\/fr\/wp-json\/wp\/v2\/posts\/329\/revisions"}],"wp:featuredmedia":[{"embeddable":true,"href":"https:\/\/amagep.co.za\/fr\/wp-json\/wp\/v2\/media\/328"}],"wp:attachment":[{"href":"https:\/\/amagep.co.za\/fr\/wp-json\/wp\/v2\/media?parent=329"}],"wp:term":[{"taxonomy":"category","embeddable":true,"href":"https:\/\/amagep.co.za\/fr\/wp-json\/wp\/v2\/categories?post=329"},{"taxonomy":"post_tag","embeddable":true,"href":"https:\/\/amagep.co.za\/fr\/wp-json\/wp\/v2\/tags?post=329"}],"curies":[{"name":"wp","href":"https:\/\/api.w.org\/{rel}","templated":true}]}}