{"id":323,"date":"2009-11-11T17:11:38","date_gmt":"2009-11-11T17:11:38","guid":{"rendered":"https:\/\/amagep.co.za\/fr\/2009\/11\/11\/le-trophee-de-la-fifa-presente-au-parlement\/"},"modified":"2009-11-11T17:11:38","modified_gmt":"2009-11-11T17:11:38","slug":"le-trophee-de-la-fifa-presente-au-parlement","status":"publish","type":"post","link":"https:\/\/amagep.co.za\/fr\/le-trophee-de-la-fifa-presente-au-parlement\/","title":{"rendered":"Le troph\u00e9e de la FIFA pr\u00e9sent\u00e9 au parlement !"},"content":{"rendered":"<p><span><font size=\"3\"><font color=\"#000000\"><font face=\"Times New Roman\"><img loading=\"lazy\" class=\" size-full wp-image-322\" src=\"https:\/\/amagep.co.za\/fr\/wp-content\/uploads\/2009\/11\/fifa_cup.jpg\" border=\"0\" width=\"400\" height=\"242\" srcset=\"https:\/\/amagep.co.za\/fr\/wp-content\/uploads\/2009\/11\/fifa_cup.jpg 400w, https:\/\/amagep.co.za\/fr\/wp-content\/uploads\/2009\/11\/fifa_cup-300x182.jpg 300w\" sizes=\"(max-width: 400px) 100vw, 400px\" \/><\/font><\/font><\/font><\/span><span><font size=\"3\"><font color=\"#000000\"><font face=\"Times New Roman\">L&rsquo;honorable Evariste Boshab a repr\u00e9sent\u00e9 le chef de l\u2019\u00e9tat Joseph Kabila en d\u00e9placement en Afrique du Sud, dans la c\u00e9r\u00e9monie de pr\u00e9sentation<span>\u00a0 <\/span>du troph\u00e9e de la coupe du monde de la Fifa au parlement <\/font><\/font><\/font><\/span><span><font size=\"3\"><font color=\"#000000\"><font face=\"Times New Roman\"> <!--more--> de la RDC. Notez que cette pr\u00e9sentation entre dans le cadre de la tourn\u00e9e mondiale du troph\u00e9e de la FIFA dans les diff\u00e9rents pays du monde.<\/font><\/font><\/font><\/span><span><font face=\"Times New Roman\" size=\"3\" color=\"#000000\">\u00a0<\/font><\/span> <\/p>\n<p style=\"margin: 0in 0in 0pt\" class=\"MsoNormal\"><span><font size=\"3\"><font color=\"#000000\"><font face=\"Times New Roman\">Pour Evariste Boshab,<span>\u00a0 <\/span>la pr\u00e9sence du troph\u00e9e de la Fifa en RDC est une interpellation pour la nation congolaise qui<span>\u00a0 <\/span>redoubler d&rsquo;efforts pour accrocher au palmar\u00e8s congolais une deuxi\u00e8me participation en coupe du monde et ceci pourquoi pas en 2014.<\/font><\/font><\/font><\/span><\/p>\n<p style=\"margin: 0in 0in 0pt\" class=\"MsoNormal\"><span><font size=\"3\"><\/font><\/span><\/p>\n<p style=\"margin: 0in 0in 0pt\" class=\"MsoNormal\"><span><font size=\"3\"><\/font><\/span><\/p>\n<p style=\"margin: 0in 0in 0pt\" class=\"MsoNormal\"><span><font size=\"3\"><font color=\"#000000\"><font face=\"Times New Roman\">Source\u00a0<\/font><\/font><\/font><\/span><\/p>\n<p style=\"margin: 0in 0in 0pt\" class=\"MsoNormal\"><span><font size=\"3\"><\/font><\/span><\/p>\n<p><span><font size=\"3\"><font color=\"#000000\"><font face=\"Times New Roman\">Leopardsfoot.com\u00a0<\/font><\/font><\/font><\/span><span><font face=\"Times New Roman\" size=\"3\" color=\"#000000\">\u00a0<\/font><\/span><\/p>\n<!-- AddThis Advanced Settings generic via filter on the_content --><!-- AddThis Share Buttons generic via filter on the_content -->","protected":false},"excerpt":{"rendered":"<p>L&rsquo;honorable Evariste Boshab a repr\u00e9sent\u00e9 le chef de l\u2019\u00e9tat Joseph Kabila en d\u00e9placement en Afrique&#8230;<!-- AddThis Advanced Settings generic via filter on get_the_excerpt --><!-- AddThis Share Buttons generic via filter on get_the_excerpt --><\/p>\n","protected":false},"author":1,"featured_media":322,"comment_status":"open","ping_status":"open","sticky":false,"template":"","format":"standard","meta":[],"categories":[7],"tags":[],"_links":{"self":[{"href":"https:\/\/amagep.co.za\/fr\/wp-json\/wp\/v2\/posts\/323"}],"collection":[{"href":"https:\/\/amagep.co.za\/fr\/wp-json\/wp\/v2\/posts"}],"about":[{"href":"https:\/\/amagep.co.za\/fr\/wp-json\/wp\/v2\/types\/post"}],"author":[{"embeddable":true,"href":"https:\/\/amagep.co.za\/fr\/wp-json\/wp\/v2\/users\/1"}],"replies":[{"embeddable":true,"href":"https:\/\/amagep.co.za\/fr\/wp-json\/wp\/v2\/comments?post=323"}],"version-history":[{"count":0,"href":"https:\/\/amagep.co.za\/fr\/wp-json\/wp\/v2\/posts\/323\/revisions"}],"wp:featuredmedia":[{"embeddable":true,"href":"https:\/\/amagep.co.za\/fr\/wp-json\/wp\/v2\/media\/322"}],"wp:attachment":[{"href":"https:\/\/amagep.co.za\/fr\/wp-json\/wp\/v2\/media?parent=323"}],"wp:term":[{"taxonomy":"category","embeddable":true,"href":"https:\/\/amagep.co.za\/fr\/wp-json\/wp\/v2\/categories?post=323"},{"taxonomy":"post_tag","embeddable":true,"href":"https:\/\/amagep.co.za\/fr\/wp-json\/wp\/v2\/tags?post=323"}],"curies":[{"name":"wp","href":"https:\/\/api.w.org\/{rel}","templated":true}]}}