{"id":319,"date":"2009-11-03T16:36:44","date_gmt":"2009-11-03T16:36:44","guid":{"rendered":"https:\/\/amagep.co.za\/fr\/2009\/11\/03\/elo-fiance-ya-maloba-l-zaiko-devrait-etre-en-tournee-en-afrique-du-sud-en-fevrier-2010-r\/"},"modified":"2009-11-03T16:36:44","modified_gmt":"2009-11-03T16:36:44","slug":"elo-fiance-ya-maloba-l-zaiko-devrait-etre-en-tournee-en-afrique-du-sud-en-fevrier-2010-r","status":"publish","type":"post","link":"https:\/\/amagep.co.za\/fr\/elo-fiance-ya-maloba-l-zaiko-devrait-etre-en-tournee-en-afrique-du-sud-en-fevrier-2010-r\/","title":{"rendered":"Elo \u2018Fianc\u00e9 ya maloba\u2019 : \u00ab Za\u00efko devrait \u00eatre en tourn\u00e9e en Afrique du Sud en f\u00e9vrier 2010 \u00bb"},"content":{"rendered":"<p>\u00a0<img loading=\"lazy\" class=\" size-full wp-image-318\" src=\"https:\/\/amagep.co.za\/fr\/wp-content\/uploads\/2009\/11\/photo_elo600-2.jpg\" border=\"0\" width=\"500\" height=\"427\" srcset=\"https:\/\/amagep.co.za\/fr\/wp-content\/uploads\/2009\/11\/photo_elo600-2.jpg 600w, https:\/\/amagep.co.za\/fr\/wp-content\/uploads\/2009\/11\/photo_elo600-2-300x256.jpg 300w\" sizes=\"(max-width: 500px) 100vw, 500px\" \/><\/p>\n<p>Teddy Sukami et Za\u00efko l\u2019ont immortalis\u00e9 dans \u00ab Elo \u00bb un tube \u00e9ternel, et l\u2019int\u00e9ress\u00e9 le leur a toujours bien rendu. Outre la fid\u00e9lit\u00e9 \u00e0 la m\u00e9moire du feu Teddy Sukami, Freddy Elongama a Za\u00efko chevill\u00e9 au c\u0153ur au point d\u2019envisager une tourn\u00e9e de cet orchestre en Afrique du Sud o\u00f9 cet ing\u00e9nieur chimiste est install\u00e9 pour des raisons professionnelles. C\u2019est ce que nous a r\u00e9v\u00e9l\u00e9 Elo dans une br\u00e8ve interview qu\u2019il a accord\u00e9e \u00e0 AEM<\/p>\n<p> <!--more--> <\/p>\n<p>AFRIQU\u2019\u00c9CHOS MAGAZINE (AEM) : Freddy Elonga, vous revenez de Kinshasa pour la deuxi\u00e8me fois depuis les concerts qui ont suivi le retour de Nyoka Longo\u2026<\/p>\n<p>FREDDY ELONGA (F. ELO):Je reviens de Kinshasa o\u00f9 je vais souvent dans le cadre de mon travail. C\u2019est pratiquement chaque mois que je suis \u00e0 Kinshasa et bien s\u00fbr cela me donne l\u2019occasion de suivre l\u2019\u00e9volution de Zaiko<\/p>\n<p>AEM : Vous avez certainement rencontr\u00e9 Nyoka Longo, avez-vous abord\u00e9 avec lui la tourn\u00e9e de Za\u00efko en Afrique du Sud o\u00f9 ce groupe serait tr\u00e8s demand\u00e9 ?<\/p>\n<p>F. ELO :\u00c0 chaque fois je ne manque pas de rencontrer le Pr\u00e9sident Nyoka Longo et de jouer avec l\u2019orchestre quand l\u2019occasion se pr\u00e9sente. Nous discutons bien entendu de l\u2019\u00e9ventualit\u00e9 d\u2019une tourn\u00e9e du groupe en RSA.<\/p>\n<p>AEM : Avez-vous d\u00e9j\u00e0 une id\u00e9e sur la date ou la p\u00e9riode de l\u2019organisation de cette tourn\u00e9e ?<\/p>\n<p>F. ELO : Nous pensons que le mois de f\u00e9vrier 2010 serait favorable. Nous voulons, en effet, prendre en compte le Mondial 2010 et int\u00e9resser ainsi doublement les \u00e9ventuels sponsors.<\/p>\n<p>AEM : Qu\u2019est-ce qui a d\u00e9j\u00e0 \u00e9t\u00e9 fait et qu\u2019est-ce qui va se faire concr\u00e8tement dans les jours qui viennent ?<\/p>\n<p>F. ELO : Nous tentons de r\u00e9unir le plus de sponsors possible tant en RDC qu\u2019en RSA. Le pr\u00e9sident Nyoka doit venir en RSA vers le 20 Novembre et avec lui nous ferons une \u00e9valuation sur le terrain avant de confirmer les dates pour la tourn\u00e9e.<\/p>\n<p>AEM : Vos impressions sur le travail r\u00e9alis\u00e9 depuis le retour de Nyoka Longo \u00e0 Kinshasa .<\/p>\n<p>F. ELO : Nyoka Longa et Zaiko ont beaucoup travaill\u00e9 pour revenir dans le haut de la sc\u00e8ne de la musique congolaise. Zaiko est en forte demande et les m\u00e9lomanes se comptent autant parmi les jeunes que les vieux que nous sommes. C\u2019est ce qui fait la force de Zaiko Nkolo Mboka.|Afriqu\u2019\u00c9chos Magazine (AEM), Jo\u2019burg, RSA<br \/>\u00a0<br \/>Source<\/p>\n<p><a href=\"http:\/\/www.afriquechos.ch\/spip.php?article4359\" title=\"www.afriquechos.ch\">Afriquechos.ch\u00a0<\/a><\/p>\n<!-- AddThis Advanced Settings generic via filter on the_content --><!-- AddThis Share Buttons generic via filter on the_content -->","protected":false},"excerpt":{"rendered":"<p>\u00a0 Teddy Sukami et Za\u00efko l\u2019ont immortalis\u00e9 dans \u00ab Elo \u00bb un tube \u00e9ternel, et&#8230;<!-- AddThis Advanced Settings generic via filter on get_the_excerpt --><!-- AddThis Share Buttons generic via filter on get_the_excerpt --><\/p>\n","protected":false},"author":1,"featured_media":318,"comment_status":"open","ping_status":"open","sticky":false,"template":"","format":"standard","meta":[],"categories":[5],"tags":[],"_links":{"self":[{"href":"https:\/\/amagep.co.za\/fr\/wp-json\/wp\/v2\/posts\/319"}],"collection":[{"href":"https:\/\/amagep.co.za\/fr\/wp-json\/wp\/v2\/posts"}],"about":[{"href":"https:\/\/amagep.co.za\/fr\/wp-json\/wp\/v2\/types\/post"}],"author":[{"embeddable":true,"href":"https:\/\/amagep.co.za\/fr\/wp-json\/wp\/v2\/users\/1"}],"replies":[{"embeddable":true,"href":"https:\/\/amagep.co.za\/fr\/wp-json\/wp\/v2\/comments?post=319"}],"version-history":[{"count":0,"href":"https:\/\/amagep.co.za\/fr\/wp-json\/wp\/v2\/posts\/319\/revisions"}],"wp:featuredmedia":[{"embeddable":true,"href":"https:\/\/amagep.co.za\/fr\/wp-json\/wp\/v2\/media\/318"}],"wp:attachment":[{"href":"https:\/\/amagep.co.za\/fr\/wp-json\/wp\/v2\/media?parent=319"}],"wp:term":[{"taxonomy":"category","embeddable":true,"href":"https:\/\/amagep.co.za\/fr\/wp-json\/wp\/v2\/categories?post=319"},{"taxonomy":"post_tag","embeddable":true,"href":"https:\/\/amagep.co.za\/fr\/wp-json\/wp\/v2\/tags?post=319"}],"curies":[{"name":"wp","href":"https:\/\/api.w.org\/{rel}","templated":true}]}}