{"id":311,"date":"2009-10-15T16:58:34","date_gmt":"2009-10-15T16:58:34","guid":{"rendered":"https:\/\/amagep.co.za\/fr\/2009\/10\/15\/aimelia-lias-demingongo-sa-belle-voix-lui-ouvre-des-portes-en-afrique-du-sud\/"},"modified":"2009-10-15T16:58:34","modified_gmt":"2009-10-15T16:58:34","slug":"aimelia-lias-demingongo-sa-belle-voix-lui-ouvre-des-portes-en-afrique-du-sud","status":"publish","type":"post","link":"https:\/\/amagep.co.za\/fr\/aimelia-lias-demingongo-sa-belle-voix-lui-ouvre-des-portes-en-afrique-du-sud\/","title":{"rendered":"Aimelia Lias Demingongo : sa belle voix lui ouvre des portes en Afrique du Sud"},"content":{"rendered":"<p><!--  \/* Font Definitions *\/  @font-face \t{font-family:\"Cambria Math\"; \tpanose-1:2 4 5 3 5 4 6 3 2 4; \tmso-font-charset:0; \tmso-generic-font-family:roman; \tmso-font-pitch:variable; \tmso-font-signature:-1610611985 1107304683 0 0 159 0;} @font-face \t{font-family:\"Liberation Serif\"; \tmso-font-alt:\"Times New Roman\"; \tmso-font-charset:0; \tmso-generic-font-family:roman; \tmso-font-pitch:variable; \tmso-font-signature:0 0 0 0 0 0;} @font-face \t{font-family:\"DejaVu Sans\"; \tmso-font-alt:\"Times New Roman\"; \tmso-font-charset:0; \tmso-generic-font-family:auto; \tmso-font-pitch:variable; \tmso-font-signature:0 0 0 0 0 0;}  \/* Style Definitions *\/  p.MsoNormal, li.MsoNormal, div.MsoNormal \t{mso-style-unhide:no; \tmso-style-qformat:yes; \tmso-style-parent:\"\"; \tmargin:0in; \tmargin-bottom:.0001pt; \tmso-pagination:none; \tmso-hyphenate:none; \tfont-size:12.0pt; \tfont-family:\"Liberation Serif\",\"serif\"; \tmso-fareast-font-family:\"DejaVu Sans\"; \tmso-bidi-font-family:\"Times New Roman\"; \tmso-font-kerning:.5pt; \tmso-ansi-language:EN-ZA; \tmso-fareast-language:#00FF;} .MsoChpDefault \t{mso-style-type:export-only; \tmso-default-props:yes; \tfont-size:10.0pt; \tmso-ansi-font-size:10.0pt; \tmso-bidi-font-size:10.0pt;} @page Section1 \t{size:8.5in 11.0in; \tmargin:1.0in 1.0in 1.0in 1.0in; \tmso-header-margin:.5in; \tmso-footer-margin:.5in; \tmso-paper-source:0;} div.Section1 \t{page:Section1;} --><\/p>\n<p class=\"MsoNormal\"><img loading=\"lazy\" class=\" size-full wp-image-310\" src=\"https:\/\/amagep.co.za\/fr\/wp-content\/uploads\/2009\/10\/amlia_600.jpg\" border=\"0\" width=\"444\" height=\"289\" \/><\/p>\n<p class=\"MsoNormal\"><span>En s\u00e9jour en Afrique du sud, le chanteur Aimelia Lias vient d\u2019y d\u00e9crocher quelques contrats int\u00e9ressants avec NB Music Records, une maison sud-africaine bas\u00e9e \u00e0 Durban et qui a pignon sur rue dans ce pays. Outre l\u2019ach\u00e8vement des clips de son album \u00ab Race des Vainqueurs \u00bb,<\/span><\/p>\n<p> <!--more--> <\/p>\n<p class=\"MsoNormal\">le contrat pr\u00e9voirait sa participation au \u00ab Festival 2010 \u00bb ainsi qu\u2019\u00e0 la c\u00e9r\u00e9monie d\u2019ouverture de la Coupe du monde 2010 de football programm\u00e9e en Afrique du sud. Un autre accord entre le chanteur et la maison de production concerne la r\u00e9alisation d\u2019un maxi single avec la diva blanche sud-africaine JAE, chanteuse au palmar\u00e8s \u00e9loquent : un disque de platine, trois disques d\u2019or et laur\u00e9ate du South Africa Award Music (SAM). La Maison de Production N B Music Records va par ailleurs assurer la distribution de l\u2019album \u00ab Race des Vainqueurs \u00bb en Afrique du sud.<\/p>\n<p class=\"MsoNormal\">Le d\u00e9but du tournage des clips est annonc\u00e9 pour le mois de novembre prochain, tandis que l\u2019enregistrement du maxi single est pr\u00e9vu en d\u00e9cembre avec comme guest (invit\u00e9e) la violoniste sud-africaine d\u2019origine chinoise IN-CH tr\u00e8s connue au pays de Mandela et dans la r\u00e9gion.<\/p>\n<p class=\"MsoNormal\">Le savoir-faire d\u2019Aimelia, mais aussi et surtout sa voix haut perch\u00e9e ne cessent d\u2019\u00e9merveiller et de s\u00e9duire le public, notamment en Afrique du Sud o\u00f9 de plus en plus d\u2019artistes locaux (blancs) s\u2019int\u00e9ressent \u00e0 lui. Fort de cette reconnaissance, le chanteur, qui a \u00e9t\u00e9 re\u00e7u \u00e0 au moins quatre fois sur les plateaux de grandes cha\u00eenes de t\u00e9l\u00e9vision de la place en l\u2019occurrence ABC 2, SABC AFRICA et SABC 3, esp\u00e8re entrer de plain-pied dans le circuit de la world music.<\/p>\n<p class=\"MsoNormal\">Ce tournant de sa carri\u00e8re rappelle \u00e0 l\u2019artiste un souvenir d\u2019enfance : \u00e0 l\u2019\u00e2ge de 9 ans, alors qu\u2019il accompagnait sa m\u00e8re, vendeuse au march\u00e9 central de Kinshasa, un inconnu avait d\u00e9clar\u00e9 \u00e0 cette derni\u00e8re que son fils deviendrait c\u00e9l\u00e8bre \u00e0 travers le monde. Ce qui d\u2019ailleurs fait dire \u00e0 Aimelia que ce qui est en train de lui arriver est simplement \u00ab la confirmation et le d\u00e9but de l\u2019accomplissement de cette proph\u00e9tie.<\/p>\n<p class=\"MsoNormal\">Source <\/p>\n<p class=\"MsoNormal\"><a href=\"http:\/\/www.afriquechos.ch\/spip.php?article4334\" title=\"www.afriquechos.ch\">Afriquechos.ch <\/a><\/p>\n<!-- AddThis Advanced Settings generic via filter on the_content --><!-- AddThis Share Buttons generic via filter on the_content -->","protected":false},"excerpt":{"rendered":"<p>En s\u00e9jour en Afrique du sud, le chanteur Aimelia Lias vient d\u2019y d\u00e9crocher quelques contrats&#8230;<!-- AddThis Advanced Settings generic via filter on get_the_excerpt --><!-- AddThis Share Buttons generic via filter on get_the_excerpt --><\/p>\n","protected":false},"author":1,"featured_media":310,"comment_status":"open","ping_status":"open","sticky":false,"template":"","format":"standard","meta":[],"categories":[5],"tags":[],"_links":{"self":[{"href":"https:\/\/amagep.co.za\/fr\/wp-json\/wp\/v2\/posts\/311"}],"collection":[{"href":"https:\/\/amagep.co.za\/fr\/wp-json\/wp\/v2\/posts"}],"about":[{"href":"https:\/\/amagep.co.za\/fr\/wp-json\/wp\/v2\/types\/post"}],"author":[{"embeddable":true,"href":"https:\/\/amagep.co.za\/fr\/wp-json\/wp\/v2\/users\/1"}],"replies":[{"embeddable":true,"href":"https:\/\/amagep.co.za\/fr\/wp-json\/wp\/v2\/comments?post=311"}],"version-history":[{"count":0,"href":"https:\/\/amagep.co.za\/fr\/wp-json\/wp\/v2\/posts\/311\/revisions"}],"wp:featuredmedia":[{"embeddable":true,"href":"https:\/\/amagep.co.za\/fr\/wp-json\/wp\/v2\/media\/310"}],"wp:attachment":[{"href":"https:\/\/amagep.co.za\/fr\/wp-json\/wp\/v2\/media?parent=311"}],"wp:term":[{"taxonomy":"category","embeddable":true,"href":"https:\/\/amagep.co.za\/fr\/wp-json\/wp\/v2\/categories?post=311"},{"taxonomy":"post_tag","embeddable":true,"href":"https:\/\/amagep.co.za\/fr\/wp-json\/wp\/v2\/tags?post=311"}],"curies":[{"name":"wp","href":"https:\/\/api.w.org\/{rel}","templated":true}]}}