{"id":309,"date":"2009-10-15T10:52:58","date_gmt":"2009-10-15T10:52:58","guid":{"rendered":"https:\/\/amagep.co.za\/fr\/2009\/10\/15\/la-totale-bascule-daimelia-lias-en-seconde-tournee-en-rsa\/"},"modified":"2009-10-15T10:52:58","modified_gmt":"2009-10-15T10:52:58","slug":"la-totale-bascule-daimelia-lias-en-seconde-tournee-en-rsa","status":"publish","type":"post","link":"https:\/\/amagep.co.za\/fr\/la-totale-bascule-daimelia-lias-en-seconde-tournee-en-rsa\/","title":{"rendered":"La Totale Bascule d&rsquo;Aimelia Lias en Seconde Tourn\u00e9e en RSA"},"content":{"rendered":"<p style=\"margin: 0in 0in 0pt\" class=\"MsoNormal\"><img loading=\"lazy\" class=\" size-full wp-image-308\" src=\"https:\/\/amagep.co.za\/fr\/wp-content\/uploads\/2009\/10\/amlia_afr2.jpg\" border=\"0\" width=\"311\" height=\"407\" srcset=\"https:\/\/amagep.co.za\/fr\/wp-content\/uploads\/2009\/10\/amlia_afr2.jpg 311w, https:\/\/amagep.co.za\/fr\/wp-content\/uploads\/2009\/10\/amlia_afr2-229x300.jpg 229w\" sizes=\"(max-width: 311px) 100vw, 311px\" \/><\/p>\n<p style=\"margin: 0in 0in 0pt\" class=\"MsoNormal\"><span style=\"font-size: 10pt; color: black; font-family: 'Courier New'\">Voici comment l&rsquo;Artiste Musicien Aimelia Lias a essay\u00e9 de nous relater sa deuxi\u00e8me tourn\u00e9e en RSA:  <!--more--> <\/span><\/p>\n<p><span style=\"font-size: 10pt; color: black; font-family: 'Courier New'\">\u00ab\u00a0Je suis trop ravi de constater que j&rsquo;ai accompli mon voeux de cette deuxi\u00e8me tourn\u00e9e en Afrique du Sud parce que Dieu m&rsquo;a assist\u00e9 dans toutes mes prestations sc\u00e9niques lors de mes Concerts tels que dans la ville de Cape Town, Durban et Sandton.<\/span><\/p>\n<p><span style=\"font-size: 10pt; color: black; font-family: 'Courier New'\">J&rsquo;avais ce Souci Primordial de \u00ab\u00a0Satisfaire proprement les Amoureux de la Bonne Musique, Maintenir la Valeur, Esprit et Rythme de Wenge Musica BCBG 4&#215;4 Tout Terrain\u00a0\u00bb; et j&rsquo;en suis fortement convaincu qu&rsquo;ils ont \u00e9t\u00e9 ravi.<\/span><\/p>\n<p><span style=\"font-size: 10pt; color: black; font-family: 'Courier New'\">Aussi j&rsquo;ai pens\u00e9 \u00e0 p\u00e9n\u00e9trer la World Music, car Michael Jackson l&rsquo;a fait pendant sa Carri\u00e8re et il en fut le P\u00e8re;<\/span><span style=\"font-size: 10pt; color: black; font-family: 'Courier New'\">Ce qui veut dire que tous pouvons aussi le faire aujourd&rsquo;hui surtout que nous vivons l&rsquo;\u00e9poque de la Globalisation comme nos Ain\u00e9s Seigneur Tabuley Rocheraud et le Grand Kalle qui, sont C\u00e9l\u00e8bres jusqu&rsquo;\u00e0 pr\u00e9sent au Cuba.<\/span><\/p>\n<p><span style=\"font-size: 10pt; color: black; font-family: 'Courier New'\">Personnellement je pense que c&rsquo;est une Richesse pour notre Musique Congolaise&#8230;<\/span><span style=\"font-size: 10pt; color: black; font-family: 'Courier New'\">\u00a0<\/span><span style=\"font-size: 10pt; color: black; font-family: 'Courier New'\">Le Concert de Cape Town fut compl\u00e8tement r\u00e9ussi gr\u00e2ce \u00e0 mes nombreux Fans et cette Grande Equipe de M\u00e9dia qui a pu \u00eatre pr\u00e9sente sur le lieu.<\/span><\/p>\n<p><span style=\"font-size: 10pt; color: black; font-family: 'Courier New'\">Il a d\u00e9but\u00e9 \u00e0 20h00 pour finir vers minuit suite au d\u00e9sordre cr\u00e9e par certaines personnes assumant la s\u00e9curit\u00e9, c&rsquo;est pourquoi la Police a d\u00fb intervenir et a jug\u00e9 bon d&rsquo;arr\u00eater le Show. <\/span><\/p>\n<p><span style=\"font-size: 10pt; color: black; font-family: 'Courier New'\">Bien qu&rsquo;interrompu,l&rsquo;ambiance \u00e9tait parfaite.<\/span><span style=\"font-size: 10pt; color: black; font-family: 'Courier New'\">\u00a0<\/span><span style=\"font-size: 10pt; color: black; font-family: 'Courier New'\">Et celui de Durban, simplement je dirai: \u00ab\u00a0No Comments\u00a0\u00bb&#8230;<\/span><span style=\"font-size: 10pt; color: black; font-family: 'Courier New'\">Tony Masudi que l&rsquo;Artiste Aimelia Lias respecte beaucoup dans son domaine de Production a d\u00fb bien organiser l&rsquo;\u00e9v\u00e8nement \u00e0 tel point que lui-m\u00eame la Vedette et tous les autres musiciens soient parfaitement respect\u00e9s par tous.<\/span><span style=\"font-size: 10pt; color: black; font-family: 'Courier New'\">\u00a0<\/span><span style=\"font-size: 10pt; color: black; font-family: 'Courier New'\">Aimelia Lias de Mingongo ajoute ceci:<\/span><span style=\"font-size: 10pt; color: black; font-family: 'Courier New'\">\u00ab\u00a0Depuis que je suis en Afrique du Sud, je n&rsquo;ai pu rencontrer un Producteur comme Tony Masudi.<\/span><\/p>\n<p><span style=\"font-size: 10pt; color: black; font-family: 'Courier New'\">C&rsquo;\u00e9tait mon Concert le plus bien Organis\u00e9 et le Meilleur; la Classe et la Diff\u00e9rence!<\/span><span style=\"font-size: 10pt; color: black; font-family: 'Courier New'\">Je veux dire avec plus de 1500 personnes au rendez-vous\u00a0\u00bb! C&rsquo;\u00e9tait Top!!!<\/span><span style=\"font-size: 10pt; color: black; font-family: 'Courier New'\">\u00a0<\/span><span style=\"font-size: 10pt; color: black; font-family: 'Courier New'\">Le Concert de Jo&rsquo;burg m&rsquo;a totalement d\u00e9\u00e7u!<\/span><span style=\"font-size: 10pt; color: black; font-family: 'Courier New'\">C&rsquo;\u00e9tait le plus mauvais, tr\u00e8s mal organis\u00e9 simplement parce que la relation entre le Producteur et moi n&rsquo;\u00e9tait plus en bon terme.<\/span><span style=\"font-size: 10pt; color: black; font-family: 'Courier New'\">Nous avions appris d&rsquo;apr\u00e8s nombreuses sources que certaines personnes mal intentionn\u00e9es l&rsquo;appelaient \u00e0 partir de Kinshasa pour saboter mon Contrat de Concert et me ridiculiser; mais h\u00e9las! Dieu les a tous neutralis\u00e9.<\/span><\/p>\n<p><span style=\"font-size: 10pt; color: black; font-family: 'Courier New'\">N&rsquo;eut \u00e9t\u00e9 l&rsquo;Intervention du Pr\u00e9sident Mike Bombito que je respecte beaucoup par rapport \u00e0 son soutien \u00e0 mon \u00e9gard, Alain Matundu Amagep et la Femme du Producteur, le Concert ne serait pas r\u00e9alis\u00e9 parce que mon Administration avait d\u00e9j\u00e0 d\u00e9clar\u00e9 d&rsquo;annuler le Show.<\/span><\/p>\n<p><span style=\"font-size: 10pt; color: black; font-family: 'Courier New'\">Au faite, je ne me suis rencontr\u00e9 avec le producteur que le m\u00eame jour vers 16h25 gr\u00e2ce \u00e0 ces personnes que je venais de citer&#8230;<\/span><span style=\"font-size: 10pt; color: black; font-family: 'Courier New'\">\u00a0<\/span><\/p>\n<p><span style=\"font-size: 10pt; color: black; font-family: 'Courier New'\">Et pendant le d\u00e9roulement du Show, j&rsquo;ai pu remarquer une fois de plus la mauvaise organisation dans tous les Aspects et surtout que je n&rsquo;\u00e9tais pas en s\u00e9curit\u00e9, j&rsquo;ai simplement du arr\u00eater ma prestation.<\/span><span style=\"font-size: 10pt; color: black; font-family: 'Courier New'\">\u00a0<\/span><\/p>\n<p><span style=\"font-size: 10pt; color: black; font-family: 'Courier New'\">Le Dimanche 04 Octobre 2009 c&rsquo;\u00e9tait chaud \u00e0 Sandton! l&rsquo;Ev\u00e8nement \u00e9tait<\/span><span style=\"font-size: 10pt; color: black; font-family: 'Courier New'\">Super Classe.<\/span><span style=\"font-size: 10pt; color: black; font-family: 'Courier New'\">Simplement je dirai \u00ab\u00a0Merci \u00e0 tous ceux qui sont venus me soutenir.<\/span><span style=\"font-size: 10pt; color: black; font-family: 'Courier New'\">\u00a0<\/span><\/p>\n<p><span style=\"font-size: 10pt; color: black; font-family: 'Courier New'\">Merci Infiniment au Pr\u00e9sident Mike Bombito du Village Kin Malebo, Doudou Manono, Ali Bokuma, Willy Falanga et \u00e0 tout le Staff de la R\u00e9f\u00e9rence New Look, Touckson Teolo, Alain Ifomi,Info CAPA, Gaspard Beyoko,Danny Image et tous les autres&#8230;<\/span><span style=\"font-size: 10pt; color: black; font-family: 'Courier New'\">\u00a0<\/span><span style=\"font-size: 10pt; color: black; font-family: 'Courier New'\">Que Dieu vous b\u00e9nisse tous!<\/span><\/p>\n<p><span style=\"font-size: 10pt; color: black; font-family: 'Courier New'\">article est sponsoris\u00e9<\/span><\/p>\n<p><span style=\"font-size: 10pt; color: black; font-family: 'Courier New'\">par SERGE RAWSON PROPERTIES<\/span><\/p>\n<!-- AddThis Advanced Settings generic via filter on the_content --><!-- AddThis Share Buttons generic via filter on the_content -->","protected":false},"excerpt":{"rendered":"<p>Voici comment l&rsquo;Artiste Musicien Aimelia Lias a essay\u00e9 de nous relater sa deuxi\u00e8me tourn\u00e9e en&#8230;<!-- AddThis Advanced Settings generic via filter on get_the_excerpt --><!-- AddThis Share Buttons generic via filter on get_the_excerpt --><\/p>\n","protected":false},"author":1,"featured_media":308,"comment_status":"open","ping_status":"open","sticky":false,"template":"","format":"standard","meta":[],"categories":[8],"tags":[],"_links":{"self":[{"href":"https:\/\/amagep.co.za\/fr\/wp-json\/wp\/v2\/posts\/309"}],"collection":[{"href":"https:\/\/amagep.co.za\/fr\/wp-json\/wp\/v2\/posts"}],"about":[{"href":"https:\/\/amagep.co.za\/fr\/wp-json\/wp\/v2\/types\/post"}],"author":[{"embeddable":true,"href":"https:\/\/amagep.co.za\/fr\/wp-json\/wp\/v2\/users\/1"}],"replies":[{"embeddable":true,"href":"https:\/\/amagep.co.za\/fr\/wp-json\/wp\/v2\/comments?post=309"}],"version-history":[{"count":0,"href":"https:\/\/amagep.co.za\/fr\/wp-json\/wp\/v2\/posts\/309\/revisions"}],"wp:featuredmedia":[{"embeddable":true,"href":"https:\/\/amagep.co.za\/fr\/wp-json\/wp\/v2\/media\/308"}],"wp:attachment":[{"href":"https:\/\/amagep.co.za\/fr\/wp-json\/wp\/v2\/media?parent=309"}],"wp:term":[{"taxonomy":"category","embeddable":true,"href":"https:\/\/amagep.co.za\/fr\/wp-json\/wp\/v2\/categories?post=309"},{"taxonomy":"post_tag","embeddable":true,"href":"https:\/\/amagep.co.za\/fr\/wp-json\/wp\/v2\/tags?post=309"}],"curies":[{"name":"wp","href":"https:\/\/api.w.org\/{rel}","templated":true}]}}