{"id":307,"date":"2009-10-09T12:53:56","date_gmt":"2009-10-09T12:53:56","guid":{"rendered":"https:\/\/amagep.co.za\/fr\/2009\/10\/09\/conference-de-presse-de-blanco-du-pouvoir\/"},"modified":"2009-10-09T12:53:56","modified_gmt":"2009-10-09T12:53:56","slug":"conference-de-presse-de-blanco-du-pouvoir","status":"publish","type":"post","link":"https:\/\/amagep.co.za\/fr\/conference-de-presse-de-blanco-du-pouvoir\/","title":{"rendered":"Conf\u00e9rence de Presse de Blanco du Pouvoir"},"content":{"rendered":"<p><img loading=\"lazy\" class=\" size-full wp-image-306\" src=\"https:\/\/amagep.co.za\/fr\/wp-content\/uploads\/2009\/10\/blanco.jpg\" border=\"0\" width=\"394\" height=\"353\" srcset=\"https:\/\/amagep.co.za\/fr\/wp-content\/uploads\/2009\/10\/blanco.jpg 394w, https:\/\/amagep.co.za\/fr\/wp-content\/uploads\/2009\/10\/blanco-300x269.jpg 300w\" sizes=\"(max-width: 394px) 100vw, 394px\" \/> <\/p>\n<p class=\"MsoNormal\"><span>Blanco du Pouvoir, du vrai nom Blanchard, fut baptis\u00e9 par son Ma\u00eetre Nino Malopelorsqu&rsquo;il jouait dans l\u2019Orchestre Bantou de la Capitale\u00e0 Brazza.<\/span><\/p>\n<p> <!--more--> <\/p>\n<p class=\"MsoNormal\"><span>Il a lutt\u00e9 pour d\u00e9velopper sa Musique et son parcours <\/span><\/p>\n<p class=\"MsoNormal\"><span>dans toutes les deux Capitales les plus Rapproch\u00e9es du Monde, Kinshasa et BrazzaVille.<\/span><\/p>\n<p class=\"MsoNormal\"><span>Jusque-la il a d\u00e9j\u00e0 pu r\u00e9aliser un album et a eu la chance de chanter avec certains Grands Artistes de Renomm\u00e9e Internationale.<\/span><\/p>\n<p class=\"MsoNormal\"><span>Le voici cette fois-ci en Solo avec \u00ab\u00a0Points de Rep\u00e8re\u00a0\u00bb.<br \/>Voici pour vous Blanco du Pouvoir r\u00e9pondant \u00e0 nos Questions:<\/span><\/p>\n<p class=\"MsoNormal\"><span>Tr\u00e8s pos\u00e9, dov\u00e9, souriant et Intelligent Blanco du Pouvoir ne cesse de parler de ses idoles <\/span><\/p>\n<p class=\"MsoNormal\"><span>tels que Pepe Kalle, G\u00e9n\u00e9ral D\u00e9fao.<\/span><\/p>\n<p class=\"MsoNormal\"><span>Aussi il nous a expliqu\u00e9 en long le contenu de son Album \u00ab\u00a0Point de Rep\u00e8re\u00a0\u00bb qui<\/span><\/p>\n<p class=\"MsoNormal\"><span>bient\u00f4t sera sur le March\u00e9 de Disquaire sous la production de Jacques Tshani (Roboth Production)<\/span><\/p>\n<p class=\"MsoNormal\"><span>La dite Conf\u00e9rence s&rsquo;est bien pass\u00e9e , l\u2019Artiste a \u00e9t\u00e9 fortement \u00e9mu des Efforts <\/span><\/p>\n<p class=\"MsoNormal\"><span>et la Solidarit\u00e9 de nos Amis de la Presse envers son egard en disant ceci:<\/span><\/p>\n<p class=\"MsoNormal\"><span>\u00ab\u00a0Je remercie tous les Journalistes,Animateurs-Pr\u00e9sentateurs<span>\u00a0 <\/span>et Amis d\u2019\u00eatre venus <\/span><\/p>\n<p class=\"MsoNormal\"><span>massivement<span>\u00a0 <\/span>\u00e0 cette Conf\u00e9rence. <\/span><\/p>\n<p class=\"MsoNormal\"><span>J&rsquo;ai senti l&rsquo;Amour et l&rsquo;Estimation et je vous serai<span>\u00a0 <\/span>infiniment Reconnaissant\u00a0\u00bb<\/span><\/p>\n<p class=\"MsoNormal\"><span>Il n\u2019a pas oubli\u00e9 de remercier les Congolais de Kinshasa et de Brazzaville de<\/span><\/p>\n<p class=\"MsoNormal\"><span>l\u2019avoir soutenu moralement, physiquement et mat\u00e9riellement. <\/span><\/p>\n<p class=\"MsoNormal\"><span>Nous avons enregistr\u00e9 une participation de plusieurs Ouvriers de M\u00e9dia.<\/span><\/p>\n<p class=\"MsoNormal\">&nbsp;<\/p>\n<p class=\"MsoNormal\"><span>Bonne Chance \u00e0 l&rsquo;Artiste Blanco du Pouvoir!<\/span><\/p>\n<p class=\"MsoNormal\">&nbsp;<\/p>\n<p class=\"MsoNormal\">pour en savoir plus clicket sur ce lien\u00a0<\/p>\n<p class=\"MsoNormal\"><a href=\"http:\/\/www.youtube.com\/watch?v=fc8qxyN-fSU\" title=\"www.youtube.com\">Youtube.com\u00a0<\/a><\/p>\n<p class=\"MsoNormal\"><span>L&rsquo; article est Sponsoris\u00e9 <\/span><\/p>\n<p class=\"MsoNormal\"><span>par SERGE RAWSON PROPERTIES<\/span><\/p>\n<!-- AddThis Advanced Settings generic via filter on the_content --><!-- AddThis Share Buttons generic via filter on the_content -->","protected":false},"excerpt":{"rendered":"<p>Blanco du Pouvoir, du vrai nom Blanchard, fut baptis\u00e9 par son Ma\u00eetre Nino Malopelorsqu&rsquo;il jouait&#8230;<!-- AddThis Advanced Settings generic via filter on get_the_excerpt --><!-- AddThis Share Buttons generic via filter on get_the_excerpt --><\/p>\n","protected":false},"author":1,"featured_media":306,"comment_status":"open","ping_status":"open","sticky":false,"template":"","format":"standard","meta":[],"categories":[8],"tags":[],"_links":{"self":[{"href":"https:\/\/amagep.co.za\/fr\/wp-json\/wp\/v2\/posts\/307"}],"collection":[{"href":"https:\/\/amagep.co.za\/fr\/wp-json\/wp\/v2\/posts"}],"about":[{"href":"https:\/\/amagep.co.za\/fr\/wp-json\/wp\/v2\/types\/post"}],"author":[{"embeddable":true,"href":"https:\/\/amagep.co.za\/fr\/wp-json\/wp\/v2\/users\/1"}],"replies":[{"embeddable":true,"href":"https:\/\/amagep.co.za\/fr\/wp-json\/wp\/v2\/comments?post=307"}],"version-history":[{"count":0,"href":"https:\/\/amagep.co.za\/fr\/wp-json\/wp\/v2\/posts\/307\/revisions"}],"wp:featuredmedia":[{"embeddable":true,"href":"https:\/\/amagep.co.za\/fr\/wp-json\/wp\/v2\/media\/306"}],"wp:attachment":[{"href":"https:\/\/amagep.co.za\/fr\/wp-json\/wp\/v2\/media?parent=307"}],"wp:term":[{"taxonomy":"category","embeddable":true,"href":"https:\/\/amagep.co.za\/fr\/wp-json\/wp\/v2\/categories?post=307"},{"taxonomy":"post_tag","embeddable":true,"href":"https:\/\/amagep.co.za\/fr\/wp-json\/wp\/v2\/tags?post=307"}],"curies":[{"name":"wp","href":"https:\/\/api.w.org\/{rel}","templated":true}]}}