{"id":297,"date":"2009-09-24T18:12:43","date_gmt":"2009-09-24T18:12:43","guid":{"rendered":"https:\/\/amagep.co.za\/fr\/2009\/09\/24\/concert-reussi-de-yawhe-chamma-en-rsa\/"},"modified":"2009-09-24T18:12:43","modified_gmt":"2009-09-24T18:12:43","slug":"concert-reussi-de-yawhe-chamma-en-rsa","status":"publish","type":"post","link":"https:\/\/amagep.co.za\/fr\/concert-reussi-de-yawhe-chamma-en-rsa\/","title":{"rendered":"Concert r\u00e9ussi de la maison Usizo avec le Groupe Zamar en RSA"},"content":{"rendered":"<p><!--  \/* Font Definitions *\/  @font-face \t{font-family:\"Cambria Math\"; \tpanose-1:2 4 5 3 5 4 6 3 2 4; \tmso-font-charset:0; \tmso-generic-font-family:roman; \tmso-font-pitch:variable; \tmso-font-signature:-1610611985 1107304683 0 0 159 0;} @font-face \t{font-family:\"Liberation Serif\"; \tmso-font-alt:\"Times New Roman\"; \tmso-font-charset:0; \tmso-generic-font-family:roman; \tmso-font-pitch:variable; \tmso-font-signature:0 0 0 0 0 0;} @font-face \t{font-family:\"DejaVu Sans\"; \tmso-font-alt:\"Times New Roman\"; \tmso-font-charset:0; \tmso-generic-font-family:auto; \tmso-font-pitch:variable; \tmso-font-signature:0 0 0 0 0 0;}  \/* Style Definitions *\/  p.MsoNormal, li.MsoNormal, div.MsoNormal \t{mso-style-unhide:no; \tmso-style-qformat:yes; \tmso-style-parent:\"\"; \tmargin:0in; \tmargin-bottom:.0001pt; \tmso-pagination:none; \tmso-hyphenate:none; \tfont-size:12.0pt; \tfont-family:\"Liberation Serif\",\"serif\"; \tmso-fareast-font-family:\"DejaVu Sans\"; \tmso-bidi-font-family:\"Times New Roman\"; \tmso-font-kerning:.5pt; \tmso-ansi-language:EN-ZA; \tmso-fareast-language:#00FF;} .MsoChpDefault \t{mso-style-type:export-only; \tmso-default-props:yes; \tfont-size:10.0pt; \tmso-ansi-font-size:10.0pt; \tmso-bidi-font-size:10.0pt;} @page Section1 \t{size:8.5in 11.0in; \tmargin:1.0in 1.0in 1.0in 1.0in; \tmso-header-margin:.5in; \tmso-footer-margin:.5in; \tmso-paper-source:0;} div.Section1 \t{page:Section1;} --><\/p>\n<p class=\"MsoNormal\"><img loading=\"lazy\" class=\" size-full wp-image-295\" src=\"https:\/\/amagep.co.za\/fr\/wp-content\/uploads\/2009\/09\/zamar2.jpg\" border=\"0\" width=\"388\" height=\"262\" srcset=\"https:\/\/amagep.co.za\/fr\/wp-content\/uploads\/2009\/09\/zamar2.jpg 388w, https:\/\/amagep.co.za\/fr\/wp-content\/uploads\/2009\/09\/zamar2-300x203.jpg 300w\" sizes=\"(max-width: 388px) 100vw, 388px\" \/> <\/p>\n<p>Les Groupes Chr\u00e9tiens se sont produits en Concert en RSA \u00e0 Jo&rsquo;burg gr\u00e2ce \u00e0 la maison Usizo Production o\u00f9 pratiquement\u00a0 toutes les Eglises Francophones Congolaises comme Etrang\u00e8res se sont r\u00e9unies pour<\/p>\n<p> <!--more--> <\/p>\n<p>\u00ab\u00a0Adorer et Louer le Seigneur J\u00e9sus-Christ\u00a0\u00bb ensemble sous la mod\u00e9ration de Papa Boss Bangila. Il y avait aussi la participation des Fid\u00e8les de l&rsquo;Eglise Sanctuaire H\u00e9ritiers de Promesse conduit par l&rsquo;Apotre Gabriel Veyi, (\u00e9tant absent lui-m\u00eame par faute de mission de service aux Royaumes Unis\/London pour pr\u00e9cher la Bonne Nouvelle).<\/p>\n<p>Il y avait une tr\u00e8s forte ambiance jusqu&rsquo;a tel point de rendre toute la salle dans un m\u00eame rythme et m\u00eame attitude de &lsquo;Pri\u00e8re\u00a0\u00bb.<\/p>\n<p>Le Groupe Musical Chr\u00e9tien \u00ab\u00a0Parole de la Fois\u00a0\u00bb est enfin revenu sur sc\u00e8ne apres pr\u00e8s de 4 ans d&rsquo;absence.Ils ont fait vibrer des gens dans la salle o\u00f9 tout le monde \u00e9tait ravi de les revoir&#8230; La pr\u00e9sence de l&rsquo;Homme de Dieu l&rsquo;Evangeliste Denis Ngonde aussi a \u00e9t\u00e9 tr\u00e8s remarquable; lui, va se produire encore le 27 Septembre 2009 toujours dans la m\u00eame eglise \u00ab\u00a0World Of Life\u00a0\u00bb avec comme Titulaire le Pateur Kipa.<\/p>\n<p>Le Groupe Zammar a boug\u00e9 \u00e0 son tour la salle sous leurs belles melodies Gospel.<\/p>\n<p class=\"MsoNormal\">&nbsp;<\/p>\n<p><img loading=\"lazy\" class=\" size-full wp-image-296\" src=\"https:\/\/amagep.co.za\/fr\/wp-content\/uploads\/2009\/09\/zamar1.jpg\" border=\"0\" width=\"411\" height=\"270\" srcset=\"https:\/\/amagep.co.za\/fr\/wp-content\/uploads\/2009\/09\/zamar1.jpg 411w, https:\/\/amagep.co.za\/fr\/wp-content\/uploads\/2009\/09\/zamar1-300x197.jpg 300w\" sizes=\"(max-width: 411px) 100vw, 411px\" \/> <\/p>\n<p class=\"MsoNormal\">Vraiment nous ne cesserons d&rsquo;encourager de tels actes de production pour pouvoir r\u00e9unir autour d&rsquo;un m\u00eame endroit plusieurs Fid\u00e8les Chr\u00e9tiens pour \u00ab\u00a0El\u00e9ver le Nom del&rsquo;Eternel d&rsquo;une Mani\u00e8re Commune et Sp\u00e9ciale\u00a0\u00bb<\/p>\n<p class=\"MsoNormal\">Que l&rsquo;Eternel puisse benir Usizo Production\u00a0 <\/p>\n<!-- AddThis Advanced Settings generic via filter on the_content --><!-- AddThis Share Buttons generic via filter on the_content -->","protected":false},"excerpt":{"rendered":"<p>Les Groupes Chr\u00e9tiens se sont produits en Concert en RSA \u00e0 Jo&rsquo;burg gr\u00e2ce \u00e0 la&#8230;<!-- AddThis Advanced Settings generic via filter on get_the_excerpt --><!-- AddThis Share Buttons generic via filter on get_the_excerpt --><\/p>\n","protected":false},"author":1,"featured_media":295,"comment_status":"open","ping_status":"open","sticky":false,"template":"","format":"standard","meta":[],"categories":[9],"tags":[],"_links":{"self":[{"href":"https:\/\/amagep.co.za\/fr\/wp-json\/wp\/v2\/posts\/297"}],"collection":[{"href":"https:\/\/amagep.co.za\/fr\/wp-json\/wp\/v2\/posts"}],"about":[{"href":"https:\/\/amagep.co.za\/fr\/wp-json\/wp\/v2\/types\/post"}],"author":[{"embeddable":true,"href":"https:\/\/amagep.co.za\/fr\/wp-json\/wp\/v2\/users\/1"}],"replies":[{"embeddable":true,"href":"https:\/\/amagep.co.za\/fr\/wp-json\/wp\/v2\/comments?post=297"}],"version-history":[{"count":0,"href":"https:\/\/amagep.co.za\/fr\/wp-json\/wp\/v2\/posts\/297\/revisions"}],"wp:featuredmedia":[{"embeddable":true,"href":"https:\/\/amagep.co.za\/fr\/wp-json\/wp\/v2\/media\/295"}],"wp:attachment":[{"href":"https:\/\/amagep.co.za\/fr\/wp-json\/wp\/v2\/media?parent=297"}],"wp:term":[{"taxonomy":"category","embeddable":true,"href":"https:\/\/amagep.co.za\/fr\/wp-json\/wp\/v2\/categories?post=297"},{"taxonomy":"post_tag","embeddable":true,"href":"https:\/\/amagep.co.za\/fr\/wp-json\/wp\/v2\/tags?post=297"}],"curies":[{"name":"wp","href":"https:\/\/api.w.org\/{rel}","templated":true}]}}