{"id":290,"date":"2009-09-09T09:54:58","date_gmt":"2009-09-09T09:54:58","guid":{"rendered":"https:\/\/amagep.co.za\/fr\/2009\/09\/09\/le-retour-et-deuxieme-volume-daimelia-lias-en-rsa\/"},"modified":"2009-09-09T09:54:58","modified_gmt":"2009-09-09T09:54:58","slug":"le-retour-et-deuxieme-volume-daimelia-lias-en-rsa","status":"publish","type":"post","link":"https:\/\/amagep.co.za\/fr\/le-retour-et-deuxieme-volume-daimelia-lias-en-rsa\/","title":{"rendered":"Le Retour et Deuxi\u00e8me Volume d&rsquo;AimeLia Lias en RSA !"},"content":{"rendered":"<p style=\"margin: 0in 0in 0pt\" class=\"MsoNormal\">&nbsp;<\/p>\n<p><img loading=\"lazy\" class=\" size-full wp-image-276\" src=\"https:\/\/amagep.co.za\/fr\/wp-content\/uploads\/2009\/08\/aimelia10-640.jpg\" border=\"0\" width=\"640\" height=\"429\" \/>\u00a0<\/p>\n<p><span><font size=\"3\"><font color=\"#000000\"><font face=\"Times New Roman\">Normalement sauf impr\u00e9vu, le retour d&rsquo;Aimelia Lias, la Stars qui fait parler la <\/font><\/font><\/font><\/span><span><font size=\"3\"><font color=\"#000000\"><font face=\"Times New Roman\">Presse de toute la Diaspora Congolaise ces derniers temps, en RSA le pays de Nelson Mandela, <\/font><\/font><\/font><\/span><span><font size=\"3\"><font color=\"#000000\"><font face=\"Times New Roman\">Thabo Mbeki et Jacob Zuma est pr\u00e9vu pour ce jeudi 10 Septembre 2009 sur <\/font><\/font><\/font><\/span><span><font size=\"3\"><font color=\"#000000\"><font face=\"Times New Roman\">atterrissage<span> <\/span>Johannesburg!<span> <\/span>L&rsquo;Artiste Musicien Congolais a promis \u00e0 tous ses fans de <\/font><\/font><\/font><\/span><span><font size=\"3\"><font color=\"#000000\"><font face=\"Times New Roman\">South Africa de revenir chez eux pour continuer son programme tr\u00e8s surcharg\u00e9 avec <\/font><\/font><\/font><\/span><span><font size=\"3\"><font color=\"#000000\"><font face=\"Times New Roman\">Concerts dans diff\u00e9rentes Villes du pays.<\/font><\/font><\/font><\/span><span><font size=\"3\"><font color=\"#000000\"><font face=\"Times New Roman\"> <\/font><\/font><\/font><\/span><span><font size=\"3\"><font color=\"#000000\"><font face=\"Times New Roman\"> <!--more--> <\/p>\n<p><span><font size=\"3\"><font color=\"#000000\"><font face=\"Times New Roman\">Aimelia Lias continue de d\u00e9montrer plus d&rsquo;une fois qu&rsquo;il a \u00e9t\u00e9 tr\u00e8s bien form\u00e9 par <\/font><\/font><\/font><\/span><span><font size=\"3\"><font color=\"#000000\"><font face=\"Times New Roman\">ses A\u00een\u00e9s de Wenge Musica Bcbg 4&#215;4 Tout Terrain, qui sont aujourd&rsquo;hui \u00ab\u00a0Leaders Incontest\u00e9s de la Quatri\u00e8me G\u00e9n\u00e9ration\u00a0\u00bb.<\/font><\/font><\/font><\/span><span><font size=\"3\"><font color=\"#000000\"><font face=\"Times New Roman\">Il a eu la chance d&rsquo;\u00eatre \u00e0 cot\u00e9 de JB Mpiana Papa Ch\u00e9ri Moto Pamba, Werrason Igwe le <\/font><\/font><\/font><\/span><span><font size=\"3\"><font color=\"#000000\"><font face=\"Times New Roman\">Roi<span> <\/span>de la for\u00eat, Adolphe Domiguez Tata, Blaise Bula, qui lui a pu interpr\u00e9ter l&rsquo;une des <\/font><\/font><\/font><\/span><span><font size=\"3\"><font color=\"#000000\"><font face=\"Times New Roman\">chansons d&rsquo;Aimelia Lias dans l&rsquo;Album Race des Vainqueurs, Alain-Prince Makaba Internet et Didier Masela<span> <\/span>Le Fond\u00e9 du Pouvoir&#8230;<\/font><\/font><\/font><\/span><span><font face=\"Times New Roman\" size=\"3\" color=\"#000000\"> <\/font><\/span><\/p>\n<p><\/font><\/font><\/font><\/span><\/p>\n<p><span><font size=\"3\"><font color=\"#000000\"><font face=\"Times New Roman\">Nous vous informons aussi en passant qu&rsquo;il a brill\u00e9 \u00e0 mille feux lors de son premier <\/font><\/font><\/font><\/span><span><font size=\"3\"><font color=\"#000000\"><font face=\"Times New Roman\">passage en<span> <\/span>Afrique du Sud le mois pass\u00e9 gr\u00e2ce \u00e0 l&rsquo;Invitation de la Maison \u00ab\u00a0La Perc\u00e9e Trading\u00a0\u00bb de Patrick B\u00e9ni Mavungu.<\/font><\/font><\/font><\/span><span><font size=\"3\"><font color=\"#000000\"><font face=\"Times New Roman\">Aujourd&rsquo;hui l&rsquo;Artiste devient tr\u00e8s surcharg\u00e9 avec des concerts \u00e0 livrer et a r\u00e9\u00e7u <\/font><\/font><\/font><\/span><span><font size=\"3\"><font color=\"#000000\"><font face=\"Times New Roman\">plusieurs contacts<span> <\/span>ensemble avec diff\u00e9rentes Cha\u00eenes Nationales de la RSA qui l&rsquo;ont re\u00e7u pour Interview; aussi HPPA, Danny Image The Best ensemble avec Bibiche N&rsquo;suku de Monde des Artistes, l&rsquo;Equipe Compl\u00e8te de la RTG@, la Maison JRG Production du M\u00e9c\u00e8ne Jean-R\u00e9n\u00e9 Golo, Ma\u00eetre Mike L\u00e9o&#8230;<\/font><\/font><\/font><\/span><span><font face=\"Times New Roman\" size=\"3\" color=\"#000000\"> <\/font><\/span><\/p>\n<p><span><font size=\"3\"><font color=\"#000000\"><font face=\"Times New Roman\">Aimelia Lias est encore voulu l\u00e0 o\u00f9 il venait de se produire en Allemagne, et au <\/font><\/font><\/font><\/span><span><font size=\"3\"><font color=\"#000000\"><font face=\"Times New Roman\">Festival Belge o\u00f9 il \u00e9tait ensemble avec le Grand Groupe Kassav&#8230;<span> <\/span><\/font><\/font><\/font><\/span><span><font size=\"3\"><font color=\"#000000\"><font face=\"Times New Roman\">Voici pour vous le lien en bas de cet article qui peut vous emmener <\/font><\/font><\/font><\/span><span><font size=\"3\"><font color=\"#000000\"><font face=\"Times New Roman\">\u00e0 regarder proprement l&rsquo;Ev\u00e9nement.<\/font><\/font><\/font><\/span><span><font face=\"Times New Roman\" size=\"3\" color=\"#000000\"> <\/font><\/span><span><font size=\"3\"><font color=\"#000000\"><font face=\"Times New Roman\">En Afrique du Sud, il a re\u00e7u l&rsquo;Invitation du Ma\u00eetre Mike Baye qui se tracasse bcps <\/font><\/font><\/font><\/span><span><font size=\"3\"><font color=\"#000000\"><font face=\"Times New Roman\">pour que les Sud Africains puissent appr\u00e9cier la Stars Congolaise.<\/font><\/font><\/font><\/span><\/p>\n<p><span><font size=\"3\"><font color=\"#000000\"><font face=\"Times New Roman\">C&rsquo;est pourquoi d&rsquo;ailleurs d&rsquo;apr\u00e8s une source nous apprenons que la Cha\u00eene M\u00e8re de la<\/font><\/font><\/font><\/span><span><font size=\"3\"><font color=\"#000000\"><font face=\"Times New Roman\">RSA sera on time \u00e0 l&rsquo;A\u00e9roport pour accueillir aussi la vedette ensemble avec son Staff Management. A noter<span> <\/span>Touckson Teolo ,Josky, Pierrot Lianza, Alain Ifomi, Gaspard Beyoko<span> <\/span>Jacques Chamba incontournable etc&#8230;<\/font><\/font><\/font><\/span><\/p>\n<p><span><font size=\"3\"><font color=\"#000000\"><font face=\"Times New Roman\">Vraiment nous souhaitons \u00e0 Aimelia Lias une tr\u00e8s Bonne Chance pour sa tourn\u00e9e Sud<\/font><\/font><\/font><\/span><span><font size=\"3\"><font color=\"#000000\"><font face=\"Times New Roman\">Africaine \u00e0 Cape Town avec Theo 2 PAC, Durban chez Tony Masudi et Johannesburg au concert organis\u00e9 par Mike Baye&#8230;<\/font><\/font><\/font><\/span><span><font face=\"Times New Roman\" size=\"3\" color=\"#000000\"> <\/font><\/span><span><font size=\"3\"><font color=\"#000000\"><font face=\"Times New Roman\">Pour en savoir plus sur l&rsquo;Artiste, veuillez simplement cliquer sur ce lien pour <\/font><\/font><\/font><\/span><span><font size=\"3\"><font color=\"#000000\"><font face=\"Times New Roman\">Regarder l&rsquo;extrait du Carnaval o\u00f9 a jou\u00e9 avec brio Aimelia Lias Demingongo&#8230;<\/font><\/font><\/font><\/span><span><font face=\"Times New Roman\" size=\"3\" color=\"#000000\"> <\/font><\/span><\/p>\n<p><span><font face=\"Times New Roman\" size=\"3\" color=\"#000000\"><a href=\"http:\/\/www.youtube.com\/watch?v=rgyDORIzKR0\" title=\"www.youtube.com\">Extrait Carnaval<\/a><\/font><\/span><\/p>\n<!-- AddThis Advanced Settings generic via filter on the_content --><!-- AddThis Share Buttons generic via filter on the_content -->","protected":false},"excerpt":{"rendered":"<p>&nbsp; \u00a0 Normalement sauf impr\u00e9vu, le retour d&rsquo;Aimelia Lias, la Stars qui fait parler la&#8230;<!-- AddThis Advanced Settings generic via filter on get_the_excerpt --><!-- AddThis Share Buttons generic via filter on get_the_excerpt --><\/p>\n","protected":false},"author":1,"featured_media":276,"comment_status":"open","ping_status":"open","sticky":false,"template":"","format":"standard","meta":[],"categories":[8],"tags":[],"_links":{"self":[{"href":"https:\/\/amagep.co.za\/fr\/wp-json\/wp\/v2\/posts\/290"}],"collection":[{"href":"https:\/\/amagep.co.za\/fr\/wp-json\/wp\/v2\/posts"}],"about":[{"href":"https:\/\/amagep.co.za\/fr\/wp-json\/wp\/v2\/types\/post"}],"author":[{"embeddable":true,"href":"https:\/\/amagep.co.za\/fr\/wp-json\/wp\/v2\/users\/1"}],"replies":[{"embeddable":true,"href":"https:\/\/amagep.co.za\/fr\/wp-json\/wp\/v2\/comments?post=290"}],"version-history":[{"count":0,"href":"https:\/\/amagep.co.za\/fr\/wp-json\/wp\/v2\/posts\/290\/revisions"}],"wp:featuredmedia":[{"embeddable":true,"href":"https:\/\/amagep.co.za\/fr\/wp-json\/wp\/v2\/media\/276"}],"wp:attachment":[{"href":"https:\/\/amagep.co.za\/fr\/wp-json\/wp\/v2\/media?parent=290"}],"wp:term":[{"taxonomy":"category","embeddable":true,"href":"https:\/\/amagep.co.za\/fr\/wp-json\/wp\/v2\/categories?post=290"},{"taxonomy":"post_tag","embeddable":true,"href":"https:\/\/amagep.co.za\/fr\/wp-json\/wp\/v2\/tags?post=290"}],"curies":[{"name":"wp","href":"https:\/\/api.w.org\/{rel}","templated":true}]}}