{"id":289,"date":"2009-09-07T08:59:33","date_gmt":"2009-09-07T08:59:33","guid":{"rendered":"https:\/\/amagep.co.za\/fr\/2009\/09\/07\/rencontre-avec-l-elo-fiance-ya-maloba-r-immortalise-par-teddy-sukami-et-zaiko-langa-langa\/"},"modified":"2009-09-07T08:59:33","modified_gmt":"2009-09-07T08:59:33","slug":"rencontre-avec-l-elo-fiance-ya-maloba-r-immortalise-par-teddy-sukami-et-zaiko-langa-langa","status":"publish","type":"post","link":"https:\/\/amagep.co.za\/fr\/rencontre-avec-l-elo-fiance-ya-maloba-r-immortalise-par-teddy-sukami-et-zaiko-langa-langa\/","title":{"rendered":"Rencontre avec \u00ab Elo fianc\u00e9 ya maloba \u00bb immortalis\u00e9 par Teddy Sukami et Za\u00efko Langa Langa"},"content":{"rendered":"<p><img loading=\"lazy\" class=\" size-full wp-image-288\" src=\"https:\/\/amagep.co.za\/fr\/wp-content\/uploads\/2009\/09\/nyoch600.jpg\" border=\"0\" width=\"600\" height=\"450\" srcset=\"https:\/\/amagep.co.za\/fr\/wp-content\/uploads\/2009\/09\/nyoch600.jpg 600w, https:\/\/amagep.co.za\/fr\/wp-content\/uploads\/2009\/09\/nyoch600-300x225.jpg 300w\" sizes=\"(max-width: 600px) 100vw, 600px\" \/>\u00a0<\/p>\n<p>Ing\u00e9nieur chimiste employ\u00e9 dans une compagnie mini\u00e8re en Afrique du Sud, apr\u00e8s avoir travaill\u00e9 chez Mobil Oil au Congo et Total South Africa, Freddy Elonga \u00e9tait d\u00e9j\u00e0, dans les ann\u00e9es 70, ce qu\u2019on appelle aujourd\u2019hui people<\/p>\n<p> <!--more--> <\/p>\n<p>. La \u00ab faute \u00bb au g\u00e9nie de Teddy Sukami et de l\u2019orchestre Za\u00efko Langa Langa qui l\u2019ont immortalis\u00e9, au vrai sens de rendre \u00e9ternel, avec la chanson \u00ab Elo \u00bb qui reste l\u2019une des classiques les plus interpr\u00e9t\u00e9es de la musique congolaise. Dans une interview qu\u2019il a accord\u00e9, par \u00e9change des mails, \u00e0 Jossart Muanza, Elo \u00e9voque ses relations intimes avec Za\u00efko et son amiti\u00e9 ind\u00e9fectible, depuis 39 ans, \u00e0 Jossart Nyoka Longo. Freddy Elonga r\u00e9v\u00e8le \u00e9galement que feu Teddy Sukami, l\u2019auteur de la chanson \u00ab Elo \u00bb, n\u2019en serait pas le seul auteur.<\/p>\n<p>AFRIQU\u2019\u00c9CHOS MAGAZINE (AEM) : Vous vous apelez Freddy Elonga mais vous \u00eates plus connu par le diminutif Elo rendu c\u00e9l\u00e8bre par la chanson Elo de Teddy Sukami et Za\u00efko&#8230;<br \/>FREDDY ELONGA (F. ELO) : J\u2019ai commenc\u00e9 \u00e0 fr\u00e9quenter Zaiko Langa Langa d\u00e8s l\u2019age de 15 ans quand je venais \u00e0 Kinshasa pour les vacances, et la premi\u00e8re personne que j\u2019ai connue c\u2019\u00e9tait Teddy. Comme je prenais d\u00e9j\u00e0 des cours de guitare en Belgique o\u00f9 je faisais mes \u00e9tudes, nous nous retrouvions avec Teddy pour jouer \u00e0 la guitare et nos relations se sont affermies au fil du temps.<br \/>AEM : Saviez-vous qu\u2019il allait vous d\u00e9dier une chanson ou \u00e7\u2019avait \u00e9t\u00e9 une surprise ?<br \/>F. ELO : Lors des vacances de 1974, Teddy et moi avions commenc\u00e9 \u00e0 r\u00e9p\u00e9ter la chanson \u00ab Elo \u00bb qui portait d\u2019ailleurs un autre titre et dont les bases avait \u00e9t\u00e9 \u00e9tablies par un cousin de Teddy d\u00e9nomm\u00e9 Rex (qui vit encore). Apr\u00e8s mon retour en Belgique, quelques mois plus tard, Zaiko a commenc\u00e9 \u00e0 jouer la chanson au concert.<br \/>AEM : Comment aviez vous r\u00e9agi \u00e0 la sortie du disque ?<br \/>F. ELO : Lors des vacances de 1975, la chanson a commenc\u00e9 \u00e0 faire succ\u00e8s dans les concerts et moi je devenais de plus en plus impliqu\u00e9 dans les affaires de Zaiko et \u00e0 \u00eatre connu. Mes parents \u00e9taient inquiets pour mes \u00e9tudes surtout que certaines r\u00e9p\u00e9titions se faisaient chez nous \u00e0 la maison.<br \/>AEM : Le 17 avril, vous \u00e9tiez \u00e0 Kinshasa \u00e0 l\u2019occasion du premier concert de Za\u00efko marquant le retour de Nyoka Longo, c\u2019est une vraie histoire d\u2019amour entre vous et Za\u00efko&#8230;<br \/>F. ELO : En 37 ans, nous avons fait beaucoup de choses avec Zaiko qu\u2019il serait difficile d\u2019\u00e9num\u00e9rer ici. Je me consid\u00e8re comme faisant partie de cet orchestre, car une grande partie de ma vie a \u00e9t\u00e9 d\u00e9di\u00e9e de pr\u00e8s ou de loin \u00e0 ce groupe. Et puis, avec Jossart, nos chemins se sont crois\u00e9s il y a 37 ans et nous sommes rest\u00e9s amis, complices. Jossart conna\u00eet pratiquement tous les membres de ma famille, cousins, oncles, tantes compris\u2026 Je suis comme un parent de Zaiko, j\u2019ai vu cet orchestre grandir et j\u2019ai grandi avec lui. Avec d\u2019autres amis nous avons essay\u00e9 d\u2019apporter notre soutien, surtout dans les moments difficiles. Zaiko a marqu\u00e9 toute une g\u00e9n\u00e9ration, autour de ce groupe se sont tiss\u00e9s des liens tr\u00e8s forts entre les personnes qui autrement n\u2019allaient peut \u00eatre jamais se rencontrer. Donc Zaiko a fa\u00e7onn\u00e9 des liens, des amiti\u00e9s et m\u00eames des amours.<\/p>\n<p>AEM : Le groupe est r\u00e9clam\u00e9 par la communaut\u00e9 congolaise en Afrique du sud, vous l\u2019aiderez \u00e0 se rendre dans ce pays ?<br \/>F. ELO : Nous y travaillons et je pense que Zaiko se produira sous peu en Afrique du Sud.<\/p>\n<p>Source<\/p>\n<p><a href=\"http:\/\/www.afriquechos.ch\/spip.php?article4235\" title=\"www.afrquechos.ch\">Afriquechos.ch\u00a0<\/a><\/p>\n<!-- AddThis Advanced Settings generic via filter on the_content --><!-- AddThis Share Buttons generic via filter on the_content -->","protected":false},"excerpt":{"rendered":"<p>\u00a0 Ing\u00e9nieur chimiste employ\u00e9 dans une compagnie mini\u00e8re en Afrique du Sud, apr\u00e8s avoir travaill\u00e9&#8230;<!-- AddThis Advanced Settings generic via filter on get_the_excerpt --><!-- AddThis Share Buttons generic via filter on get_the_excerpt --><\/p>\n","protected":false},"author":1,"featured_media":288,"comment_status":"open","ping_status":"open","sticky":false,"template":"","format":"standard","meta":[],"categories":[5],"tags":[],"_links":{"self":[{"href":"https:\/\/amagep.co.za\/fr\/wp-json\/wp\/v2\/posts\/289"}],"collection":[{"href":"https:\/\/amagep.co.za\/fr\/wp-json\/wp\/v2\/posts"}],"about":[{"href":"https:\/\/amagep.co.za\/fr\/wp-json\/wp\/v2\/types\/post"}],"author":[{"embeddable":true,"href":"https:\/\/amagep.co.za\/fr\/wp-json\/wp\/v2\/users\/1"}],"replies":[{"embeddable":true,"href":"https:\/\/amagep.co.za\/fr\/wp-json\/wp\/v2\/comments?post=289"}],"version-history":[{"count":0,"href":"https:\/\/amagep.co.za\/fr\/wp-json\/wp\/v2\/posts\/289\/revisions"}],"wp:featuredmedia":[{"embeddable":true,"href":"https:\/\/amagep.co.za\/fr\/wp-json\/wp\/v2\/media\/288"}],"wp:attachment":[{"href":"https:\/\/amagep.co.za\/fr\/wp-json\/wp\/v2\/media?parent=289"}],"wp:term":[{"taxonomy":"category","embeddable":true,"href":"https:\/\/amagep.co.za\/fr\/wp-json\/wp\/v2\/categories?post=289"},{"taxonomy":"post_tag","embeddable":true,"href":"https:\/\/amagep.co.za\/fr\/wp-json\/wp\/v2\/tags?post=289"}],"curies":[{"name":"wp","href":"https:\/\/api.w.org\/{rel}","templated":true}]}}