{"id":287,"date":"2009-09-02T08:18:29","date_gmt":"2009-09-02T08:18:29","guid":{"rendered":"https:\/\/amagep.co.za\/fr\/2009\/09\/02\/zaiko-langa-langa-rencontre-des-anciens-apres-la-liberation-devoloko\/"},"modified":"2009-09-02T08:18:29","modified_gmt":"2009-09-02T08:18:29","slug":"zaiko-langa-langa-rencontre-des-anciens-apres-la-liberation-devoloko","status":"publish","type":"post","link":"https:\/\/amagep.co.za\/fr\/zaiko-langa-langa-rencontre-des-anciens-apres-la-liberation-devoloko\/","title":{"rendered":"Za\u00efko Langa Langa : Rencontre des anciens apr\u00e8s la lib\u00e9ration d\u2019Evoloko"},"content":{"rendered":"<p><img loading=\"lazy\" class=\" size-full wp-image-286\" src=\"https:\/\/amagep.co.za\/fr\/wp-content\/uploads\/2009\/09\/ancienzaiko1_036-640.jpg\" border=\"0\" width=\"640\" height=\"480\" srcset=\"https:\/\/amagep.co.za\/fr\/wp-content\/uploads\/2009\/09\/ancienzaiko1_036-640.jpg 640w, https:\/\/amagep.co.za\/fr\/wp-content\/uploads\/2009\/09\/ancienzaiko1_036-640-300x225.jpg 300w\" sizes=\"(max-width: 640px) 100vw, 640px\" \/>\u00a0<\/p>\n<p>Le soir de la <a class=\"spip_out\" href=\"http:\/\/www.afriquechos.ch\/spip.php?article4236\">sortie de prison d\u2019Evoloko Atshuamo<\/a>, le mercredi 19 ao\u00fbt, Papy Tholas avait convi\u00e9 ses anciens compagnons de Za\u00efko Langa Langa \u00e0 une soir\u00e9e des retrouvailles au restaurant P<em class=\"spip\">alais de la Gourmandise<\/em>, sur l\u2019Avenue Tombalbaye au centre ville de Kinshasa.<\/p>\n<p> <!--more--> <\/p>\n<p> Malheureusement, retenu par sa famille, Joker \u00ab\u00a0La carte qui gagne\u00a0\u00bb n\u2019avait pu prendre part \u00e0 ce d\u00eener. Sa place, r\u00e9serv\u00e9e \u00e0 c\u00f4t\u00e9 de celle de Nyoka Longo, est donc rest\u00e9e vide. La famille Langa Langa \u00e9tait pourtant au rendez-vous\u00a0: Bimi Ombale, Efonge Gina Wa Gina, Bakunde Ilo Pablo qui, bien que souffrant, a tenu \u00e0 \u00eatre pr\u00e9sent, F\u00e9lix Manuaku Waku, Nyoka Longo, Papa Wemba et Mbuta Mashakado. \u00c0 noter \u00e9galement la pr\u00e9sence des <em class=\"spip\">people<\/em> comme le d\u00e9put\u00e9 Jean-Claude Vuemba, le journaliste Joseph Pululu et l\u2019artiste Barly Baruti.<\/p>\n<p>&nbsp;<\/p>\n<p>Source<\/p>\n<p><a href=\"http:\/\/www.afriquechos.ch\/spip.php?article4255\" title=\"www.afriquechos.ch\">Afriquechos.ch\u00a0<\/a><\/p>\n<!-- AddThis Advanced Settings generic via filter on the_content --><!-- AddThis Share Buttons generic via filter on the_content -->","protected":false},"excerpt":{"rendered":"<p>\u00a0 Le soir de la sortie de prison d\u2019Evoloko Atshuamo, le mercredi 19 ao\u00fbt, Papy&#8230;<!-- AddThis Advanced Settings generic via filter on get_the_excerpt --><!-- AddThis Share Buttons generic via filter on get_the_excerpt --><\/p>\n","protected":false},"author":1,"featured_media":286,"comment_status":"open","ping_status":"open","sticky":false,"template":"","format":"standard","meta":[],"categories":[8],"tags":[],"_links":{"self":[{"href":"https:\/\/amagep.co.za\/fr\/wp-json\/wp\/v2\/posts\/287"}],"collection":[{"href":"https:\/\/amagep.co.za\/fr\/wp-json\/wp\/v2\/posts"}],"about":[{"href":"https:\/\/amagep.co.za\/fr\/wp-json\/wp\/v2\/types\/post"}],"author":[{"embeddable":true,"href":"https:\/\/amagep.co.za\/fr\/wp-json\/wp\/v2\/users\/1"}],"replies":[{"embeddable":true,"href":"https:\/\/amagep.co.za\/fr\/wp-json\/wp\/v2\/comments?post=287"}],"version-history":[{"count":0,"href":"https:\/\/amagep.co.za\/fr\/wp-json\/wp\/v2\/posts\/287\/revisions"}],"wp:featuredmedia":[{"embeddable":true,"href":"https:\/\/amagep.co.za\/fr\/wp-json\/wp\/v2\/media\/286"}],"wp:attachment":[{"href":"https:\/\/amagep.co.za\/fr\/wp-json\/wp\/v2\/media?parent=287"}],"wp:term":[{"taxonomy":"category","embeddable":true,"href":"https:\/\/amagep.co.za\/fr\/wp-json\/wp\/v2\/categories?post=287"},{"taxonomy":"post_tag","embeddable":true,"href":"https:\/\/amagep.co.za\/fr\/wp-json\/wp\/v2\/tags?post=287"}],"curies":[{"name":"wp","href":"https:\/\/api.w.org\/{rel}","templated":true}]}}