{"id":277,"date":"2009-08-21T09:41:37","date_gmt":"2009-08-21T09:41:37","guid":{"rendered":"https:\/\/amagep.co.za\/fr\/2009\/08\/21\/aimelia-lias-sest-produit-au-festival-l-antilliaanse-feesten-r-a-hogstraten-en-belgique\/"},"modified":"2009-08-21T09:41:37","modified_gmt":"2009-08-21T09:41:37","slug":"aimelia-lias-sest-produit-au-festival-l-antilliaanse-feesten-r-a-hogstraten-en-belgique","status":"publish","type":"post","link":"https:\/\/amagep.co.za\/fr\/aimelia-lias-sest-produit-au-festival-l-antilliaanse-feesten-r-a-hogstraten-en-belgique\/","title":{"rendered":"Aimelia Lias s\u2019est produit au Festival \u00ab Antilliaanse feesten \u00bb \u00e0 Hogstraten en Belgique"},"content":{"rendered":"<p class=\"spip\"><img loading=\"lazy\" class=\" size-full wp-image-276\" src=\"https:\/\/amagep.co.za\/fr\/wp-content\/uploads\/2009\/08\/aimelia10-640.jpg\" border=\"0\" width=\"640\" height=\"429\" \/> <\/p>\n<p class=\"spip\">Gr\u00e2ce \u00e0 son nouvel album solo, \u00ab <em class=\"spip\">Race des vainqueurs<\/em> \u00bb, le chanteur Aimelia Lias Demingongo semble enfin retrouver le sourire, apr\u00e8s un premier opus qui a peu convaincu (album \u00ab <em class=\"spip\">Constat<\/em> \u00bb, sorti en l\u2019an 2000). C\u2019est de ce nouvel album qu\u2019il a d\u2019ailleurs tir\u00e9 l\u2019essentiel du r\u00e9pertoire qu\u2019il a propos\u00e9 au public lors de sa derni\u00e8re production sc\u00e9nique.<\/p>\n<p> <!--more--> Ancien de Wenge Musica, Aimelia Lias s\u2019est produit pour la premi\u00e8re fois au festival \u00ab Antilliaanse feesten \u00bb le samedi 15 ao\u00fbt 2009 \u00e0 Hogstraten en Belgique. Pour l\u2019occasion, le chanteur \u00e9tait accompagn\u00e9 par des artistes congolais connus et peu connus install\u00e9s en Europe. Parmi ceux-ci, des anciens compagnons de Wenge dont le chanteur Teka Diobanza, les guitaristes Thierry Mogratana et Pathy Moleso, le bassiste Michel Lumana et le percussionniste Jimmy Mbonda, mais \u00e9galement Pitshou et Riguene (chant), Oxyg\u00e8ne et Barroza (chant et animation), Gianni (guitare), alors que Ribin Kama \u00e9tait aux synth\u00e9s et Jean Michel \u00e0 la batterie. <\/p>\n<p class=\"spip\">\u00c0 en croire notre source, le concert, qui s\u2019est d\u00e9roul\u00e9 de 0\u201900 \u00e0 1h\u201930, a d\u00e9marr\u00e9 sur des notes de guitare de Thierry Mogratana au m\u00eame moment que, sur un autre podium, situ\u00e9 \u00e0 pr\u00e8s de 700 m\u00e8tres de l\u00e0, Jacob Desvarieux du groupe Kassav, habitu\u00e9 de ce festival, lan\u00e7ait, lui-aussi, ses premi\u00e8res notes devant une foule en d\u00e9lire.<\/p>\n<p class=\"spip\">Toujours selon la m\u00eame source, toutes les compositions d\u2019Aimelia ont \u00e9t\u00e9 pass\u00e9es en revue : De \u00ab <em class=\"spip\">Djoudjou Ngonda<\/em> \u00bb (album \u00ab <em class=\"spip\">Pentagone<\/em> \u00bb) \u00e0 \u00ab <em class=\"spip\">Lumi\u00e8re<\/em> \u00bb (album \u00ab <em class=\"spip\">Constat<\/em> \u00bb) en passant par \u00ab <em class=\"spip\">Lib\u00e9ration<\/em> \u00bb(\u00ab <em class=\"spip\">Titanic<\/em> \u00bb), \u00ab <em class=\"spip\">Placebo<\/em> \u00bb (album \u00ab <em class=\"spip\">\u00c0 la queue leu leu<\/em> \u00bb), pour les nostalgiques, ainsi que ses nouvelles chansons. Puisque la danse a toujours fait partie int\u00e9grante de telles occasions, trois danseurs et trois danseuses ont \u00e9t\u00e9 associ\u00e9s au spectacle : Yap\u2019s Gohi, Acsell Olinga, Coffret ainsi que Doris Deviny, Sabine Balmy et Andjia Sangare.<\/p>\n<p>Pour rappel, Aimelia Lias a fait partie int\u00e9grante de Wenge Musica 4X4 jusqu\u2019\u00e0 sa dislocation. Apr\u00e8s la scision de ce groupe en 1997, il a jou\u00e9 dans Wenge Bcbg de JB Mpiana avant de changer de camp en faisant son entr\u00e9e dans Wenge Maison M\u00e8re de Werrason.<\/p>\n<p><a href=\"http:\/\/www.afriquechos.ch\/spip.php?article4220\" title=\"www.afriquechos.ch\"><br \/><\/a><\/p>\n<p>Source <\/p>\n<p><a href=\"http:\/\/www.afriquechos.ch\/spip.php?article4234\" title=\"www.afriquechos.ch\">Afriquechos.ch<\/a> <\/p>\n<p>&nbsp;<\/p>\n<!-- AddThis Advanced Settings generic via filter on the_content --><!-- AddThis Share Buttons generic via filter on the_content -->","protected":false},"excerpt":{"rendered":"<p>Gr\u00e2ce \u00e0 son nouvel album solo, \u00ab Race des vainqueurs \u00bb, le chanteur Aimelia Lias&#8230;<!-- AddThis Advanced Settings generic via filter on get_the_excerpt --><!-- AddThis Share Buttons generic via filter on get_the_excerpt --><\/p>\n","protected":false},"author":1,"featured_media":276,"comment_status":"open","ping_status":"open","sticky":false,"template":"","format":"standard","meta":[],"categories":[8],"tags":[],"_links":{"self":[{"href":"https:\/\/amagep.co.za\/fr\/wp-json\/wp\/v2\/posts\/277"}],"collection":[{"href":"https:\/\/amagep.co.za\/fr\/wp-json\/wp\/v2\/posts"}],"about":[{"href":"https:\/\/amagep.co.za\/fr\/wp-json\/wp\/v2\/types\/post"}],"author":[{"embeddable":true,"href":"https:\/\/amagep.co.za\/fr\/wp-json\/wp\/v2\/users\/1"}],"replies":[{"embeddable":true,"href":"https:\/\/amagep.co.za\/fr\/wp-json\/wp\/v2\/comments?post=277"}],"version-history":[{"count":0,"href":"https:\/\/amagep.co.za\/fr\/wp-json\/wp\/v2\/posts\/277\/revisions"}],"wp:featuredmedia":[{"embeddable":true,"href":"https:\/\/amagep.co.za\/fr\/wp-json\/wp\/v2\/media\/276"}],"wp:attachment":[{"href":"https:\/\/amagep.co.za\/fr\/wp-json\/wp\/v2\/media?parent=277"}],"wp:term":[{"taxonomy":"category","embeddable":true,"href":"https:\/\/amagep.co.za\/fr\/wp-json\/wp\/v2\/categories?post=277"},{"taxonomy":"post_tag","embeddable":true,"href":"https:\/\/amagep.co.za\/fr\/wp-json\/wp\/v2\/tags?post=277"}],"curies":[{"name":"wp","href":"https:\/\/api.w.org\/{rel}","templated":true}]}}