{"id":273,"date":"2009-08-17T16:20:39","date_gmt":"2009-08-17T16:20:39","guid":{"rendered":"https:\/\/amagep.co.za\/fr\/2009\/08\/17\/rdccentrafrique-la-cpi-accepte-la-l-mise-en-liberte-provisoire-r-de-jean-pierre-bemba\/"},"modified":"2009-08-17T16:20:39","modified_gmt":"2009-08-17T16:20:39","slug":"rdccentrafrique-la-cpi-accepte-la-l-mise-en-liberte-provisoire-r-de-jean-pierre-bemba","status":"publish","type":"post","link":"https:\/\/amagep.co.za\/fr\/rdccentrafrique-la-cpi-accepte-la-l-mise-en-liberte-provisoire-r-de-jean-pierre-bemba\/","title":{"rendered":"RDC\/Centrafrique : La CPI accepte la \u00ab mise en libert\u00e9 provisoire \u00bb de Jean-Pierre Bemba"},"content":{"rendered":"<p><img loading=\"lazy\" class=\" size-full wp-image-272\" src=\"https:\/\/amagep.co.za\/fr\/wp-content\/uploads\/2009\/08\/bemba-14.jpg\" border=\"0\" width=\"460\" height=\"301\" srcset=\"https:\/\/amagep.co.za\/fr\/wp-content\/uploads\/2009\/08\/bemba-14.jpg 460w, https:\/\/amagep.co.za\/fr\/wp-content\/uploads\/2009\/08\/bemba-14-300x196.jpg 300w\" sizes=\"(max-width: 460px) 100vw, 460px\" \/>\u00a0<\/p>\n<p>La Cour p\u00e9nale internationale (CPI) s\u2019est d\u00e9clar\u00e9e, vendredi, favorable, \u00e0 la \u00ab mise en libert\u00e9 provisoire \u00bb de Jean-Pierre Bemba, ancien vice-pr\u00e9sident de la R\u00e9publique d\u00e9mocratique du Congo (RDC). La CPI estime qu\u2019il n\u2019y a pas de risque que l\u2019accus\u00e9 fasse obstacle \u00e0 l\u2019enqu\u00eate ou commette \u00e0 nouveau les m\u00eames crimes s\u2019il attend le d\u00e9but de son proc\u00e8s en libert\u00e9.<\/p>\n<p> <!--more--> <\/p>\n<p> Il restera, \u00e0 pr\u00e9sent, de trouver un pays qui accepterait de l\u2019accueillir jusqu\u2019\u00e0 son proc\u00e8s. Sur les six pays, notamment europ\u00e9ens, cens\u00e9s l\u2019accueillir, en plus de l\u2019Afrique du Sud, quatre auraient d\u00e9j\u00e0 refus\u00e9 leur hospitalit\u00e9 \u00e0 Jean-Pierre Bemba. Ce n\u2019est pas le seul obstacle, la procureur de la CPI aurait, en effet, d\u00e9cid\u00e9 de contester cette d\u00e9cision de lib\u00e9ration conditionnelle devant la Cour d\u2019appel.<\/p>\n<p>C\u2019est entre le 7 et le 14 septembre que la CPI va tenir des audiences pour entendre les observations des \u00c9tats susceptibles d\u2019accueillir l\u2019accus\u00e9, \u00e0 savoir la Belgique, la France, le Portugal, l\u2019Afrique du sud, l\u2019Italie et l\u2019Allemagne, selon cette source.<\/p>\n<p>Son avocat Me Aim\u00e9 Kilolo, qui avait r\u00e9clam\u00e9 la remise en libert\u00e9 de M. Bemba lors d\u2019une audience devant la CPI le 29 juin, a notamment indiqu\u00e9 que l\u2019accus\u00e9 poss\u00e8de des propri\u00e9t\u00e9s et des comptes bancaires en Belgique o\u00f9 ses enfants sont scolaris\u00e9s et a des \u00ab liens sociaux importants \u00bb en France.<\/p>\n<p>M. Bemba est accus\u00e9 de meurtre, viol et pillage notamment, des crimes de guerre et crimes contre l\u2019humanit\u00e9, selon le procureur de la Cour p\u00e9nale internationale. L\u2019int\u00e9ress\u00e9, 46 ans, avait comparu devant la CPI du 12 au 15 janvier lors d\u2019audiences de confirmation de charges concernant des exactions commises en Centrafrique, entre octobre 2002 et mars 2003, par les hommes arm\u00e9s de son parti le Mouvement de lib\u00e9ration du Congo (MLC).<\/p>\n<p>Jean-Pierre Bemba, qui avait quitt\u00e9 la RDC en avril 2007 apr\u00e8s avoir perdu les \u00e9lections pr\u00e9sidentielles de 2006 face \u00e0 Joseph Kabila, avait \u00e9t\u00e9 arr\u00eat\u00e9 en mai 2008 \u00e0 Bruxelles. Il avait \u00e9t\u00e9 transf\u00e9r\u00e9 puis plac\u00e9 en d\u00e9tention \u00e0 La Haye, o\u00f9 si\u00e8ge la CPI, d\u00e9but juillet 2008.<\/p>\n<p>&nbsp;<\/p>\n<p>Source<\/p>\n<p><a href=\"http:\/\/www.afriquechos.ch\/spip.php?article4219\" title=\"www.afriquechos.ch\">Afriquechos.ch\u00a0<\/a><\/p>\n<!-- AddThis Advanced Settings generic via filter on the_content --><!-- AddThis Share Buttons generic via filter on the_content -->","protected":false},"excerpt":{"rendered":"<p>\u00a0 La Cour p\u00e9nale internationale (CPI) s\u2019est d\u00e9clar\u00e9e, vendredi, favorable, \u00e0 la \u00ab mise en&#8230;<!-- AddThis Advanced Settings generic via filter on get_the_excerpt --><!-- AddThis Share Buttons generic via filter on get_the_excerpt --><\/p>\n","protected":false},"author":1,"featured_media":272,"comment_status":"open","ping_status":"open","sticky":false,"template":"","format":"standard","meta":[],"categories":[6],"tags":[],"_links":{"self":[{"href":"https:\/\/amagep.co.za\/fr\/wp-json\/wp\/v2\/posts\/273"}],"collection":[{"href":"https:\/\/amagep.co.za\/fr\/wp-json\/wp\/v2\/posts"}],"about":[{"href":"https:\/\/amagep.co.za\/fr\/wp-json\/wp\/v2\/types\/post"}],"author":[{"embeddable":true,"href":"https:\/\/amagep.co.za\/fr\/wp-json\/wp\/v2\/users\/1"}],"replies":[{"embeddable":true,"href":"https:\/\/amagep.co.za\/fr\/wp-json\/wp\/v2\/comments?post=273"}],"version-history":[{"count":0,"href":"https:\/\/amagep.co.za\/fr\/wp-json\/wp\/v2\/posts\/273\/revisions"}],"wp:featuredmedia":[{"embeddable":true,"href":"https:\/\/amagep.co.za\/fr\/wp-json\/wp\/v2\/media\/272"}],"wp:attachment":[{"href":"https:\/\/amagep.co.za\/fr\/wp-json\/wp\/v2\/media?parent=273"}],"wp:term":[{"taxonomy":"category","embeddable":true,"href":"https:\/\/amagep.co.za\/fr\/wp-json\/wp\/v2\/categories?post=273"},{"taxonomy":"post_tag","embeddable":true,"href":"https:\/\/amagep.co.za\/fr\/wp-json\/wp\/v2\/tags?post=273"}],"curies":[{"name":"wp","href":"https:\/\/api.w.org\/{rel}","templated":true}]}}