{"id":271,"date":"2009-08-10T18:25:50","date_gmt":"2009-08-10T18:25:50","guid":{"rendered":"https:\/\/amagep.co.za\/fr\/2009\/08\/10\/ordination-diaconale-de-jean-marie-kuzituka-didho\/"},"modified":"2009-08-10T18:25:50","modified_gmt":"2009-08-10T18:25:50","slug":"ordination-diaconale-de-jean-marie-kuzituka-didho","status":"publish","type":"post","link":"https:\/\/amagep.co.za\/fr\/ordination-diaconale-de-jean-marie-kuzituka-didho\/","title":{"rendered":"ORDINATION DIACONALE DE JEAN-MARIE KUZITUKA DID\u2019HO"},"content":{"rendered":"<p style=\"text-align: justify\" class=\"EC_MsoNormal\">\u00a0<img loading=\"lazy\" class=\" size-full wp-image-270\" src=\"https:\/\/amagep.co.za\/fr\/wp-content\/uploads\/2009\/08\/abbe-dido.jpg\" border=\"0\" width=\"370\" height=\"450\" srcset=\"https:\/\/amagep.co.za\/fr\/wp-content\/uploads\/2009\/08\/abbe-dido.jpg 370w, https:\/\/amagep.co.za\/fr\/wp-content\/uploads\/2009\/08\/abbe-dido-247x300.jpg 247w\" sizes=\"(max-width: 370px) 100vw, 370px\" \/><\/p>\n<p style=\"text-align: justify\" class=\"EC_MsoNormal\"><span><font size=\"3\"><font face=\"Times New Roman\">L\u2019archidioc\u00e8se de Johannesburg va recevoir  par le biais de son archev\u00eaque au rang de son clerg\u00e9, Mr l\u2019abb\u00e9 Jean-Marie  Kuzituka Did\u2019ho. Il sera ordonn\u00e9 diacre samedi le 22 Aout ? 10h00 ? la  cath\u00e9drale Christ Roi de Johannesburg. Mr l\u2019abb\u00e9 Jean-Marie sera le premier  clerg\u00e9 Congolais puis francophone ? \u00eatre ordonn\u00e9 de l\u2019archidioc\u00e8se de  Johannesburg.<span> <br \/><\/span><\/font><\/font><\/span><\/p>\n<p> <!--more-->   <\/p>\n<p style=\"text-align: justify\" class=\"EC_MsoNormal\"><span><font size=\"3\"><font face=\"Times New Roman\"><\/font><\/font><\/span><span><font size=\"3\"><font face=\"Times New Roman\">Qui est alors Jean-Marie Kuzituka Did\u2019ho?  L\u2019abb\u00e9 Jean-Marie est un Congolais de la RDC. Il est n\u00e9 et grandi au Congo. Il a  commenc\u00e9 ses \u00e9tudes sacerdotales ? Kinshasa o? il a obtenu le dipl\u00f4me de gradu\u00e9  en Philosophie, arriv\u00e9 en Afrique du Sud en f\u00e9vrier 2002, l\u2019abb\u00e9 Jean-Marie sera  admis ? l\u2019universit\u00e9 de Witwatersrand en d\u00e9cembre 2003 pour le programme de  licence\u00a0; il obtiendra ainsi son dipl\u00f4me de licence en Anthropologie Sociale en  d\u00e9cembre 2004. Deux ans plus tard, il obtenait son dipl\u00f4me de maitrise toujours  en Anthropologie Sociale ? la m\u00eame universit\u00e9.<\/font><\/font><\/span> <\/p>\n<p style=\"text-align: justify\" class=\"EC_MsoNormal\"><span><font size=\"3\"><font face=\"Times New Roman\">En 2005, l\u2019abb\u00e9 Jean-Marie \u00e9tait admis au  grand s\u00e9minaire John Vianney de Pretoria pour le programme de Th\u00e9ologie qu\u2019il  vient de finir cette ann\u00e9e au mois de Mai et a obtenu le dipl\u00f4me de gradu\u00e9 en  Th\u00e9ologie.<\/font><\/font><\/span> <\/p>\n<p style=\"text-align: justify\" class=\"EC_MsoNormal\"><span><font size=\"3\"><font face=\"Times New Roman\">L\u2019abb\u00e9 Jean-Marie est auteur de beaucoup  d\u2019articles socio-politiques, anthropologiques et th\u00e9ologiques. Il a aussi  beaucoup contribu\u00e9 par ses articles au site amagep.co.za tels que \u00ab\u00a0<em>Le  Pouvoir rituel et conditionnel de Kinshasa, N\u00e9cessit\u00e9 d\u2019une R\u00e9volution  Populaire<\/em>\u00a0\u00bb, \u00ab\u00a0<em>L\u2019amour, ce terme ambigu<\/em>\u00a0\u00bb pour ne citer que ceux l?.  Nombreux de ses articles sont aussi publi\u00e9s dans d\u2019autres sites, journaux et  magazines Africains, Am\u00e9ricains et Europ\u00e9ens. Ecrire est donc sa passion et  carri\u00e8re. Bient\u00f4t son premier livre sera sur le march\u00e9 du livre. Une fois cet  ouvrage est publi\u00e9, amagep vous tiendra inform\u00e9.<\/font><\/font><\/span> <\/p>\n<p style=\"text-align: justify\" class=\"EC_MsoNormal\"><span><font face=\"Times New Roman\" size=\"3\">\u00a0<\/font><\/span> <\/p>\n<p style=\"text-align: justify\" class=\"EC_MsoNormal\"><span><font size=\"3\"><font face=\"Times New Roman\">Nous vous prions de venir nombreux le 22  Aout ? 10h00 ? la Cath\u00e9drale Christ Roi de Johannesburg situ\u00e9 sur l\u2019avenue  Saratoga 13, Doornfontein soutenir notre fr\u00e8re Jean-Marie qui sera \u00e9lev\u00e9 au rang  de clerg\u00e9s de l\u2019Eglise Catholique Romaine.<\/font><\/font><\/span><\/p>\n<p style=\"text-align: justify\" class=\"EC_MsoNormal\">&nbsp;<\/p>\n<!-- AddThis Advanced Settings generic via filter on the_content --><!-- AddThis Share Buttons generic via filter on the_content -->","protected":false},"excerpt":{"rendered":"<p>\u00a0 L\u2019archidioc\u00e8se de Johannesburg va recevoir par le biais de son archev\u00eaque au rang de&#8230;<!-- AddThis Advanced Settings generic via filter on get_the_excerpt --><!-- AddThis Share Buttons generic via filter on get_the_excerpt --><\/p>\n","protected":false},"author":1,"featured_media":270,"comment_status":"open","ping_status":"open","sticky":false,"template":"","format":"standard","meta":[],"categories":[9],"tags":[],"_links":{"self":[{"href":"https:\/\/amagep.co.za\/fr\/wp-json\/wp\/v2\/posts\/271"}],"collection":[{"href":"https:\/\/amagep.co.za\/fr\/wp-json\/wp\/v2\/posts"}],"about":[{"href":"https:\/\/amagep.co.za\/fr\/wp-json\/wp\/v2\/types\/post"}],"author":[{"embeddable":true,"href":"https:\/\/amagep.co.za\/fr\/wp-json\/wp\/v2\/users\/1"}],"replies":[{"embeddable":true,"href":"https:\/\/amagep.co.za\/fr\/wp-json\/wp\/v2\/comments?post=271"}],"version-history":[{"count":0,"href":"https:\/\/amagep.co.za\/fr\/wp-json\/wp\/v2\/posts\/271\/revisions"}],"wp:featuredmedia":[{"embeddable":true,"href":"https:\/\/amagep.co.za\/fr\/wp-json\/wp\/v2\/media\/270"}],"wp:attachment":[{"href":"https:\/\/amagep.co.za\/fr\/wp-json\/wp\/v2\/media?parent=271"}],"wp:term":[{"taxonomy":"category","embeddable":true,"href":"https:\/\/amagep.co.za\/fr\/wp-json\/wp\/v2\/categories?post=271"},{"taxonomy":"post_tag","embeddable":true,"href":"https:\/\/amagep.co.za\/fr\/wp-json\/wp\/v2\/tags?post=271"}],"curies":[{"name":"wp","href":"https:\/\/api.w.org\/{rel}","templated":true}]}}