{"id":27,"date":"2008-12-18T12:22:04","date_gmt":"2008-12-18T12:22:04","guid":{"rendered":"https:\/\/amagep.co.za\/fr\/2008\/12\/18\/fr-paul-nzalio-balenza-en-concert-memorable-pour-un-nouveau-depart\/"},"modified":"2008-12-18T12:22:04","modified_gmt":"2008-12-18T12:22:04","slug":"fr-paul-nzalio-balenza-en-concert-memorable-pour-un-nouveau-depart","status":"publish","type":"post","link":"https:\/\/amagep.co.za\/fr\/fr-paul-nzalio-balenza-en-concert-memorable-pour-un-nouveau-depart\/","title":{"rendered":"Fr. Paul Nzalio Balenza en Concert Memorable pour un nouveau depart"},"content":{"rendered":"<p><img loading=\"lazy\" class=\" size-full wp-image-25\" src=\"https:\/\/amagep.co.za\/fr\/wp-content\/uploads\/2008\/12\/paul_balenza_concert.jpg\" border=\"0\" width=\"558\" height=\"374\" srcset=\"https:\/\/amagep.co.za\/fr\/wp-content\/uploads\/2008\/12\/paul_balenza_concert.jpg 558w, https:\/\/amagep.co.za\/fr\/wp-content\/uploads\/2008\/12\/paul_balenza_concert-300x201.jpg 300w\" sizes=\"(max-width: 558px) 100vw, 558px\" \/> <br \/>La carri\u00e8re musicale de notre\u00a0<span style=\"cursor: pointer\"><span class=\"hw\">fr\u00e8re<\/span>\u00a0<\/span> Paul Nzalio Balenza est riche et plein de\u00a0<span style=\"cursor: pointer\"><span class=\"hw\">succ\u00e8s<\/span><\/span> au point que rien ne nous emp\u00eache de la crier plus haut et <span style=\"cursor: pointer\"><span class=\"hw\">m\u00eame<\/span> <\/span>de l\u2019\u00e9crire. Cette <span style=\"cursor: pointer\"><span class=\"hw\">ann\u00e9e<\/span><\/span>, cet artiste musicien\u00a0<span style=\"cursor: pointer\"><span class=\"hw\">chr\u00e9tien<\/span><\/span> et \u2018catholique\u2019\u00a0<span style=\"cursor: pointer\"><span class=\"hw\">c\u00e9l\u00e8bre<\/span><\/span> le vingt <span style=\"cursor: pointer\"><span class=\"hw\">cinqui\u00e8me <\/span><\/span>anniversaire de sa\u00a0<span style=\"cursor: pointer\"><span class=\"hw\">carri\u00e8re<\/span><\/span> musicale. Par cette occasion memorable, la volont\u00e9 de Dieu a voulu que ses <span style=\"cursor: pointer\"><span class=\"hw\">gr\u00e2ce<\/span><\/span>\u00a0et b\u00e9n\u00e9dictions soient sur ses\u00a0<span style=\"cursor: pointer\"><span class=\"hw\">fid\u00e8le<\/span><\/span> vivant en Afrique du Sud<\/p>\n<p> <!--more--> <\/p>\n<p>\u00a0mais plus\u00a0<span style=\"cursor: pointer\"><span class=\"hw\">particuli\u00e8rement<\/span>\u00a0<\/span> sur ceux de Johannesbourg, Pretoria et leurs environs qui ont pris a l\u2019assaut la sale paroissiale de l\u2019Eglise Catholique Notre Dame de Lourdes de City Deep a Johannesbourg, ce Mardi 16 Decembre 2008 pour louer et\u00a0b\u00e9nir\u00a0Dieu avec le\u00a0<span style=\"cursor: pointer\"><span class=\"hw\">fr\u00e8re<\/span><\/span> Paul Balenza en concert. C\u2019\u00e9tait une soir\u00e9e particuli\u00e8re car la salle a vibre non pas comme a la coutume.<\/p>\n<p>C\u2019\u00e9tait un bon moment non seulement pour l\u2019artiste musicien Paul Balenza de faire passer le message de Dieu a ses fid\u00e8les et enfants\u00a0\u00e0 travers des chansons de louange et adorations, mais aussi pour des fid\u00e8les tant Catholiques que d\u2019autres confessions venus nombreux louer Dieu et retrouver l\u2019un des pilliers de la musique chr\u00e9tienne congolaise et communier ensemble dans ce concert amballant et haute en couleur.<\/p>\n<p>Ce concern \u00e9tait initiallement prevu a 14h00 l\u2019heure locale soit 13h00 heure de Kinshasa. Mais suite aux caprices techniques, il a faillu presqu\u2019une heure pour que tout soit mis en place et que le public savoure le \u2018premier sond\u2019 de l\u2019apr\u00e8s-midi dans la salle de l\u2019\u00e9glise precit\u00e9e de Jobourg. C\u2019\u00e9tait a ce moment que fr\u00e8re Paul Balenza et ses musiciens sont montes au podium pour communier avec le public venu nombreux pour louer et adorer Dieu. Fr\u00e8re Paul et les siens ont parcouru leurs riches r\u00e9pertoires de vingt cinq ans de carri\u00e8re pour\u00a0<span style=\"cursor: pointer\"><span class=\"hw\">\u00eatre<\/span><\/span> a la hauteur du rendez-vous. <\/p>\n<p><img loading=\"lazy\" class=\" size-full wp-image-26\" src=\"https:\/\/amagep.co.za\/fr\/wp-content\/uploads\/2008\/12\/paul_balenza_concert-ii.jpg\" border=\"0\" width=\"564\" height=\"370\" srcset=\"https:\/\/amagep.co.za\/fr\/wp-content\/uploads\/2008\/12\/paul_balenza_concert-ii.jpg 564w, https:\/\/amagep.co.za\/fr\/wp-content\/uploads\/2008\/12\/paul_balenza_concert-ii-300x197.jpg 300w\" sizes=\"(max-width: 564px) 100vw, 564px\" \/><\/p>\n<p>Les voix, les instruments, la sc\u00e8ne chor\u00e9graphique et sons ont \u00e9galement fait partie int\u00e9grante du concert. Le spectacle \u00e9tait impecable. L\u2019ambiance \u00e9tait donc totale au point que le public ne cessait de reclamer la reprise (Bis, bis) des tubes ou mieux des cantiques proposes pendant la prestation.<\/p>\n<p>&nbsp;<\/p>\n<!-- AddThis Advanced Settings generic via filter on the_content --><!-- AddThis Share Buttons generic via filter on the_content -->","protected":false},"excerpt":{"rendered":"<p>La carri\u00e8re musicale de notre\u00a0fr\u00e8re\u00a0 Paul Nzalio Balenza est riche et plein de\u00a0succ\u00e8s au point&#8230;<!-- AddThis Advanced Settings generic via filter on get_the_excerpt --><!-- AddThis Share Buttons generic via filter on get_the_excerpt --><\/p>\n","protected":false},"author":1,"featured_media":25,"comment_status":"open","ping_status":"open","sticky":false,"template":"","format":"standard","meta":[],"categories":[9],"tags":[],"_links":{"self":[{"href":"https:\/\/amagep.co.za\/fr\/wp-json\/wp\/v2\/posts\/27"}],"collection":[{"href":"https:\/\/amagep.co.za\/fr\/wp-json\/wp\/v2\/posts"}],"about":[{"href":"https:\/\/amagep.co.za\/fr\/wp-json\/wp\/v2\/types\/post"}],"author":[{"embeddable":true,"href":"https:\/\/amagep.co.za\/fr\/wp-json\/wp\/v2\/users\/1"}],"replies":[{"embeddable":true,"href":"https:\/\/amagep.co.za\/fr\/wp-json\/wp\/v2\/comments?post=27"}],"version-history":[{"count":0,"href":"https:\/\/amagep.co.za\/fr\/wp-json\/wp\/v2\/posts\/27\/revisions"}],"wp:featuredmedia":[{"embeddable":true,"href":"https:\/\/amagep.co.za\/fr\/wp-json\/wp\/v2\/media\/25"}],"wp:attachment":[{"href":"https:\/\/amagep.co.za\/fr\/wp-json\/wp\/v2\/media?parent=27"}],"wp:term":[{"taxonomy":"category","embeddable":true,"href":"https:\/\/amagep.co.za\/fr\/wp-json\/wp\/v2\/categories?post=27"},{"taxonomy":"post_tag","embeddable":true,"href":"https:\/\/amagep.co.za\/fr\/wp-json\/wp\/v2\/tags?post=27"}],"curies":[{"name":"wp","href":"https:\/\/api.w.org\/{rel}","templated":true}]}}