{"id":269,"date":"2009-08-08T08:15:35","date_gmt":"2009-08-08T08:15:35","guid":{"rendered":"https:\/\/amagep.co.za\/fr\/2009\/08\/08\/aimelia-lias-demingongo-tres-populaire-en-afrique-du-sud\/"},"modified":"2009-08-08T08:15:35","modified_gmt":"2009-08-08T08:15:35","slug":"aimelia-lias-demingongo-tres-populaire-en-afrique-du-sud","status":"publish","type":"post","link":"https:\/\/amagep.co.za\/fr\/aimelia-lias-demingongo-tres-populaire-en-afrique-du-sud\/","title":{"rendered":"Aimelia Lias Demingongo tr\u00e8s Populaire en Afrique du Sud"},"content":{"rendered":"<pre><img loading=\"lazy\" class=\" size-full wp-image-267\" src=\"https:\/\/amagep.co.za\/fr\/wp-content\/uploads\/2009\/08\/emelia_concert_kin_malebo.jpg\" border=\"0\" width=\"400\" height=\"405\" srcset=\"https:\/\/amagep.co.za\/fr\/wp-content\/uploads\/2009\/08\/emelia_concert_kin_malebo.jpg 400w, https:\/\/amagep.co.za\/fr\/wp-content\/uploads\/2009\/08\/emelia_concert_kin_malebo-296x300.jpg 296w, https:\/\/amagep.co.za\/fr\/wp-content\/uploads\/2009\/08\/emelia_concert_kin_malebo-100x100.jpg 100w\" sizes=\"(max-width: 400px) 100vw, 400px\" \/><\/pre>\n<pre><span>\u00a0<\/span><\/pre>\n<pre><span>Dans le cadre du 91eme anniversaire de Nelson Mandela ce week-end 18Juillet dernier,<\/span><\/pre>\n<pre><span>tout le pays a vibrer de Joie en RSA, et c'\u00e9tait la grande F\u00eate Populaire.<\/span><\/pre>\n<pre><span>L'Artiste a passer toute une semaine de r\u00e9p\u00e9tition pour pr\u00e9parer son concert de Samedi 18 Juillet. <\/span><\/pre>\n<pre><span>Juste apr\u00e8s Koffi Olomide, Aimelia Lias a r\u00e9ussi a se faire interviewerpar une <\/span><\/pre>\n<pre><span>tr\u00e8s grande cha\u00eene SABC International et encore SABC 3 et SABC 2 de la RSA.<\/span><\/pre>\n<p> <!--more--> <\/p>\n<pre><span>\u00a0<\/span><\/pre>\n<pre><span>Il sied de noter que l'Ambiance \u00e9tait au top dans les r\u00e9p\u00e9titions de l'Artiste <\/span><\/pre>\n<pre><span>jusqu'a transformer le lieu<span>\u00a0 <\/span>en place de retrouvaille surtout que personne <\/span><\/pre>\n<pre><span>ne voulait rater les notes de Wenge Ancienne Formule a travers Aimelia.<span>\u00a0 <\/span><\/span><\/pre>\n<pre><span>D'ailleurs nous avons pu enregistrer un acte barbare dans la toute derni\u00e8re r\u00e9p\u00e9tition <\/span><\/pre>\n<pre><span>de Vendredi 17 Juillet ou des gens se sont confrontes entre'eux en cassant <\/span><\/pre>\n<pre><span>des bouteilles jusqu'a l'arriv\u00e9e de la Police Locale.<\/span><\/pre>\n<pre><span>\u00a0<\/span><\/pre>\n<pre><span>Le jour-j Samedi, la m\u00eame tension a conduit les pens\u00e9es des spectateurs <\/span><\/pre>\n<pre><span>jusqu'\u00e0 \u00e9viter de se tenir au lieu du concert qui \u00e9tait pr\u00e9vu de commencer a 16h00.<\/span><\/pre>\n<pre><span>Ce n'est que vers 21h00 que la cha\u00eene SABC des Sud Africains , HPPA,Danny Image <\/span><\/pre>\n<pre><span>et la RTGA se sont fait remarquer ensemble avec l'\u00e9quipe d'accompagnement <\/span><\/pre>\n<pre><span>de la Vedette Congolaise pour d\u00e9buterl'\u00e9v\u00e9nement.<\/span><\/pre>\n<pre><span>Une nombreuse Foule a r\u00e9pondu au rendez-vous et nous avons <\/span><\/pre>\n<pre><span>remarquer la pr\u00e9sence des<span>\u00a0 <\/span>Docteurs, Economistes ,juristes<span>\u00a0 <\/span>et plusieurs A\u00een\u00e9s <\/span><\/pre>\n<pre><span>et pleins d'autres personnes...<\/span><\/pre>\n<pre><span>\u00a0<\/span><\/pre>\n<pre><span>Aimelia s'est tr\u00e8s bien d\u00e9fendu artistiquement parlant avec de belles<\/span><\/pre>\n<pre><span> m\u00e9lodies et la joie \u00e9tait immense jusqu'a commencer a faire rappeler <\/span><\/pre>\n<pre><span>aux gens l'ancienne mouvance de la Samba Playa actuellement <\/span><\/pre>\n<pre><span>\"Zamba Playa\" comment Wenge Musica Maison Mere vibrait ensemble <\/span><\/pre>\n<pre><span>avec Aimelia Lias, et les autres...<span>\u00a0 <\/span>Vraiment nous avons senti la nostalgie <\/span><\/pre>\n<pre><span>frapper plusieurs personnesau rendez-vous.<\/span><\/pre>\n<pre><span>L'ambiance a pr\u00e9c\u00e8de le d\u00e9sordre qui viendra dominer l'\u00e9v\u00e9nement jusqu'aux tirs <\/span><\/pre>\n<pre><span>des bals;<span>\u00a0 <\/span>Mais malgr\u00e9 cela les gens ne voulaient pas a ce que la Vedette stoppe la musique...<\/span><\/pre>\n<pre><span>Finalement l'Artiste Syst\u00e8me de 3 Etoiles a du arr\u00eater parce qu'il commen\u00e7ait d\u00e9j\u00e0 afaire tard...<\/span><\/pre>\n<pre><span>F\u00e9licitation au management de Kin Malebo qui a pu entretenir cette foule bien <\/span><\/pre>\n<pre><span>que cen'\u00e9tait pas du tout facile...<span>\u00a0 <\/span>Dans cette m\u00eame ambiance, Mr Jean-Bedel<\/span><\/pre>\n<pre><span> lui aussi invitera l'Artistepour passer un petit moment a la r\u00e9f\u00e9rence.<\/span><\/pre>\n<pre><span>Le Dimanche 19 Juillet, un groupe des fans a tenu a le revoir juste pour<\/span><\/pre>\n<pre><span>encouragement et motivation dans sa carri\u00e8re musicale.<span>\u00a0 <\/span>C'est pourquoi nous <\/span><\/pre>\n<pre><span>conseillons a tout lecteur de cet article de souvent \"Cultiver l'Amour et non la Haine\"<\/span><\/pre>\n<pre><span>et surtout de reconna\u00eetre que \"L'Humilit\u00e9 pr\u00e9c\u00e8de La Gloire\"...<\/span><\/pre>\n<pre><span>Aimelia Lias Demingongo est un Artiste trs combattu mais jamais abattu!<\/span><\/pre>\n<pre><span>Seul Dieu le P\u00e8re \u00e9lev\u00e9 lorsque les gens de mauvaise foi essaient de le rabaisser.<\/span><\/pre>\n<pre><span>C'est pourquoi il se d\u00e9clare lui-m\u00eame \"Une Race des Vainqueurs\" comme son Orchestre aussi.<\/span><\/pre>\n<pre><span>L'Artiste \u00e9tait d\u00e9j\u00e0 de retour en Europe depuis le Mercredi 22 Juillet et nous<\/span><\/pre>\n<pre><span>pr\u00e9vient qu'il a un calendrier tr\u00e8s charge des concerts pr\u00e9vus pour le 15 Ao\u00fbt dans <\/span><\/pre>\n<pre><span>un Festival Antillais ensemble avec le Groupe Kassav; <\/span><\/pre>\n<pre><span>Au pays de nos Anc\u00eatres la RD Congo il jouera le 17 Ao\u00fbt a la Foire Internationale <\/span><\/pre>\n<pre><span>de Kinshasa et promets de retourner en Afrique du Sud en Septembre pour livrer <\/span><\/pre>\n<pre><span>quelques concerts a Durban et Cape Town.<\/span><\/pre>\n<pre><span>\u00a0<\/span><img loading=\"lazy\" class=\" size-full wp-image-268\" src=\"https:\/\/amagep.co.za\/fr\/wp-content\/uploads\/2009\/08\/emelia_concert_kin_maleboi.jpg\" border=\"0\" width=\"400\" height=\"334\" srcset=\"https:\/\/amagep.co.za\/fr\/wp-content\/uploads\/2009\/08\/emelia_concert_kin_maleboi.jpg 400w, https:\/\/amagep.co.za\/fr\/wp-content\/uploads\/2009\/08\/emelia_concert_kin_maleboi-300x251.jpg 300w\" sizes=\"(max-width: 400px) 100vw, 400px\" \/><\/pre>\n<pre><span>Vraiment Grand Bravo a Patrick Beni Mavungu ensemble avec toute la Presse qui a<\/span><\/pre>\n<pre><span>particip\u00e9 a l'\u00e9v\u00e9nement; nous citons: Roger Kizunga, Ali Bokuma, Danny Image, <\/span><\/pre>\n<pre><span>Bibiche Nsuku, Ren\u00e9 Otsudi, Cedar Amuri , HPPA Jean <\/span><\/pre>\n<pre><span>Marie Mpumpa, Roger Mpumpa, Filston Pelende, Jos\u00e9 de Jesus<span>\u00a0 <\/span>, RTGA avec <\/span><\/pre>\n<pre><span>(Hortancia Nyange, Patient <span>\u00a0<\/span>Kachungunu, Chris Bubu, Marley Mbokumu) et a Mike MC Baye, AMAGEP.<\/span><\/pre>\n<pre><span>Encouragement au Staff Management de Kin Malebo du Pr\u00e9sident Mike Bombito, la<\/span><\/pre>\n<pre><span>R\u00e9f\u00e9rence, M6, JRG Ing\u00e9nieur Jean-Ren\u00e9 Golo, aussi a tous les ma\u00eetres <\/span><\/pre>\n<pre><span>de S\u00e9curit\u00e9 et toute l'Equipe d'Accompagnement Musicale<\/span><\/pre>\n<pre><span>d'Aimelia.Bravo encore une fois a Touckson Deolo, Gaspard Beyoko, <\/span><\/pre>\n<pre><span>Alain Efomi, Eric Mutanga de cape Town, Ado ...,<\/span><\/pre>\n<pre><span>\u00a0<\/span><\/pre>\n<pre><span>Pour en savoir plus sur Aimelia Lias veuillez cliquer sur ces liens<span>\u00a0 <\/span>afin de voir<\/span><\/pre>\n<pre><span>l\u2019arriv\u00e9e et la Conf\u00e9rence de Presse sur SABC...<\/span><\/pre>\n<pre><span>\u00a0<\/span><\/pre>\n<p class=\"MsoNormal\"><span><a href=\"http:\/\/www.radiookapi.net\/index.php?i=78&#038;a=56&#038;n=Aimelia%20Lias%20:%20\u00ab%20Race%20des%20vainqueurs%20\u00bb%20en%20bonne%20position\" title=\"www.radiokapi.com\">Radiokapi.com<\/a><\/span><\/p>\n<p class=\"MsoNormal\"><a href=\"http:\/\/www.youtube.com\/watch?v=LuK80L-Dtt8\" title=\"Imagep\">Image\u00a0<\/a><\/p>\n<p class=\"MsoNormal\"><a href=\"http:\/\/www.ndule2kin.skyblog.com\" title=\"image\">Image\u00a0<\/a><\/p>\n<!-- AddThis Advanced Settings generic via filter on the_content --><!-- AddThis Share Buttons generic via filter on the_content -->","protected":false},"excerpt":{"rendered":"<p>\u00a0 Dans le cadre du 91eme anniversaire de Nelson Mandela ce week-end 18Juillet dernier, tout&#8230;<!-- AddThis Advanced Settings generic via filter on get_the_excerpt --><!-- AddThis Share Buttons generic via filter on get_the_excerpt --><\/p>\n","protected":false},"author":1,"featured_media":267,"comment_status":"open","ping_status":"open","sticky":false,"template":"","format":"standard","meta":[],"categories":[8],"tags":[],"_links":{"self":[{"href":"https:\/\/amagep.co.za\/fr\/wp-json\/wp\/v2\/posts\/269"}],"collection":[{"href":"https:\/\/amagep.co.za\/fr\/wp-json\/wp\/v2\/posts"}],"about":[{"href":"https:\/\/amagep.co.za\/fr\/wp-json\/wp\/v2\/types\/post"}],"author":[{"embeddable":true,"href":"https:\/\/amagep.co.za\/fr\/wp-json\/wp\/v2\/users\/1"}],"replies":[{"embeddable":true,"href":"https:\/\/amagep.co.za\/fr\/wp-json\/wp\/v2\/comments?post=269"}],"version-history":[{"count":0,"href":"https:\/\/amagep.co.za\/fr\/wp-json\/wp\/v2\/posts\/269\/revisions"}],"wp:featuredmedia":[{"embeddable":true,"href":"https:\/\/amagep.co.za\/fr\/wp-json\/wp\/v2\/media\/267"}],"wp:attachment":[{"href":"https:\/\/amagep.co.za\/fr\/wp-json\/wp\/v2\/media?parent=269"}],"wp:term":[{"taxonomy":"category","embeddable":true,"href":"https:\/\/amagep.co.za\/fr\/wp-json\/wp\/v2\/categories?post=269"},{"taxonomy":"post_tag","embeddable":true,"href":"https:\/\/amagep.co.za\/fr\/wp-json\/wp\/v2\/tags?post=269"}],"curies":[{"name":"wp","href":"https:\/\/api.w.org\/{rel}","templated":true}]}}