{"id":265,"date":"2009-08-06T08:24:54","date_gmt":"2009-08-06T08:24:54","guid":{"rendered":"https:\/\/amagep.co.za\/fr\/2009\/08\/06\/congofoot-citoyen-en-formation-de-journalistes-africains-pour-la-coupe-du-monde-2010\/"},"modified":"2009-08-06T08:24:54","modified_gmt":"2009-08-06T08:24:54","slug":"congofoot-citoyen-en-formation-de-journalistes-africains-pour-la-coupe-du-monde-2010","status":"publish","type":"post","link":"https:\/\/amagep.co.za\/fr\/congofoot-citoyen-en-formation-de-journalistes-africains-pour-la-coupe-du-monde-2010\/","title":{"rendered":"Congofoot Citoyen en Formation de journalistes africains pour la Coupe du Monde 2010"},"content":{"rendered":"<p class=\"MsoNormal\"><img loading=\"lazy\" class=\" size-full wp-image-264\" src=\"https:\/\/amagep.co.za\/fr\/wp-content\/uploads\/2009\/08\/sergetungila.jpg\" border=\"0\" width=\"381\" height=\"535\" \/><\/p>\n<p class=\"MsoNormal\">La Fondation AFP forme plus de 300 journalistes sportifs et photographes Africains dans la perspective de la Coupe du Monde 2010 dans le cadre d&rsquo;un accord avec la F\u00e9d\u00e9ration internationale de football (FIFA),avec le soutien de la Commission Europ\u00e9enne.<\/p>\n<p> <!--more--> <\/p>\n<p class=\"MsoNormal\">&nbsp;<\/p>\n<p class=\"MsoNormal\"><span>Ce programme sp\u00e9cifique s&rsquo;inscrit dans le cadre du projet de d\u00e9veloppement \u00e9conomique et social de la FIFA Gagner en Afrique avec l&rsquo;Afrique lanc\u00e9 apr\u00e8s l&rsquo;attribution de la Coupe du Monde 2010 \u00e0 l&rsquo;Afrique du Sud.<\/span><\/p>\n<p class=\"MsoNormal\"><span>Des journalistes originaires de 53 pays africains se retrouvent dans huit villes du continent (Libreville, le Caire, Rabat, Dakar, Johannesburg, Lagos, Maputo et Nairobi) pour une premi\u00e8re formation d&rsquo;une semaine au premier semestre 2009 et une deuxi\u00e8me de perfectionnement au deuxi\u00e8me semestre.<\/span><\/p>\n<p class=\"MsoNormal\"><span>Sur ce, Congofoot Citoyen<span>\u00a0 <\/span>a \u00e9t\u00e9 retenu dans la session du 19 au 25 juillet \u00e0 Libreville d&rsquo;o\u00f9 Serge TUNGILA et maitre Didier KANKU ont \u00e9t\u00e9 presents , \u00e0 noter que dans la session de cette c&rsquo;est le Journaliste Emmanuel Barranguet de l&rsquo;AFP qui a \u00e9t\u00e9 le formateur du groupe dont plusieurs journalistes venus du Cameroun,Niger et la RDC participants au stage ont recu \u00e0 la fin un certificat d&rsquo;honneur.<\/span><\/p>\n<p class=\"MsoNormal\">Source<\/p>\n<p class=\"MsoNormal\"><a href=\"http:\/\/www.congofootcitoyen.com\/congo-foot-article.php?id=269\" title=\"www.congofootcitoyen.com\">Congofootcitoyen.com\u00a0<\/a><\/p>\n<p class=\"MsoNormal\"><span><span>\u00a0 <\/span><\/span><\/p>\n<!-- AddThis Advanced Settings generic via filter on the_content --><!-- AddThis Share Buttons generic via filter on the_content -->","protected":false},"excerpt":{"rendered":"<p>La Fondation AFP forme plus de 300 journalistes sportifs et photographes Africains dans la perspective&#8230;<!-- AddThis Advanced Settings generic via filter on get_the_excerpt --><!-- AddThis Share Buttons generic via filter on get_the_excerpt --><\/p>\n","protected":false},"author":1,"featured_media":264,"comment_status":"open","ping_status":"open","sticky":false,"template":"","format":"standard","meta":[],"categories":[7],"tags":[],"_links":{"self":[{"href":"https:\/\/amagep.co.za\/fr\/wp-json\/wp\/v2\/posts\/265"}],"collection":[{"href":"https:\/\/amagep.co.za\/fr\/wp-json\/wp\/v2\/posts"}],"about":[{"href":"https:\/\/amagep.co.za\/fr\/wp-json\/wp\/v2\/types\/post"}],"author":[{"embeddable":true,"href":"https:\/\/amagep.co.za\/fr\/wp-json\/wp\/v2\/users\/1"}],"replies":[{"embeddable":true,"href":"https:\/\/amagep.co.za\/fr\/wp-json\/wp\/v2\/comments?post=265"}],"version-history":[{"count":0,"href":"https:\/\/amagep.co.za\/fr\/wp-json\/wp\/v2\/posts\/265\/revisions"}],"wp:featuredmedia":[{"embeddable":true,"href":"https:\/\/amagep.co.za\/fr\/wp-json\/wp\/v2\/media\/264"}],"wp:attachment":[{"href":"https:\/\/amagep.co.za\/fr\/wp-json\/wp\/v2\/media?parent=265"}],"wp:term":[{"taxonomy":"category","embeddable":true,"href":"https:\/\/amagep.co.za\/fr\/wp-json\/wp\/v2\/categories?post=265"},{"taxonomy":"post_tag","embeddable":true,"href":"https:\/\/amagep.co.za\/fr\/wp-json\/wp\/v2\/tags?post=265"}],"curies":[{"name":"wp","href":"https:\/\/api.w.org\/{rel}","templated":true}]}}