{"id":263,"date":"2009-08-05T08:03:35","date_gmt":"2009-08-05T08:03:35","guid":{"rendered":"https:\/\/amagep.co.za\/fr\/2009\/08\/05\/mahmoud-ahmadinejad-a-prete-serment-devant-le-parlement\/"},"modified":"2009-08-05T08:03:35","modified_gmt":"2009-08-05T08:03:35","slug":"mahmoud-ahmadinejad-a-prete-serment-devant-le-parlement","status":"publish","type":"post","link":"https:\/\/amagep.co.za\/fr\/mahmoud-ahmadinejad-a-prete-serment-devant-le-parlement\/","title":{"rendered":"Mahmoud Ahmadinejad a pr\u00eat\u00e9 serment devant le Parlement"},"content":{"rendered":"<p><img loading=\"lazy\" class=\" size-full wp-image-262\" src=\"https:\/\/amagep.co.za\/fr\/wp-content\/uploads\/2009\/08\/iran-new-m_1.jpg\" border=\"0\" width=\"345\" height=\"260\" srcset=\"https:\/\/amagep.co.za\/fr\/wp-content\/uploads\/2009\/08\/iran-new-m_1.jpg 345w, https:\/\/amagep.co.za\/fr\/wp-content\/uploads\/2009\/08\/iran-new-m_1-300x226.jpg 300w\" sizes=\"(max-width: 345px) 100vw, 345px\" \/><\/p>\n<p>Le pr\u00e9sident iranien Mahmoud Ahmadinejad a pr\u00eat\u00e9 serment mercredi et promis que son nouveau mandat serait \u00ab\u00a0le d\u00e9but de changements importants en Iran et dans le monde\u00a0\u00bb tandis qu&rsquo;une manifestation de l&rsquo;opposition a \u00e9t\u00e9 dispers\u00e9e.<\/p>\n<p> <!--more--> <\/p>\n<p>&nbsp;<\/p>\n<p>\u00ab\u00a0L&rsquo;\u00e9pop\u00e9e de l&rsquo;\u00e9lection pr\u00e9sidentielle du 12 juin est le d\u00e9but de changements importants en Iran et dans le monde\u00a0\u00bb, a d\u00e9clar\u00e9 le pr\u00e9sident devant le Parlement.<\/p>\n<p>A l&rsquo;ext\u00e9rieur du Parlement, la police a dispers\u00e9 plusieurs centaines d&rsquo;opposants qui tentaient de se rassembler et \u00ab\u00a0qui scandaient des slogans contre Mahmoud Ahmadinejad\u00a0\u00bb, selon un t\u00e9moin.<\/p>\n<p>\u00ab\u00a0Nous r\u00e9sisterons face aux (pays) oppresseurs et nous allons continuer \u00e0 agir pour changer les m\u00e9canismes discriminatoires dans le monde, au b\u00e9n\u00e9fice de toutes les nations\u00a0\u00bb, a  ajout\u00e9 Mahmoud Ahmadinejad.<\/p>\n<p>\u00ab\u00a0Ils (les pays occidentaux) ont dit qu&rsquo;ils reconnaissent les \u00e9lections (en Iran) mais qu&rsquo;ils n&rsquo;enverraient pas de message de f\u00e9licitations. Cela signifie qu&rsquo;ils veulent la d\u00e9mocratie seulement pour leurs propres int\u00e9r\u00eats et ne respectent pas les droits des peuples\u00a0\u00bb, a-t-il estim\u00e9.<\/p>\n<p>\u00ab\u00a0Sachez qu&rsquo;en Iran, personne n&rsquo;attend vos messages de f\u00e9licitations\u00a0\u00bb, a-t-il lanc\u00e9.<\/p>\n<p>La s\u00e9ance du parlement a \u00e9t\u00e9 pr\u00e9sid\u00e9e par son pr\u00e9sident Ali Larijani.<\/p>\n<p>\u00ab\u00a0Certains gouvernements occidentaux se sont ridiculis\u00e9s par leur comportement pr\u00e9cipit\u00e9 et les Iraniens, unis et d&rsquo;une seule voix, r\u00e9pondront le moment venu \u00e0 leurs calomnies\u00a0\u00bb, a d\u00e9clar\u00e9 M. Larijani dans son discours.<\/p>\n<p>L&rsquo;ex-pr\u00e9sident Akbar Hach\u00e9mi Rafsandjani, qui pr\u00e9side deux institutions cl\u00e9s du pouvoir, le Conseil de discernement et l&rsquo;Assembl\u00e9e des experts, n&rsquo;a pas assist\u00e9 \u00e0 la c\u00e9r\u00e9monie, selon un journaliste de l&rsquo;AFP. Les si\u00e8ges de la salle n&rsquo;\u00e9taient pas tous occup\u00e9s, selon des images diffus\u00e9s par la t\u00e9l\u00e9vision.<\/p>\n<p>La c\u00e9r\u00e9monie a commenc\u00e9 par la r\u00e9citation de verset du Coran.<\/p>\n<p>Depuis le 12 juin et la r\u00e9\u00e9lection du pr\u00e9sident d\u00e8s le premier tour avec pr\u00e8s de 63% des voix, l&rsquo;Iran est plong\u00e9 dans sa plus grave crise politique depuis l&rsquo;instauration de la R\u00e9publique islamique en 1979, avec des manifestations monstres.<\/p>\n<p>Une trentaine de personnes ont \u00e9t\u00e9 tu\u00e9es, environ 2.000 ont \u00e9t\u00e9 arr\u00eat\u00e9es et plus d&rsquo;une centaine sont jug\u00e9es par le tribunal r\u00e9volutionnaire de T\u00e9h\u00e9ran.<\/p>\n<p>Le pr\u00e9sident ultraconservateur avait \u00e9t\u00e9 confirm\u00e9 dans ses fonctions lundi par le guide supr\u00eame, l&rsquo;ayatollah Ali Khamenei.<\/p>\n<p>Il disposera apr\u00e8s l&rsquo;investiture de deux semaines pour pr\u00e9senter les membres de son nouveau gouvernement aux d\u00e9put\u00e9s en vue d&rsquo;obtenir un vote de confiance.<\/p>\n<p>Alors que les leaders de l&rsquo;opposition Mir Hossein Moussavi et Mehdi Karoubi r\u00e9clament toujours l&rsquo;annulation de l&rsquo;\u00e9lection pour fraude, le chef du pouvoir judiciaire, l&rsquo;ayatollah Mahmoud Hachemi Chahroudi, a appel\u00e9 mardi \u00e0 l&rsquo;unit\u00e9.<\/p>\n<p>Le journal d&rsquo;opposition Etemad Melli avait laiss\u00e9 entendre mardi que l&rsquo;opposition pourrait ne pas prendre part \u00e0 la prestation de serment.<\/p>\n<p>Source<\/p>\n<p><a href=\"http:\/\/www.france24.com\/fr\/20090805-ahmadinejad-serment-second-mandat-parlement-iran-president-opposition\" title=\"www.france24.com\">France24.com<\/a>   <\/p>\n<!-- AddThis Advanced Settings generic via filter on the_content --><!-- AddThis Share Buttons generic via filter on the_content -->","protected":false},"excerpt":{"rendered":"<p>Le pr\u00e9sident iranien Mahmoud Ahmadinejad a pr\u00eat\u00e9 serment mercredi et promis que son nouveau mandat&#8230;<!-- AddThis Advanced Settings generic via filter on get_the_excerpt --><!-- AddThis Share Buttons generic via filter on get_the_excerpt --><\/p>\n","protected":false},"author":1,"featured_media":262,"comment_status":"open","ping_status":"open","sticky":false,"template":"","format":"standard","meta":[],"categories":[6],"tags":[],"_links":{"self":[{"href":"https:\/\/amagep.co.za\/fr\/wp-json\/wp\/v2\/posts\/263"}],"collection":[{"href":"https:\/\/amagep.co.za\/fr\/wp-json\/wp\/v2\/posts"}],"about":[{"href":"https:\/\/amagep.co.za\/fr\/wp-json\/wp\/v2\/types\/post"}],"author":[{"embeddable":true,"href":"https:\/\/amagep.co.za\/fr\/wp-json\/wp\/v2\/users\/1"}],"replies":[{"embeddable":true,"href":"https:\/\/amagep.co.za\/fr\/wp-json\/wp\/v2\/comments?post=263"}],"version-history":[{"count":0,"href":"https:\/\/amagep.co.za\/fr\/wp-json\/wp\/v2\/posts\/263\/revisions"}],"wp:featuredmedia":[{"embeddable":true,"href":"https:\/\/amagep.co.za\/fr\/wp-json\/wp\/v2\/media\/262"}],"wp:attachment":[{"href":"https:\/\/amagep.co.za\/fr\/wp-json\/wp\/v2\/media?parent=263"}],"wp:term":[{"taxonomy":"category","embeddable":true,"href":"https:\/\/amagep.co.za\/fr\/wp-json\/wp\/v2\/categories?post=263"},{"taxonomy":"post_tag","embeddable":true,"href":"https:\/\/amagep.co.za\/fr\/wp-json\/wp\/v2\/tags?post=263"}],"curies":[{"name":"wp","href":"https:\/\/api.w.org\/{rel}","templated":true}]}}