{"id":261,"date":"2009-07-30T08:21:36","date_gmt":"2009-07-30T08:21:36","guid":{"rendered":"https:\/\/amagep.co.za\/fr\/2009\/07\/30\/et-si-tshala-muana-avait-menti-sur-son-agression-a-bruxelles-et-sur-lenlevement-de-ses-danseuses-a\/"},"modified":"2009-07-30T08:21:36","modified_gmt":"2009-07-30T08:21:36","slug":"et-si-tshala-muana-avait-menti-sur-son-agression-a-bruxelles-et-sur-lenlevement-de-ses-danseuses-a","status":"publish","type":"post","link":"https:\/\/amagep.co.za\/fr\/et-si-tshala-muana-avait-menti-sur-son-agression-a-bruxelles-et-sur-lenlevement-de-ses-danseuses-a\/","title":{"rendered":"Et si Tshala Muana avait menti sur son agression \u00e0 Bruxelles et sur l\u2019enl\u00e8vement de ses danseuses \u00e0"},"content":{"rendered":"<table border=\"0\" cellspacing=\"0\" cellpadding=\"0\" width=\"492\" height=\"1102\">\n<tbody>\n<tr>\n<td class=\"chapeau\" align=\"left\">\n<p class=\"spip\"><img loading=\"lazy\" class=\" size-full wp-image-260\" src=\"https:\/\/amagep.co.za\/fr\/wp-content\/uploads\/2009\/07\/tshala_muana.jpg\" border=\"0\" width=\"469\" height=\"391\" srcset=\"https:\/\/amagep.co.za\/fr\/wp-content\/uploads\/2009\/07\/tshala_muana.jpg 498w, https:\/\/amagep.co.za\/fr\/wp-content\/uploads\/2009\/07\/tshala_muana-300x250.jpg 300w\" sizes=\"(max-width: 469px) 100vw, 469px\" \/><\/p>\n<p class=\"spip\">Tshala Muana n\u2019aurait pas \u00e9t\u00e9 agress\u00e9e par des <em class=\"spip\">Bana  Congo,<\/em> ou tout au moins pas tel qu\u2019elle a d\u00e9crit les faits. Aussi, ses  danseuses qui se seraient volatilis\u00e9es \u00e0 Paris sur conseil des m\u00eames <em class=\"spip\">Bana Congo<\/em> n\u2019auraient \u00e9t\u00e9 que des \u00ab\u00a0ngulu\u00a0\u00bb, des filles \u00e0 qui  elle aurait \u00ab\u00a0vendu\u00a0\u00bb des visas.<\/p>\n<p> <!--more--> <\/p>\n<p class=\"spip\"> Il s\u2019agit l\u00e0 des rumeurs qui seraient parties  du consulat de Belgique \u00e0 Kinshasa, rumeurs que cette repr\u00e9sentation  diplomatique et la police belge, contact\u00e9es par Afriqu\u2019\u00c9chos Magazine (AEM),  s\u2019abstiennent de&#8230; d\u00e9mentir. Ce que d\u2019aucuns consid\u00e8rent come une  confirmation\u00a0: Tshala Muana aurait, en effet, menti ou tout simplement gonfl\u00e9  les faits.<\/p>\n<p><\/td>\n<\/tr>\n<tr>\n<td class=\"textmilieu1\" align=\"left\">\n<p class=\"spip\">L\u2019affaire avait suscit\u00e9 un \u00e9moi tout \u00e0 fait justifi\u00e9\u00a0: la  chanteuse congolaise Tshala Muana, en s\u00e9jour en Europe au mois de juin, avait  affirm\u00e9 avoir \u00e9t\u00e9 sauvagement agress\u00e9e \u00e0 la gare du Midi \u00e0 Bruxelles. Dans sa  description des faits reprise sur le site <a class=\"spip_out\" href=\"http:\/\/www.digitalcongo.net\/article\/58869\">Digitalcongo<\/a>, la chanteuse  assure que ses agresseurs avaient bloqu\u00e9 les portes de la gare bruxelloise  tandis que d\u2019autres complices l\u2019attendaient dans le train Thalys qu\u2019elle devait  prendre. Difficile, en effet, d\u2019imaginer le blocus de la gare du Midi par une  poign\u00e9e de personnes. Par ailleurs, la chanteuse a d\u00e9clar\u00e9 que les complices  mont\u00e9s dans le train, pour l\u2019y attendre, avaient \u00e9t\u00e9 arr\u00eat\u00e9s parce qu\u2019ils  n\u2019avaient pas de titre de voyage. Version difficile \u00e0 croire, car tout le monde  sait que la pr\u00e9sentation de son titre de voyage est exig\u00e9e sur le quai avant  d\u2019embarquer dans un TGV Thalys.<\/p>\n<p class=\"spip\"><strong class=\"spip\">Danseuses ou \u00ab\u00a0ngulu\u00a0\u00bb\u00a0?<\/strong><\/p>\n<p class=\"spip\">Apr\u00e8s l\u2019agression pr\u00e9sum\u00e9e de la gare du Midi \u00e0 Bruxelles, Tshala  Muana s\u2019est plainte de la disparition dans la nature de ses danseuses sur  conseil des opposants au pr\u00e9sident Kabila. Selon, certains artistes qui ont  r\u00e9cemment d\u00e9pos\u00e9 des demandes de visas au consulat de Belgique \u00e0 Kinshasa, leurs  demandes ont \u00e9t\u00e9 rejet\u00e9es \u00e0 cause de cette affaire. Certains responsables du  consulat auraient justifi\u00e9 ces refus par le \u00ab\u00a0<em class=\"spip\">mensonge de Tshala  Muana dont les pr\u00e9tendues danseuses \u00e9taient tout simplement des filles qui lui  auraient vers\u00e9 de l\u2019argent contre un visa Schengen\u00a0<\/em>\u00a0\u00bb. Un signe sans doute,  aux demandes de confirmation ou d\u2019infirmation de cette version d\u2019Afriqu\u2019\u00c9chos  Magazine\u00a0: le consulat s\u2019est refus\u00e9 \u00e0 tout commentaire m\u00eame pour d\u00e9mentir les  propos qui lui sont pr\u00eat\u00e9s.<\/p>\n<p class=\"spip\"><strong class=\"spip\">Pour les artistes \u00ab\u00a0kabilistes\u00a0\u00bb, se faire  agresser \u00e0 Paris ou Bruxelles devient une affaire juteuse<\/strong><\/p>\n<p class=\"spip\">Quoi que l\u2019on dise, le pouvoir de nuisance des <em class=\"spip\">Bana  Congo<\/em> a fortement diminu\u00e9 et le groupe semble moins large, moins mobilis\u00e9 et  moins actif que jadis. Le mythe demeure cependant au point o\u00f9 toutes les  agressions des personnalit\u00e9s proches du pouvoir lui sont attribu\u00e9es. Et  pourtant, en France en particulier, il reste juste des groupuscules des jeunes  qui jouent \u00e0 se faire r\u00e9mun\u00e9rer les perturbations des s\u00e9jours des proches du  pouvoir lorsqu\u2019ils ne font pas chanter les organisateurs des concerts. Mais  curieusement, tous les musiciens qui ont anim\u00e9 la campagne \u00e9lectorale de Joseph  Kabila pr\u00e9tendent avoir \u00e9t\u00e9 menac\u00e9s ou agress\u00e9s \u00e0 cause de leur soutien au chef  de l\u2019\u00c9tat congolais. Et pourtant, pour avoir couvert la plupart de ces concerts  et recoup\u00e9 les informations des autres confr\u00e8res, nous pouvons affirmer que ces  musiciens ou journalistes inventent tout ou d\u00e9forment les faits quand ils ne les  exag\u00e8rent ou ne les d\u00e9tournent pas. Aujourd\u2019hui, il est clairement av\u00e9r\u00e9 qu\u2019il  s\u2019agit l\u00e0 d\u2019un moyen de soutirer tout simplement de l\u2019argent \u00e0 Joseph Kabila.  L\u2019on a m\u00eame lu les d\u00e9clarations d\u2019un porte-parole d\u2019un de ces musiciens  \u00ab\u00a0agress\u00e9s\u00a0\u00bb qui, paradoxalement, tout en clamant la neutralit\u00e9 de sa star, a  promis de r\u00e9aliser des images vid\u00e9o pour promouvoir les r\u00e9alisations des Cinq  chantiers au sein de la diaspora congolaise en Europe. Officiellement, d\u2019une  mani\u00e8re totalement d\u00e9sint\u00e9ress\u00e9e&#8230; \u00ab\u00a0<em class=\"spip\">Mon oeil\u00a0<\/em>\u00a0\u00bb diraient les  Fran\u00e7ais\u00a0!<\/p>\n<p class=\"spip\">Apr\u00e8s le folklore de Ma\u00efsha Park et la pol\u00e9mique relative aux deux  millions de dollars destin\u00e9s aux artistes, si Kabila garde encore de la  cr\u00e9dulit\u00e9 face \u00e0 ce type de stratag\u00e8mes, une telle na\u00efvet\u00e9 serait \u00e0 d\u00e9sesp\u00e9rer  le peuple congolais.<\/p>\n<p class=\"spip\">&nbsp;<\/p>\n<p class=\"spip\">Source <\/p>\n<p class=\"spip\"><a href=\"http:\/\/www.afriquechos.ch\/spip.php?article4178\" title=\"www.afriquechos.ch\">Afriquechos.ch\u00a0<\/a><\/p>\n<\/td>\n<\/tr>\n<\/tbody>\n<\/table>\n<!-- AddThis Advanced Settings generic via filter on the_content --><!-- AddThis Share Buttons generic via filter on the_content -->","protected":false},"excerpt":{"rendered":"<p>Tshala Muana n\u2019aurait pas \u00e9t\u00e9 agress\u00e9e par des Bana Congo, ou tout au moins pas&#8230;<!-- AddThis Advanced Settings generic via filter on get_the_excerpt --><!-- AddThis Share Buttons generic via filter on get_the_excerpt --><\/p>\n","protected":false},"author":1,"featured_media":260,"comment_status":"open","ping_status":"open","sticky":false,"template":"","format":"standard","meta":[],"categories":[8],"tags":[],"_links":{"self":[{"href":"https:\/\/amagep.co.za\/fr\/wp-json\/wp\/v2\/posts\/261"}],"collection":[{"href":"https:\/\/amagep.co.za\/fr\/wp-json\/wp\/v2\/posts"}],"about":[{"href":"https:\/\/amagep.co.za\/fr\/wp-json\/wp\/v2\/types\/post"}],"author":[{"embeddable":true,"href":"https:\/\/amagep.co.za\/fr\/wp-json\/wp\/v2\/users\/1"}],"replies":[{"embeddable":true,"href":"https:\/\/amagep.co.za\/fr\/wp-json\/wp\/v2\/comments?post=261"}],"version-history":[{"count":0,"href":"https:\/\/amagep.co.za\/fr\/wp-json\/wp\/v2\/posts\/261\/revisions"}],"wp:featuredmedia":[{"embeddable":true,"href":"https:\/\/amagep.co.za\/fr\/wp-json\/wp\/v2\/media\/260"}],"wp:attachment":[{"href":"https:\/\/amagep.co.za\/fr\/wp-json\/wp\/v2\/media?parent=261"}],"wp:term":[{"taxonomy":"category","embeddable":true,"href":"https:\/\/amagep.co.za\/fr\/wp-json\/wp\/v2\/categories?post=261"},{"taxonomy":"post_tag","embeddable":true,"href":"https:\/\/amagep.co.za\/fr\/wp-json\/wp\/v2\/tags?post=261"}],"curies":[{"name":"wp","href":"https:\/\/api.w.org\/{rel}","templated":true}]}}