{"id":252,"date":"2009-07-18T14:25:31","date_gmt":"2009-07-18T14:25:31","guid":{"rendered":"https:\/\/amagep.co.za\/fr\/2009\/07\/18\/les-shebab-jugeront-les-deux-otages-francais-qselon-la-loi-coraniqueq\/"},"modified":"2009-07-18T14:25:31","modified_gmt":"2009-07-18T14:25:31","slug":"les-shebab-jugeront-les-deux-otages-francais-qselon-la-loi-coraniqueq","status":"publish","type":"post","link":"https:\/\/amagep.co.za\/fr\/les-shebab-jugeront-les-deux-otages-francais-qselon-la-loi-coraniqueq\/","title":{"rendered":"Les Shebab jugeront les deux otages fran\u00e7ais \u00ab\u00a0selon la loi coranique\u00a0\u00bb"},"content":{"rendered":"<p>\u00a0<img loading=\"lazy\" class=\" size-full wp-image-153\" src=\"https:\/\/amagep.co.za\/fr\/wp-content\/uploads\/2009\/03\/jkk_sarkozy_verres.jpg\" border=\"0\" width=\"250\" height=\"175\" \/><\/p>\n<p><a href=\"http:\/\/www.france24.com\/fr\/20090715-dgse-agents-francais-enleves-somalie-mogadiscio-journaliste-shebab-gouvernement\">Les deux agents fran\u00e7ais enlev\u00e9s mardi \u00e0 Mogadiscio<\/a> vont \u00eatre \u00ab\u00a0jug\u00e9s bient\u00f4t selon <a href=\"http:\/\/www.france24.com\/fr\/category\/tags-articles\/charia\">la loi coranique<\/a>\u00a0\u00bb (charia) pour avoir \u00ab\u00a0aid\u00e9 les ennemis d&rsquo;Allah\u00a0\u00bb, a d\u00e9clar\u00e9 samedi \u00e0 l&rsquo;AFP sous couvert d&rsquo;anonymat un haut responsable des extr\u00e9mistes <a href=\"http:\/\/www.france24.com\/fr\/category\/tags-articles\/islamisme\">islamistes<\/a> somaliens des shebab.<\/p>\n<p> <!--more--> <\/p>\n<p>&nbsp;<\/p>\n<p> \u00ab\u00a0Les hommes que nous avons pris aidaient le gouvernement apostat (somalien) et leurs espions, donc ils seront bient\u00f4t jug\u00e9s et punis selon la charia. Ils feront face au tribunal pour <a href=\"http:\/\/www.france24.com\/fr\/category\/tags-thematiques\/espionnage\">espionnage<\/a> et \u00eatre entr\u00e9s en Somalie pour aider les ennemis d&rsquo;Allah\u00a0\u00bb, a affirm\u00e9 ce haut responsable des shebab.<\/p>\n<p>\u00ab\u00a0La d\u00e9cision sur leur sort d\u00e9pendra (&#8230;) du tribunal islamique qui entendra les charges pesant contre eux\u00a0\u00bb, a-t-il ajout\u00e9.<\/p>\n<p><a href=\"http:\/\/www.france24.com\/fr\/20090717-deux-otages-francais-somalie-detenus-organisation-islamiste-Hezb-al-Islam-al-Shebab-mogadiscio-al-qaida\">Les deux agents fran\u00e7ais enlev\u00e9s mardi dans leur h\u00f4tel \u00e0 Mogadiscio sont aux mains des insurg\u00e9s islamistes<\/a> qui m\u00e8nent une offensive sans pr\u00e9c\u00e9dent pour renverser le fragile gouvernement somalien de transition soutenu par la communaut\u00e9 internationale.<\/p>\n<p>Le ministre somalien des Affaires sociales, Mohammed Ali Ibrahim, avait assur\u00e9 vendredi que les deux hommes \u00e9taient aux mains des shebab.<\/p>\n<p>Par ailleurs, <a href=\"http:\/\/www.france24.com\/fr\/20090718-trois-humanitaires-etrangers-enleves-mandera-kenya-emmenes-frontiere-somalie-armes-milices-nationalite\">trois employ\u00e9s \u00e9trangers d&rsquo;une organisation humanitaire ont \u00e9t\u00e9 enlev\u00e9s dans la nuit de vendredi \u00e0 samedi au Kenya \u00e0 la fronti\u00e8re somalienne par des hommes arm\u00e9s qui les ont emmen\u00e9s en Somalie<\/a>, o\u00f9 les rapts d&rsquo;\u00e9trangers se multiplient.<\/p>\n<p>Les trois employ\u00e9s, dont on ignorait la nationalit\u00e9 samedi matin, ont \u00e9t\u00e9 pris dans leur bureau \u00e0 Mandera (800 km au nord-est de Nairobi), ville situ\u00e9e \u00e0 la fronti\u00e8re avec <a href=\"http:\/\/www.france24.com\/fr\/category\/tags-articles\/somalie\">la Somalie<\/a> et peupl\u00e9e essentiellement de Somalis k\u00e9nyans, a-t-on indiqu\u00e9 de sources somaliennes et k\u00e9nyane.<\/p>\n<p><a href=\"http:\/\/www.france24.com\/fr\/category\/tags-thematiques\/otages\">Des \u00e9trangers sont r\u00e9guli\u00e8rement enlev\u00e9s<\/a> en Somalie, pays en guerre civile depuis 1991, avant des demandes de ran\u00e7on. <a href=\"http:\/\/www.france24.com\/fr\/category\/tags-thematiques\/journalisme\">Journalistes<\/a> et <a href=\"http:\/\/www.france24.com\/fr\/category\/tags-thematiques\/humanitaire\">humanitaires<\/a> sont particuli\u00e8rement vis\u00e9s par ces enl\u00e8vements crapuleux.<\/p>\n<p>Source<\/p>\n<p><a href=\"http:\/\/www.france24.com\/fr\/20090718-shebab-deux-otages-francais-captures-somalie-juges-selon-charia-loi-coranique-espionnage-ennemis-allah\" title=\"www.france24.com\">France24.com <\/a><\/p>\n<!-- AddThis Advanced Settings generic via filter on the_content --><!-- AddThis Share Buttons generic via filter on the_content -->","protected":false},"excerpt":{"rendered":"<p>\u00a0 Les deux agents fran\u00e7ais enlev\u00e9s mardi \u00e0 Mogadiscio vont \u00eatre \u00ab\u00a0jug\u00e9s bient\u00f4t selon la&#8230;<!-- AddThis Advanced Settings generic via filter on get_the_excerpt --><!-- AddThis Share Buttons generic via filter on get_the_excerpt --><\/p>\n","protected":false},"author":1,"featured_media":153,"comment_status":"open","ping_status":"open","sticky":false,"template":"","format":"standard","meta":[],"categories":[6],"tags":[],"_links":{"self":[{"href":"https:\/\/amagep.co.za\/fr\/wp-json\/wp\/v2\/posts\/252"}],"collection":[{"href":"https:\/\/amagep.co.za\/fr\/wp-json\/wp\/v2\/posts"}],"about":[{"href":"https:\/\/amagep.co.za\/fr\/wp-json\/wp\/v2\/types\/post"}],"author":[{"embeddable":true,"href":"https:\/\/amagep.co.za\/fr\/wp-json\/wp\/v2\/users\/1"}],"replies":[{"embeddable":true,"href":"https:\/\/amagep.co.za\/fr\/wp-json\/wp\/v2\/comments?post=252"}],"version-history":[{"count":0,"href":"https:\/\/amagep.co.za\/fr\/wp-json\/wp\/v2\/posts\/252\/revisions"}],"wp:featuredmedia":[{"embeddable":true,"href":"https:\/\/amagep.co.za\/fr\/wp-json\/wp\/v2\/media\/153"}],"wp:attachment":[{"href":"https:\/\/amagep.co.za\/fr\/wp-json\/wp\/v2\/media?parent=252"}],"wp:term":[{"taxonomy":"category","embeddable":true,"href":"https:\/\/amagep.co.za\/fr\/wp-json\/wp\/v2\/categories?post=252"},{"taxonomy":"post_tag","embeddable":true,"href":"https:\/\/amagep.co.za\/fr\/wp-json\/wp\/v2\/tags?post=252"}],"curies":[{"name":"wp","href":"https:\/\/api.w.org\/{rel}","templated":true}]}}