{"id":251,"date":"2009-07-11T12:32:03","date_gmt":"2009-07-11T12:32:03","guid":{"rendered":"https:\/\/amagep.co.za\/fr\/2009\/07\/11\/emelia-lias-de-mingongo-a-joburg\/"},"modified":"2009-07-11T12:32:03","modified_gmt":"2009-07-11T12:32:03","slug":"emelia-lias-de-mingongo-a-joburg","status":"publish","type":"post","link":"https:\/\/amagep.co.za\/fr\/emelia-lias-de-mingongo-a-joburg\/","title":{"rendered":"Emelia Lias de Mingongo \u00e0  Jo&rsquo;burg!"},"content":{"rendered":"<p><span><font size=\"3\"><font color=\"#000000\"><font face=\"Times New Roman\"><img loading=\"lazy\" class=\" size-full wp-image-249\" src=\"https:\/\/amagep.co.za\/fr\/wp-content\/uploads\/2009\/07\/emelia_i.jpg\" border=\"0\" width=\"403\" height=\"323\" \/> <\/font><\/font><\/font><\/span><\/p>\n<p><span><font size=\"3\"><font color=\"#000000\"><font face=\"Times New Roman\">Apr\u00e8s pratiquement 3 mois d&rsquo;attente par ses nombreux Fans, <\/font><\/font><\/font><\/span><span><font size=\"3\"><font color=\"#000000\"><font face=\"Times New Roman\">Emelia Lias de Mingongo s&rsquo;est fait appara\u00eetre en Afrique du Sud<\/font><\/font><\/font><\/span><span><font size=\"3\"><font color=\"#000000\"><font face=\"Times New Roman\">Johannesburg apr\u00e8s un si long voyage quittant France-Paris pour <\/font><\/font><\/font><\/span><span><font size=\"3\"><font color=\"#000000\"><font face=\"Times New Roman\">transiter a Londres, Capitale de la Grande Bretagne et enfin <\/font><\/font><\/font><\/span><span><font size=\"3\"><font color=\"#000000\"><font face=\"Times New Roman\">atteindre sa destination qui est RSA-Jo&rsquo;burg tot le matin vers 08h14.<\/font><\/font><\/font><\/span><span><font size=\"3\"><font color=\"#000000\"><font face=\"Times New Roman\"> <\/font><\/font><\/font><\/span><span><font size=\"3\"><font color=\"#000000\"><font face=\"Times New Roman\"> <!--more--> <\/p>\n<p><span><font face=\"Times New Roman\" size=\"3\" color=\"#000000\"> <\/font><\/span><font face=\"Times New Roman\"><font size=\"3\"><font color=\"#000000\"><span>Il s&rsquo;\u00e9clata \u00e9norm\u00e9ment de \u00ab\u00a0Joie\u00a0\u00bb pour avoir encore pi\u00e9tin<\/span><span style=\"font-family: 'Times New Roman'\">\u00e9<\/span><\/font><\/font><span><font size=\"3\"><font color=\"#000000\"> une fois <\/font><\/font><\/span><\/font><span><font size=\"3\"><font color=\"#000000\"><font face=\"Times New Roman\">de plus la Terre de Nelson Mandela et Chaka Zulu ou est pr\u00e9vue le <\/font><\/font><\/font><\/span><span><font size=\"3\"><font color=\"#000000\"><font face=\"Times New Roman\">d\u00e9roulement de la toute prochaine Coupe du Monde en 2010&#8230;<\/font><\/font><\/font><\/span><span><font size=\"3\"><font color=\"#000000\"><font face=\"Times New Roman\">Signalons aussi que la Coupe de F\u00e9d\u00e9ration a \u00e9t\u00e9 une \u00ab\u00a0R\u00e9ussite Totale\u00a0\u00bb <\/font><\/font><\/font><\/span><span><font size=\"3\"><font color=\"#000000\"><font face=\"Times New Roman\">sur tous les plans surtout que les Invit\u00e9s furent fortement impressionn\u00e9s <\/font><\/font><\/font><\/span><span><font size=\"3\"><font color=\"#000000\"><font face=\"Times New Roman\">par l&rsquo;accueil tr\u00e8s chaleureux qui leur a \u00e9t\u00e9 r\u00e9server.<\/font><\/font><\/font><\/span><span><font face=\"Times New Roman\" size=\"3\" color=\"#000000\"> <\/font><\/span><\/p>\n<p><\/font><\/font><\/font><\/span><\/p>\n<p><span><font size=\"3\"><font color=\"#000000\"><font face=\"Times New Roman\">La plupart de Media Congolais base en Afrique du Sud \u00e9tait mobilis\u00e9 et <\/font><\/font><\/font><\/span><span><font size=\"3\"><font color=\"#000000\"><font face=\"Times New Roman\">pr\u00e9sent pour accueillir la Star; parmi lesquels; HPPA <span> <\/span>Jean-Marie Mpumpa, <\/font><\/font><\/font><\/span><span><font size=\"3\"><font color=\"#000000\"><font face=\"Times New Roman\">Roger Mpumpa, Fiston Pelende le Grand Scorpion,Mike McBaye,  JC Photo Kazadi, <\/font><\/font><\/font><\/span><font face=\"Times New Roman\"><font size=\"3\"><font color=\"#000000\"><span>et la Maison JRG du Mecene Jean-Ren<\/span><span style=\"font-family: 'Times New Roman'\">\u00e9<\/span><\/font><\/font><span><font size=\"3\"><font color=\"#000000\"> Golo repr\u00e9sent\u00e9 par Danny Image, <\/font><\/font><\/span><\/font><span><font size=\"3\"><font color=\"#000000\"><font face=\"Times New Roman\">Bibiche Nsuku et Ren\u00e9 Otsudi.<\/font><\/font><\/font><\/span><span><font face=\"Times New Roman\" size=\"3\" color=\"#000000\"> <\/font><\/span><\/p>\n<p><span><font size=\"3\"><font color=\"#000000\"><font face=\"Times New Roman\">Il sert de noter qu&rsquo;il y avait en particulier une Equipe Sp\u00e9ciale Organis\u00e9e pour <\/font><\/font><\/font><\/span><span><font size=\"3\"><font color=\"#000000\"><font face=\"Times New Roman\">accueillir Emelia Lias de mingongo ; nous citons:<\/font><\/font><\/font><\/span><span><font face=\"Times New Roman\" size=\"3\" color=\"#000000\"> <\/font><\/span><span><font size=\"3\"><font color=\"#000000\"><font face=\"Times New Roman\">*Gaspard Beyoko le Charg\u00e9 des Relations Publiques de l&rsquo;Orchestre \u00ab\u00a0Race <\/font><\/font><\/font><\/span><span><font size=\"3\"><font color=\"#000000\"><font face=\"Times New Roman\">des Vainqueurs\u00a0\u00bb<\/font><\/font><\/font><\/span><span><font size=\"3\"><font color=\"#000000\"><font face=\"Times New Roman\">*Touckson Deolo qui se consid\u00e8re lui-m\u00eame comme un Fr\u00e8re de Lias <\/font><\/font><\/font><\/span><span><font size=\"3\"><font color=\"#000000\"><font face=\"Times New Roman\">\u00e9tant donn\u00e9 qu&rsquo;ils ont v\u00e9cu tant d&rsquo;ann\u00e9es ensemble.<\/font><\/font><\/font><\/span><span><font size=\"3\"><font color=\"#000000\"><font face=\"Times New Roman\">*Pierrot Lianza <\/font><\/font><\/font><\/span><span><font size=\"3\"><font color=\"#000000\"><font face=\"Times New Roman\">*Jacques Chamba<\/font><\/font><\/font><\/span><span><font size=\"3\"><font color=\"#000000\"><font face=\"Times New Roman\">*Salon Djino Elegance et enfin<\/font><\/font><\/font><\/span><span><font size=\"3\"><font color=\"#000000\"><font face=\"Times New Roman\">*Alain Matundu Amagep qui, lui se consid\u00e8re comme un Ami de longues <\/font><\/font><\/font><\/span><span><font size=\"3\"><font color=\"#000000\"><font face=\"Times New Roman\">dates de la Vedette Congolaise du Clan Wenge.<\/font><\/font><\/font><\/span><span><font face=\"Times New Roman\" size=\"3\" color=\"#000000\"> <\/font><\/span><\/p>\n<p><font face=\"Times New Roman\"><font size=\"3\"><font color=\"#000000\"><span>Nous tenons <\/span><span style=\"font-family: 'Times New Roman'\">\u00e0<\/span><\/font><\/font><span><font size=\"3\"><font color=\"#000000\"> encourager notre fr\u00e8re et ami Touckson Deolo pour cette <\/font><\/font><\/span><\/font><font face=\"Times New Roman\"><font size=\"3\"><font color=\"#000000\"><span>bonne volont\u00e9 qui le pousse souvent <\/span><span style=\"font-family: 'Times New Roman'\">\u00e0<\/span><\/font><\/font><span><font size=\"3\"><font color=\"#000000\"> bien accueillir et assister tous les <\/font><\/font><\/span><\/font><font face=\"Times New Roman\"><font size=\"3\"><font color=\"#000000\"><span>artistes musiciens qui passent souvent <\/span><span style=\"font-family: 'Times New Roman'\">\u00e0<\/span><\/font><\/font><span><font size=\"3\"><font color=\"#000000\"> Jo&rsquo;burg; Surtout ceux de la Famille <\/font><\/font><\/span><\/font><span><font size=\"3\"><font color=\"#000000\"><font face=\"Times New Roman\">ou Clan Wenge pour plus de pr\u00e9cision.<\/font><\/font><\/font><\/span><span><font face=\"Times New Roman\" size=\"3\" color=\"#000000\"> <\/font><\/span><span><font size=\"3\"><font color=\"#000000\"><font face=\"Times New Roman\">Le vol de Paris \u00e9tait pr\u00e9vu en principe pour Mardi a 21h00 pour atterrir a <\/font><\/font><\/font><\/span><font face=\"Times New Roman\"><font size=\"3\"><font color=\"#000000\"><span>08h14 <\/span><span style=\"font-family: 'Times New Roman'\">\u00e0<\/span><span> Jo&rsquo;burg apr\u00e8s escale <\/span><span style=\"font-family: 'Times New Roman'\">\u00e0<\/span><\/font><\/font><span><font size=\"3\"><font color=\"#000000\"> Londres et c&rsquo;est pourquoi le Ma\u00eetre Olivier <\/font><\/font><\/span><\/font><span><font size=\"3\"><font color=\"#000000\"><font face=\"Times New Roman\">Lusinda (Directeur de la Firme JRG) a tenu \u00e0 s\u00e9curiser l&rsquo;accueil d&rsquo;Emelia <\/font><\/font><\/font><\/span><span><font size=\"3\"><font color=\"#000000\"><font face=\"Times New Roman\">surtout qu&rsquo;ils se sont d\u00e9cides ensemble avec la Maison Productrice de <\/font><\/font><\/font><\/span><font face=\"Times New Roman\"><font size=\"3\"><font color=\"#000000\"><span>soutenir et assister les artistes musiciens passagers <\/span><span style=\"font-family: 'Times New Roman'\">\u00e0<\/span><\/font><\/font><span><font size=\"3\"><font color=\"#000000\"> Joburg de commun <\/font><\/font><\/span><\/font><span><font size=\"3\"><font color=\"#000000\"><font face=\"Times New Roman\">accord avec le journaliste Ali Bokuma qui aussi \u00e9tait du nombre et ont <\/font><\/font><\/font><\/span><font face=\"Times New Roman\"><font size=\"3\"><font color=\"#000000\"><span>tous rendu Emelia Lias de mingongo a l&rsquo;ais<\/span><span style=\"font-family: 'Times New Roman'\">\u00e9<\/span><\/font><\/font><span><font size=\"3\"><font color=\"#000000\"> selon nos ressources&#8230; <\/font><\/font><\/span><\/font><span><font size=\"3\"><font color=\"#000000\"><font face=\"Times New Roman\"> <\/font><\/font><\/font><\/span><\/p>\n<p><span><font size=\"3\"><font color=\"#000000\"><font face=\"Times New Roman\">C&rsquo;\u00e9tait une preuve d&rsquo;unit\u00e9 et r\u00e9ussite totale.<\/font><\/font><\/font><\/span><span><font face=\"Times New Roman\" size=\"3\" color=\"#000000\"> <\/font><\/span><span><font face=\"Times New Roman\" size=\"3\" color=\"#000000\"> <\/font><\/span><font face=\"Times New Roman\"><font size=\"3\"><font color=\"#000000\"><span>La Gestion du Restaurant Bar \u00ab\u00a0Kin Malebo\u00a0\u00bb s&rsquo;est arrang\u00e9e de fa\u00e7on <\/span><span style=\"font-family: 'Times New Roman'\">\u00e0<\/span><\/font><\/font><span><font size=\"3\"><font color=\"#000000\"> ce que <\/font><\/font><\/span><\/font><span><font size=\"3\"><font color=\"#000000\"><font face=\"Times New Roman\">la Vedette Congolaise Emelia soit re\u00e7ue en m\u00eame soir\u00e9e vers 19h45 pour une <\/font><\/font><\/font><\/span><font size=\"3\"><font color=\"#000000\"><font face=\"Times New Roman\"><span>\u00ab\u00a0Conf\u00e9rence de Presse\u00a0\u00bb; et nous en profitons de l&rsquo;occasion pour rappeler <\/span><span style=\"font-family: 'Times New Roman'\">\u00e0<\/span><span> <\/span><\/font><\/font><\/font><span><font size=\"3\"><font color=\"#000000\"><font face=\"Times New Roman\">toute la diaspora Congolaise d\u2019Afrique du Sud d&rsquo;assister et <\/font><\/font><\/font><\/span><font face=\"Times New Roman\"><font size=\"3\"><font color=\"#000000\"><span>soutenir nos artistes musiciens, nos artistes com\u00e9diens et athl\u00e8tes parce qu&rsquo;ils sont<span>  <\/span>des Ambassadeurs qui repr\u00e9sentent valablement notre Pays -la RD Congo- partout o<\/span><span style=\"font-family: 'Times New Roman'\">\u00f9<\/span><\/font><\/font><span><font size=\"3\"><font color=\"#000000\"> ils laissent <\/font><\/font><\/span><\/font><span><font size=\"3\"><font color=\"#000000\"><font face=\"Times New Roman\">des traces&#8230;<\/font><\/font><\/font><\/span><span><font face=\"Times New Roman\" size=\"3\" color=\"#000000\"> <\/font><\/span><\/p>\n<p><span><font size=\"3\"><font color=\"#000000\"><font face=\"Times New Roman\">Nous avons fortement remarqu\u00e9 l&rsquo;humilit\u00e9 que d\u00e9gage notre Star Emelia Lias mingongo<\/font><\/font><\/font><\/span><span><font size=\"3\"><font color=\"#000000\"><font face=\"Times New Roman\">est l&rsquo;Une des Forces qui peut l&#8217;emmener loin dans sa \u00ab\u00a0Carrier Musicale\u00a0\u00bb.<\/font><\/font><\/font><\/span><span><font size=\"3\"><font color=\"#000000\"><font face=\"Times New Roman\">C&rsquo;est d&rsquo;ailleurs gr\u00e2ce \u00e0 celle-ci que nombreux hommes d&rsquo;Affaires Congolais <\/font><\/font><\/font><\/span><font face=\"Times New Roman\"><font size=\"3\"><font color=\"#000000\"><span>de Jo&rsquo;burg se sont d\u00e9plac<\/span><span style=\"font-family: 'Times New Roman'\">\u00e9<\/span><\/font><\/font><span><font size=\"3\"><font color=\"#000000\">s pour venir saluer et souhaiter une \u00ab\u00a0Bonne Arriv\u00e9e\u00a0\u00bb <\/font><\/font><\/span><\/font><font size=\"3\"><font color=\"#000000\"><font face=\"Times New Roman\"><span>et \u00ab\u00a0Bon S\u00e9jour\u00a0\u00bb a l&rsquo;artiste dans son H\u00f4tel ou il est log<\/span><span style=\"font-family: 'Times New Roman'\">\u00e9<\/span><span>.<\/span><\/font><\/font><\/font><span><font face=\"Times New Roman\" size=\"3\" color=\"#000000\"> <\/font><\/span><span><font size=\"3\"><font color=\"#000000\"><font face=\"Times New Roman\">La Perc\u00e9e Trading est la Maison Productrice d&rsquo;Emelia pendant son s\u00e9jour en <\/font><\/font><\/font><\/span><span><font size=\"3\"><font color=\"#000000\"><font face=\"Times New Roman\">Afrique du Sud mais ne laissons pas toute cette charge lourde a elle-m\u00eame.<\/font><\/font><\/font><\/span><span><font size=\"3\"><font color=\"#000000\"><font face=\"Times New Roman\">Bien au contraire, assistons et supportons l&rsquo;artiste tous ensemble afin qu&rsquo;il <\/font><\/font><\/font><\/span><font face=\"Times New Roman\"><font size=\"3\"><font color=\"#000000\"><span>soit compl\u00e8tement \u00ab\u00a0\u00e9merveill<\/span><span style=\"font-family: 'Times New Roman'\">\u00e9<\/span><\/font><\/font><span><font size=\"3\"><font color=\"#000000\">\u00a0\u00bb pendant son court passage a Jo&rsquo;burg.<\/font><\/font><\/span><\/font><span><font face=\"Times New Roman\" size=\"3\" color=\"#000000\"> <\/font><\/span><span><font size=\"3\"><font color=\"#000000\"><font face=\"Times New Roman\">Voici le programme d&rsquo;Emelia Lias de mingongo concernant les productions sc\u00e9niques;<\/font><\/font><\/font><\/span><span><font size=\"3\"><font color=\"#000000\"><font face=\"Times New Roman\">-Le 18 Juillet 2009 il sera en concert \u00ab\u00a0Live\u00a0\u00bb a Kin Malebo; <\/font><\/font><\/font><\/span><span><font size=\"3\"><font color=\"#000000\"><font face=\"Times New Roman\">et Cape Town the Next One&#8230;<\/font><\/font><\/font><\/span><span><font face=\"Times New Roman\" size=\"3\" color=\"#000000\"> <\/font><\/span><\/p>\n<p><span><font size=\"3\"><font color=\"#000000\"><font face=\"Times New Roman\"><img loading=\"lazy\" class=\" size-full wp-image-250\" src=\"https:\/\/amagep.co.za\/fr\/wp-content\/uploads\/2009\/07\/emelia_ii.jpg\" border=\"0\" width=\"396\" height=\"317\" srcset=\"https:\/\/amagep.co.za\/fr\/wp-content\/uploads\/2009\/07\/emelia_ii.jpg 396w, https:\/\/amagep.co.za\/fr\/wp-content\/uploads\/2009\/07\/emelia_ii-300x240.jpg 300w\" sizes=\"(max-width: 396px) 100vw, 396px\" \/> <\/font><\/font><\/font><\/span><\/p>\n<p><span><font size=\"3\"><font color=\"#000000\"><font face=\"Times New Roman\">Le Producteur compte informer la Presse sur toute nouvelle Information <\/font><\/font><\/font><\/span><span><font size=\"3\"><font color=\"#000000\"><font face=\"Times New Roman\">concernant le reste des productions et la date de son d\u00e9part;<\/font><\/font><\/font><\/span><span><font size=\"3\"><font color=\"#000000\"><font face=\"Times New Roman\">Mais l&rsquo;Artiste compte r\u00e9aliser 2 Clips de son nouvel Album \u00ab\u00a0Race des Vainqueurs\u00a0\u00bb <\/font><\/font><\/font><\/span><span><font size=\"3\"><font color=\"#000000\"><font face=\"Times New Roman\">qui se vends d\u00e9j\u00e0 tr\u00e8s bien dans le niveau International.<\/font><\/font><\/font><\/span><span><font face=\"Times New Roman\" size=\"3\" color=\"#000000\"> <\/font><\/span><span><font size=\"3\"><font color=\"#000000\"><font face=\"Times New Roman\">Vraiment l&rsquo;Equipe Amagep souhaite \u00e0 Emelia Lias de mingongo une Bonne et Heureuse Chance <\/font><\/font><\/font><\/span><span><font size=\"3\"><font color=\"#000000\"><font face=\"Times New Roman\">et souhaiterait voir un jour encore de nombreux artistes venir en Afrique du Sud <\/font><\/font><\/font><\/span><span><font size=\"3\"><font color=\"#000000\"><font face=\"Times New Roman\">tels que le Pr\u00e9sident Nyoka Longo Ya Nyoch qui cartonne gravement a Kinshasa <\/font><\/font><\/font><\/span><span><font size=\"3\"><font color=\"#000000\"><font face=\"Times New Roman\">depuis son retour au pays&#8230;<\/font><\/font><\/font><\/span><\/p>\n<!-- AddThis Advanced Settings generic via filter on the_content --><!-- AddThis Share Buttons generic via filter on the_content -->","protected":false},"excerpt":{"rendered":"<p>Apr\u00e8s pratiquement 3 mois d&rsquo;attente par ses nombreux Fans, Emelia Lias de Mingongo s&rsquo;est fait&#8230;<!-- AddThis Advanced Settings generic via filter on get_the_excerpt --><!-- AddThis Share Buttons generic via filter on get_the_excerpt --><\/p>\n","protected":false},"author":1,"featured_media":249,"comment_status":"open","ping_status":"open","sticky":false,"template":"","format":"standard","meta":[],"categories":[8],"tags":[52],"_links":{"self":[{"href":"https:\/\/amagep.co.za\/fr\/wp-json\/wp\/v2\/posts\/251"}],"collection":[{"href":"https:\/\/amagep.co.za\/fr\/wp-json\/wp\/v2\/posts"}],"about":[{"href":"https:\/\/amagep.co.za\/fr\/wp-json\/wp\/v2\/types\/post"}],"author":[{"embeddable":true,"href":"https:\/\/amagep.co.za\/fr\/wp-json\/wp\/v2\/users\/1"}],"replies":[{"embeddable":true,"href":"https:\/\/amagep.co.za\/fr\/wp-json\/wp\/v2\/comments?post=251"}],"version-history":[{"count":0,"href":"https:\/\/amagep.co.za\/fr\/wp-json\/wp\/v2\/posts\/251\/revisions"}],"wp:featuredmedia":[{"embeddable":true,"href":"https:\/\/amagep.co.za\/fr\/wp-json\/wp\/v2\/media\/249"}],"wp:attachment":[{"href":"https:\/\/amagep.co.za\/fr\/wp-json\/wp\/v2\/media?parent=251"}],"wp:term":[{"taxonomy":"category","embeddable":true,"href":"https:\/\/amagep.co.za\/fr\/wp-json\/wp\/v2\/categories?post=251"},{"taxonomy":"post_tag","embeddable":true,"href":"https:\/\/amagep.co.za\/fr\/wp-json\/wp\/v2\/tags?post=251"}],"curies":[{"name":"wp","href":"https:\/\/api.w.org\/{rel}","templated":true}]}}