{"id":240,"date":"2009-07-08T09:22:16","date_gmt":"2009-07-08T09:22:16","guid":{"rendered":"https:\/\/amagep.co.za\/fr\/2009\/07\/08\/une-pleiade-de-stars-a-rendu-hommage-au-chanteur\/"},"modified":"2009-07-08T09:22:16","modified_gmt":"2009-07-08T09:22:16","slug":"une-pleiade-de-stars-a-rendu-hommage-au-chanteur","status":"publish","type":"post","link":"https:\/\/amagep.co.za\/fr\/une-pleiade-de-stars-a-rendu-hommage-au-chanteur\/","title":{"rendered":"Une pl\u00e9iade de stars a rendu hommage au chanteur"},"content":{"rendered":"<p>\u00a0<img loading=\"lazy\" class=\" size-full wp-image-233\" src=\"https:\/\/amagep.co.za\/fr\/wp-content\/uploads\/2009\/06\/en-mj-life-v.jpg\" border=\"0\" width=\"172\" height=\"108\" \/><\/p>\n<p>L&rsquo;hommage \u00e0 la m\u00e9moire de Michael Jackson a d\u00e9but\u00e9 au Staples Center de Los Angeles devant son cercueil, avec un message du leader sud-africain Nelson Mandela, pour qui le roi de la pop \u00e9tait \u00ab\u00a0un g\u00e9ant et une l\u00e9gende\u00a0\u00bb, et de la chanteuse Diana Ross.<\/p>\n<p> <!--more--> \u00ab\u00a0Je veux que tu saches que m\u00eame si je ne suis pas l\u00e0 au Staples Center, je suis l\u00e0 dans mon c\u0153ur\u00a0\u00bb, a d\u00e9clar\u00e9 la chanteuse Diana Ross dans son message, avant d&rsquo;ajouter que Michael Jackson \u00e9tait \u00ab\u00a0une partie ch\u00e8re de [mon] monde, une partie de [ma] vie\u00a0\u00bb.<\/p>\n<p>Un ch\u0153ur a chant\u00e9 \u00ab\u00a0Alleluia\u00a0\u00bb alors que le cerceuil dor\u00e9 du chanteur, couvert d&rsquo;un lit de fleurs rouges, \u00e9tait transport\u00e9 devant la sc\u00e8ne sous les applaudissements du public. <\/p>\n<p><strong>Mariah Carey<\/strong> a chant\u00e9 \u00ab\u00a0I&rsquo;ll be there\u00a0\u00bb, un des premiers tubes du jeune Michael avec les Jackson Five.<\/p>\n<p>Alors que sur l&rsquo;\u00e9cran d\u00e9filaient des images retra\u00e7ant la carri\u00e8re du chanteur d\u00e9funt, <strong>Lionel Richie<\/strong> a rendu hommage au roi de la pop en chantant \u00ab\u00a0Jesus is love\u00a0\u00bb.<\/p>\n<p>Un retour sur <strong>les grands moments de la carri\u00e8re du roi de la pop<\/strong> a \u00e9t\u00e9 diffus\u00e9.<\/p>\n<p>Puis ce fut au tour de<strong> Stevie Wonder<\/strong> de chanter son amiti\u00e9 \u00e0 Michael Jackson.<\/p>\n<p>La jeune g\u00e9n\u00e9ration des chanteurs am\u00e9ricains comme <strong>Usher et Jennifer Hudson<\/strong> ont pris le micro pour c\u00e9l\u00e9brer la m\u00e9moire de Michael Jackson.<\/p>\n<p>La famille du chanteur \u00e9tait aussi pr\u00e9sente sur sc\u00e8ne, notamment son fr\u00e8re Jermaine.<\/p>\n<div class=\"em_carousel_img_text_legende\">Le clan Jackson arrive au cimeti\u00e8re de Forest Lawn, \u00e0 Hollywood, \u00e0 bord de luxurieuses voitures noires. La m\u00e8re du chanteur, Katherine Jackson, est arriv\u00e9e parmi les premi\u00e8res au cimeti\u00e8re, avec les trois enfants du chanteur.<\/div>\n<p>Source<\/p>\n<p><a href=\"http:\/\/www.france24.com\/fr\/20090707-temps-forts-hommage-jackson-carey-deces-michael-roi-pop-richie-diana-ross-Staples-Center-mandela\" title=\"www.france24.com\">France24.com<\/a><\/p>\n<p>&nbsp;<\/p>\n<p>&nbsp;<\/p>\n<p>&nbsp;<\/p>\n<!-- AddThis Advanced Settings generic via filter on the_content --><!-- AddThis Share Buttons generic via filter on the_content -->","protected":false},"excerpt":{"rendered":"<p>\u00a0 L&rsquo;hommage \u00e0 la m\u00e9moire de Michael Jackson a d\u00e9but\u00e9 au Staples Center de Los&#8230;<!-- AddThis Advanced Settings generic via filter on get_the_excerpt --><!-- AddThis Share Buttons generic via filter on get_the_excerpt --><\/p>\n","protected":false},"author":1,"featured_media":233,"comment_status":"open","ping_status":"open","sticky":false,"template":"","format":"standard","meta":[],"categories":[8],"tags":[],"_links":{"self":[{"href":"https:\/\/amagep.co.za\/fr\/wp-json\/wp\/v2\/posts\/240"}],"collection":[{"href":"https:\/\/amagep.co.za\/fr\/wp-json\/wp\/v2\/posts"}],"about":[{"href":"https:\/\/amagep.co.za\/fr\/wp-json\/wp\/v2\/types\/post"}],"author":[{"embeddable":true,"href":"https:\/\/amagep.co.za\/fr\/wp-json\/wp\/v2\/users\/1"}],"replies":[{"embeddable":true,"href":"https:\/\/amagep.co.za\/fr\/wp-json\/wp\/v2\/comments?post=240"}],"version-history":[{"count":0,"href":"https:\/\/amagep.co.za\/fr\/wp-json\/wp\/v2\/posts\/240\/revisions"}],"wp:featuredmedia":[{"embeddable":true,"href":"https:\/\/amagep.co.za\/fr\/wp-json\/wp\/v2\/media\/233"}],"wp:attachment":[{"href":"https:\/\/amagep.co.za\/fr\/wp-json\/wp\/v2\/media?parent=240"}],"wp:term":[{"taxonomy":"category","embeddable":true,"href":"https:\/\/amagep.co.za\/fr\/wp-json\/wp\/v2\/categories?post=240"},{"taxonomy":"post_tag","embeddable":true,"href":"https:\/\/amagep.co.za\/fr\/wp-json\/wp\/v2\/tags?post=240"}],"curies":[{"name":"wp","href":"https:\/\/api.w.org\/{rel}","templated":true}]}}