{"id":234,"date":"2009-06-26T18:56:00","date_gmt":"2009-06-26T18:56:00","guid":{"rendered":"https:\/\/amagep.co.za\/fr\/2009\/06\/26\/michael-jackson-le-qroi-de-la-popq-est-mort-a-lage-de-50-ans\/"},"modified":"2009-06-26T18:56:00","modified_gmt":"2009-06-26T18:56:00","slug":"michael-jackson-le-qroi-de-la-popq-est-mort-a-lage-de-50-ans","status":"publish","type":"post","link":"https:\/\/amagep.co.za\/fr\/michael-jackson-le-qroi-de-la-popq-est-mort-a-lage-de-50-ans\/","title":{"rendered":"Michael Jackson, le \u00ab\u00a0roi de la pop\u00a0\u00bb, est mort \u00e0 l&rsquo;\u00e2ge de 50 ans"},"content":{"rendered":"<p><img loading=\"lazy\" class=\" size-full wp-image-233\" src=\"https:\/\/amagep.co.za\/fr\/wp-content\/uploads\/2009\/06\/en-mj-life-v.jpg\" border=\"0\" width=\"172\" height=\"108\" \/><\/p>\n<p><a href=\"http:\/\/www.france24.com\/fr\/category\/tags-articles\/michael-jackson\"><u><font color=\"#0000ff\">Michael Jackson<\/font><\/u><\/a> est mort jeudi \u00e0 l&rsquo;\u00e2ge de 50 ans dans un h\u00f4pital de Los Angeles o\u00f9 il avait \u00e9t\u00e9 transport\u00e9 en urgence pour un arr\u00eat cardiaque, nouvelle qui <a href=\"http:\/\/www.france24.com\/fr\/20090626-crise-cardiaque-los-angeles-times-mort-michael-jackson-pop-star\"><u><font color=\"#800080\">a provoqu\u00e9 une onde de choc<\/font><\/u><\/a> \u00e0 l&rsquo;\u00e9chelle de <a href=\"http:\/\/www.france24.com\/fr\/20090626-retour-vie-michael-jackson-roi-pop-chanteur-mort-justice-thriller\"><u><font color=\"#0000ff\">la c\u00e9l\u00e9brit\u00e9 plan\u00e9taire du \u00ab\u00a0roi de la pop\u00a0\u00bb<\/font><\/u><\/a>. <\/p>\n<p> <!--more--> <\/p>\n<p>\u00ab\u00a0M. Jackson a \u00e9t\u00e9 transport\u00e9 \u00e0 l&rsquo;h\u00f4pital (&#8230;) il \u00e9tait inconscient lorsqu&rsquo;il a \u00e9t\u00e9 admis et son d\u00e9c\u00e8s a \u00e9t\u00e9 constat\u00e9 \u00e0 14H26 (21H26 GMT) cet apr\u00e8s-midi\u00a0\u00bb, a d\u00e9clar\u00e9 \u00e0 CNN un porte-parole de l&rsquo;institut m\u00e9dico-l\u00e9gal du comt\u00e9 de Los Angeles, le lieutenant Fred Corral. <\/p>\n<p>Selon le Los Angeles Times et le site internet sp\u00e9cialis\u00e9 dans les c\u00e9l\u00e9brit\u00e9s TMZ.com, qui a le premier donn\u00e9 la nouvelle, Jackson a \u00e9t\u00e9 victime d&rsquo;un arr\u00eat cardiaque \u00e0 son domicile de Holmby Hills, un quartier opulent du nord-ouest de Los Angeles o\u00f9 il louait un manoir depuis janvier.<\/p>\n<p>Il a \u00e9t\u00e9 transport\u00e9 en ambulance \u00e0 l&rsquo;h\u00f4pital Ronald-Reagan de l&rsquo;UCLA (Universit\u00e9 de Californie \u00e0 Los Angeles), \u00e0 quelques kilom\u00e8tres de l\u00e0.<\/p>\n<p>Le lieutenant Corral s&rsquo;est refus\u00e9 \u00e0 toute pr\u00e9cision sur les causes du d\u00e9c\u00e8s, expliquant qu&rsquo;une autopsie serait pratiqu\u00e9e, sans doute d\u00e8s vendredi, pour les d\u00e9terminer. Peu avant 19H00, le corps envelopp\u00e9 dans un linceul blanc a \u00e9t\u00e9 transport\u00e9 \u00e0 la morgue de Los Angeles, transfert film\u00e9 en direct par les t\u00e9l\u00e9visions locales depuis des h\u00e9licopt\u00e8res.<\/p>\n<p>Un des fr\u00e8res a\u00een\u00e9s de <a href=\"http:\/\/www.france24.com\/fr\/category\/tags-articles\/michael-jackson\"><u><font color=\"#0000ff\">Michael Jackson<\/font><\/u><\/a>, Jermaine, est apparu bri\u00e8vement devant la presse \u00e0 l&rsquo;h\u00f4pital. Lisant un communiqu\u00e9 pr\u00e9par\u00e9, il a affirm\u00e9 que les m\u00e9decins avaient tent\u00e9 de ranimer son fr\u00e8re pendant une heure, sans succ\u00e8s. Le visage ravag\u00e9 par le chagrin, il a lui aussi \u00e9voqu\u00e9 un \u00ab\u00a0arr\u00eat cardiaque\u00a0\u00bb.De son producteur historique Quincy Jones, \u00ab\u00a0totalement boulevers\u00e9\u00a0\u00bb, \u00e0 Madonna, qui \u00ab\u00a0ne peu(t) plus (s)&rsquo;arr\u00eater de pleurer\u00a0\u00bb, <a href=\"http:\/\/www.france24.com\/fr\/20090626-michael-jackson-fan-hopital-choc-etats-unis-reactions-mort-roi-pop\"><u><font color=\"#0000ff\">le monde du spectacle a rendu un hommage unanime<\/font><\/u><\/a> \u00e0 \u00ab\u00a0l&rsquo;une des figures les plus influentes et les plus embl\u00e9matiques de l&rsquo;industrie de la musique\u00a0\u00bb, selon les mots du gouverneur de Californie Arnold Schwarzenegger.<\/p>\n<p>A l&rsquo;ext\u00e9rieur de l&rsquo;h\u00f4pital, des centaines de journalistes et d&rsquo;admirateurs se sont rassembl\u00e9s tout l&rsquo;apr\u00e8s-midi. M\u00eame sc\u00e8ne \u00e0 l&rsquo;autre bout du pays, devant la l\u00e9gendaire salle de concerts Apollo de Harlem \u00e0 New York, o\u00f9 certains badauds dansaient au rythme des succ\u00e8s de Jackson.<\/p>\n<p>Le d\u00e9c\u00e8s du \u00ab\u00a0roi de la pop\u00a0\u00bb intervient alors que le chanteur esp\u00e9rait effectuer son grand retour sur sc\u00e8ne cet \u00e9t\u00e9 \u00e0 Londres avec une s\u00e9rie de concerts. Depuis son acquittement en Californie en 2005 au terme d&rsquo;un retentissant proc\u00e8s pour attouchements sexuels sur un adolescent, Jackson avait v\u00e9cu quasiment retir\u00e9 du monde, notamment \u00e0 Bahre\u00efn et Las Vegas.<\/p>\n<p>Fin mai, les organisateurs avaient annonc\u00e9 que le lancement de la s\u00e9rie de concerts avait \u00e9t\u00e9 repouss\u00e9 de quelques jours en juillet, assurant toutefois que cela n&rsquo;avait \u00ab\u00a0rien \u00e0 voir\u00a0\u00bb avec la sant\u00e9 de la star, qui a fait dans le pass\u00e9 l&rsquo;objet de sp\u00e9culations.<\/p>\n<p>Dot\u00e9 d&rsquo;une voix haut perch\u00e9e reconnaissable entre toutes, danseur hors du commun, <a href=\"http:\/\/www.france24.com\/fr\/20090626-retour-vie-michael-jackson-roi-pop-chanteur-mort-justice-thriller\"><u><font color=\"#0000ff\">l&rsquo;artiste \u00e9tait d\u00e9j\u00e0 connu alors qu&rsquo;il n&rsquo;avait pas dix ans<\/font><\/u><\/a>, gr\u00e2ce au groupe familial \u00ab\u00a0Jackson Five\u00a0\u00bb, avant de passer progressivement au statut de star plan\u00e9taire avec des albums comme \u00ab\u00a0Off The Wall\u00a0\u00bb et surtout \u00ab\u00a0Thriller\u00a0\u00bb en 1982.<\/p>\n<p>Mais d\u00e8s les ann\u00e9es 1980, l&rsquo;\u00e9nigmatique Jackson avait montr\u00e9 des signes physiques et comportementaux \u00e9tranges et, <a href=\"http:\/\/www.france24.com\/fr\/20090626-retour-vie-michael-jackson-roi-pop-chanteur-mort-justice-thriller\"><u><font color=\"#0000ff\">au-del\u00e0 du ph\u00e9nom\u00e8ne musical, \u00e9tait devenu un ph\u00e9nom\u00e8ne tout court<\/font><\/u><\/a>.<\/p>\n<p>En 1993, son image de doux excentrique r\u00e9fugi\u00e9 dans un ranch californien baptis\u00e9 \u00ab\u00a0Neverland\u00a0\u00bb en hommage \u00e0 Peter Pan, avait vol\u00e9 en \u00e9clats avec une premi\u00e8re plainte, celle d&rsquo;un adolescent de 13 ans l&rsquo;accusant d&rsquo;attouchements. L&rsquo;affaire s&rsquo;\u00e9tait r\u00e9gl\u00e9e \u00e0 l&rsquo;amiable contre 23,3 millions de dollars.<\/p>\n<p>Mais depuis, entre train de vie somptuaire et inactivit\u00e9 artistique, la fortune de Jackson avait fondu, contraignant en 2006 le chanteur \u00e0 restructurer une dette de quelque 170 millions de dollars, selon la presse am\u00e9ricaine.<\/p>\n<p>Source<\/p>\n<p><a href=\"http:\/\/www.france24.com\/fr\/20090626-crise-cardiaque-los-angeles-times-mort-michael-jackson-pop-star\" title=\"www.france24.com\">France24.com<\/a><\/p>\n<p>&nbsp;<\/p>\n<p>&nbsp;<\/p>\n<p>&nbsp;<\/p>\n<!-- AddThis Advanced Settings generic via filter on the_content --><!-- AddThis Share Buttons generic via filter on the_content -->","protected":false},"excerpt":{"rendered":"<p>Michael Jackson est mort jeudi \u00e0 l&rsquo;\u00e2ge de 50 ans dans un h\u00f4pital de Los&#8230;<!-- AddThis Advanced Settings generic via filter on get_the_excerpt --><!-- AddThis Share Buttons generic via filter on get_the_excerpt --><\/p>\n","protected":false},"author":1,"featured_media":233,"comment_status":"open","ping_status":"open","sticky":false,"template":"","format":"standard","meta":[],"categories":[8],"tags":[],"_links":{"self":[{"href":"https:\/\/amagep.co.za\/fr\/wp-json\/wp\/v2\/posts\/234"}],"collection":[{"href":"https:\/\/amagep.co.za\/fr\/wp-json\/wp\/v2\/posts"}],"about":[{"href":"https:\/\/amagep.co.za\/fr\/wp-json\/wp\/v2\/types\/post"}],"author":[{"embeddable":true,"href":"https:\/\/amagep.co.za\/fr\/wp-json\/wp\/v2\/users\/1"}],"replies":[{"embeddable":true,"href":"https:\/\/amagep.co.za\/fr\/wp-json\/wp\/v2\/comments?post=234"}],"version-history":[{"count":0,"href":"https:\/\/amagep.co.za\/fr\/wp-json\/wp\/v2\/posts\/234\/revisions"}],"wp:featuredmedia":[{"embeddable":true,"href":"https:\/\/amagep.co.za\/fr\/wp-json\/wp\/v2\/media\/233"}],"wp:attachment":[{"href":"https:\/\/amagep.co.za\/fr\/wp-json\/wp\/v2\/media?parent=234"}],"wp:term":[{"taxonomy":"category","embeddable":true,"href":"https:\/\/amagep.co.za\/fr\/wp-json\/wp\/v2\/categories?post=234"},{"taxonomy":"post_tag","embeddable":true,"href":"https:\/\/amagep.co.za\/fr\/wp-json\/wp\/v2\/tags?post=234"}],"curies":[{"name":"wp","href":"https:\/\/api.w.org\/{rel}","templated":true}]}}