{"id":232,"date":"2009-06-25T09:29:53","date_gmt":"2009-06-25T09:29:53","guid":{"rendered":"https:\/\/amagep.co.za\/fr\/2009\/06\/25\/nelson-mandela-recoit-lequipe-sud-africaine\/"},"modified":"2009-06-25T09:29:53","modified_gmt":"2009-06-25T09:29:53","slug":"nelson-mandela-recoit-lequipe-sud-africaine","status":"publish","type":"post","link":"https:\/\/amagep.co.za\/fr\/nelson-mandela-recoit-lequipe-sud-africaine\/","title":{"rendered":"Nelson Mandela re\u00e7oit l&rsquo;\u00e9quipe sud-africaine"},"content":{"rendered":"<p><img loading=\"lazy\" class=\" size-full wp-image-231\" src=\"https:\/\/amagep.co.za\/fr\/wp-content\/uploads\/2009\/06\/1245918692-a.jpg\" border=\"0\" width=\"159\" height=\"210\" \/><\/p>\n<p><span style=\"font-size: 9pt; color: black; font-family: 'Arial','sans-serif'\">L&rsquo;ancien pr\u00e9sident sud-africain Nelson Mandela a rencontr\u00e9 mercredi l&rsquo;\u00e9quipe nationale de football, les Bafana Bafana, pour leur souhaiter bonne chance avant leur demi-finale de la coupe des Conf\u00e9d\u00e9rations contre le Br\u00e9sil jeudi.<\/span><span style=\"font-size: 9pt; color: black; font-family: 'Arial','sans-serif'\"> <\/span><span style=\"font-size: 9pt; color: black; font-family: 'Arial','sans-serif'\"> <!--more--> <\/p>\n<p> <span style=\"font-size: 9pt; color: black; font-family: 'Arial','sans-serif'\">Le Nobel de la Paix, \u00e2g\u00e9 de 90 ans, a salu\u00e9 les joueurs qui lui ont offert un maillot vert des Bafana avec son nom inscrit dessus, a constat\u00e9 un photographe de l&rsquo;AFP.<\/span><span style=\"font-size: 9pt; color: black; font-family: 'Arial','sans-serif'\">Selon la Fondation Mandela, il avait demand\u00e9 \u00e0 recevoir les footballeurs pour les encourager avant ce match. M. Mandela, \u00e0 la sant\u00e9 fragile, n&rsquo;a fait aucune d\u00e9claration lors de cette entrevue.<\/span> <\/p>\n<p><\/span><\/p>\n<p style=\"margin: 0in 0in 10pt; line-height: 16.8pt; text-align: justify\" class=\"MsoNormal\"><span style=\"font-size: 9pt; color: black; font-family: 'Arial','sans-serif'\">Apr\u00e8s la fin de l&rsquo;apartheid en 1994, le premier pr\u00e9sident noir d&rsquo;Afrique du Sud avait enfil\u00e9 le maillot de l&rsquo;\u00e9quipe nationale de rugby, un sport majoritairement pratiqu\u00e9 par des Blancs, et remis la coupe du monde \u00e0 leur capitaine, une image devenue le symbole de la r\u00e9conciliation nationale.<\/span><\/p>\n<p style=\"margin: 0in 0in 10pt; line-height: 16.8pt; text-align: justify\" class=\"MsoNormal\"><span style=\"font-size: 9pt; color: black; font-family: 'Arial','sans-serif'\"><a href=\"http:\/\/fr.cafonline.com\/football\/news\/2976-nelson-mandela-recoit-lequipe-sud-africaine.html\" title=\"www.cafonline.com\">Cafonline.com<\/a><\/span><\/p>\n<p><font face=\"Calibri\" size=\"3\" color=\"#000000\"> <\/font><\/p>\n<!-- AddThis Advanced Settings generic via filter on the_content --><!-- AddThis Share Buttons generic via filter on the_content -->","protected":false},"excerpt":{"rendered":"<p>L&rsquo;ancien pr\u00e9sident sud-africain Nelson Mandela a rencontr\u00e9 mercredi l&rsquo;\u00e9quipe nationale de football, les Bafana Bafana,&#8230;<!-- AddThis Advanced Settings generic via filter on get_the_excerpt --><!-- AddThis Share Buttons generic via filter on get_the_excerpt --><\/p>\n","protected":false},"author":1,"featured_media":231,"comment_status":"open","ping_status":"open","sticky":false,"template":"","format":"standard","meta":[],"categories":[7],"tags":[],"_links":{"self":[{"href":"https:\/\/amagep.co.za\/fr\/wp-json\/wp\/v2\/posts\/232"}],"collection":[{"href":"https:\/\/amagep.co.za\/fr\/wp-json\/wp\/v2\/posts"}],"about":[{"href":"https:\/\/amagep.co.za\/fr\/wp-json\/wp\/v2\/types\/post"}],"author":[{"embeddable":true,"href":"https:\/\/amagep.co.za\/fr\/wp-json\/wp\/v2\/users\/1"}],"replies":[{"embeddable":true,"href":"https:\/\/amagep.co.za\/fr\/wp-json\/wp\/v2\/comments?post=232"}],"version-history":[{"count":0,"href":"https:\/\/amagep.co.za\/fr\/wp-json\/wp\/v2\/posts\/232\/revisions"}],"wp:featuredmedia":[{"embeddable":true,"href":"https:\/\/amagep.co.za\/fr\/wp-json\/wp\/v2\/media\/231"}],"wp:attachment":[{"href":"https:\/\/amagep.co.za\/fr\/wp-json\/wp\/v2\/media?parent=232"}],"wp:term":[{"taxonomy":"category","embeddable":true,"href":"https:\/\/amagep.co.za\/fr\/wp-json\/wp\/v2\/categories?post=232"},{"taxonomy":"post_tag","embeddable":true,"href":"https:\/\/amagep.co.za\/fr\/wp-json\/wp\/v2\/tags?post=232"}],"curies":[{"name":"wp","href":"https:\/\/api.w.org\/{rel}","templated":true}]}}