{"id":226,"date":"2009-06-19T16:20:33","date_gmt":"2009-06-19T16:20:33","guid":{"rendered":"https:\/\/amagep.co.za\/fr\/2009\/06\/19\/ce-fut-un-grand-evenement-sous-la-production-de-la-maison\/"},"modified":"2009-06-19T16:20:33","modified_gmt":"2009-06-19T16:20:33","slug":"ce-fut-un-grand-evenement-sous-la-production-de-la-maison","status":"publish","type":"post","link":"https:\/\/amagep.co.za\/fr\/ce-fut-un-grand-evenement-sous-la-production-de-la-maison\/","title":{"rendered":"un grand \u00e9v\u00e9nement sous la Production de la Maison JRG"},"content":{"rendered":"<p style=\"margin: 0in 0in 0pt\" class=\"MsoNormal\"><span><font size=\"3\"><font color=\"#000000\"><font face=\"Times New Roman\"><img loading=\"lazy\" class=\" size-full wp-image-221\" src=\"https:\/\/amagep.co.za\/fr\/wp-content\/uploads\/2009\/06\/Grabbed-Frame-10.bmp\" border=\"0\" width=\"397\" height=\"321\" \/><\/font><\/font><\/font><\/span><\/p>\n<p><span><font size=\"3\"><font color=\"#000000\"><font face=\"Times New Roman\">Ce fut un grand \u00e9v\u00e9nement sous la Production de la Maison  JRG p our essayer de rassembler et promouvoir la Majorit\u00e9 des Artistes Chr\u00e9tiensde Johannesburg  qui ont r\u00e9pondu<br \/>\u00e0 l\u2019Invitation au nombre de 13 S\u00e9lectionn\u00e9s!<\/font><\/font><\/font><\/span><span><font size=\"3\"><font color=\"#000000\"><font face=\"Times New Roman\">  <!--more--> L\u2019organisation et la S\u00e9curit\u00e9 \u00e9tait assum\u00e9e par le Ma\u00eetre Olivier Lusinga. L&rsquo;Animatrice Bibiche Suku a d\u00e9but\u00e9 la c\u00e9r\u00e9monie \u00e0 16h42 sur le podium en r\u00e9citant tout le programme a la nombreuse foule pr\u00e9sente au rendez-vous.<br \/>C&rsquo;est alors que le Pasteur S\u00e9bastien Mwanza fera une courte<br \/>pri\u00e8re d&rsquo;Ouverture vers 16h50 pour c\u00e9der le micro au premier<br \/>Artiste Musicien Fr Paulin pour interpr\u00e9ter deux chansons dont nous avons pu retenir un merveilleux rythme de &lsquo;Mutuashi\u00a0\u00bb.<\/p>\n<p>Juste apr\u00e8s viendra le tour du Couple Kabongo qui a son tour<br \/>b\u00e9n\u00e9ficiera aussi de deux chansons dont  la chanson populaire de la Soeur L&rsquo;Or Mbongo \u00ab\u00a0Nzambe na nga, azali na bomoi, a telemaka<br \/>moto ya suka na nionso\u00a0\u00bb; Et toute la masse dans la salle fut tellement ravie de ce rythme<\/font><\/font><\/font><\/span><span><font face=\"Times New Roman\" size=\"3\" color=\"#000000\"> <\/font><\/span><span><font face=\"Times New Roman\" size=\"3\" color=\"#000000\"> <\/font><\/span><span style=\"font-size: 12pt; font-family: 'Liberation Serif'\"><font face=\"Times New Roman\" color=\"#000000\">juste avant de proc\u00e9der par l&rsquo;autre chanson playback figurant dans leur album.<\/p>\n<p>Le Fr Simon-Pierre sous nombreuses acclamations s&rsquo;est pr\u00e9sent\u00e9 sur le podium avec une forte onction  du Saint Esprit.<br \/>Vraiment la Communaut\u00e9 Congolaise de Jo&rsquo;burg continue a remercier et encourager de telles productions&#8230;<\/p>\n<p>Sr Ida Konde fera une mont\u00e9e du podium tr\u00e8s \u00ab\u00a0fracassante\u00a0\u00bb jusqu&rsquo; \u00e0 tel point que le nombreux public et Artistes Musiciens se sont tous lev\u00e9s pour l\u2019accompagner&#8230;<\/p>\n<p>Le Fr Papy lui aussi pr\u00e9senta un spectacle en couleur et surtout une chor\u00e9graphie tr\u00e8s remarqu\u00e9e.<\/p>\n<p>Apres la Sr Micheline jouera en play-back deux chansons de son album a venir\u2026et sa voix fut tr\u00e8s appr\u00e9ci\u00e9e.<\/p>\n<p>Et la Surprise de la soir\u00e9e fut le Fr Didier Nsiala qui est connu en Afrique du Sud comme \u00e9tant \u00ab\u00a0Instrumentiste Claveriste\u00a0\u00bb, a \u00e9t\u00e9 a la mesure d&rsquo;interpr\u00e9ter une belle chanson avec une belle voix qui \u00e9tonna subitement le peuple de Dieu.<\/p>\n<p>Apr\u00e8s, viendra le tour de la Soeur Ruth sur le plateau afin de jouer la bonne Musique Chr\u00e9tienne; elle \u00e9tait en super forme dans tous les aspects: Voix, Chor\u00e9graphie et l\u2019Ambiance , c\u2019\u00e9tait la r\u00e9ussite totale&#8230;<\/p>\n<p>Soeur Mamie Mfampa qui ne montera sur le podium que pour interpr\u00e9ter<br \/>deux chansons en \u00ab\u00a0Langue Nationale\u00a0\u00bb dont l&rsquo;une en \u00ab\u00a0Mongo\u00a0\u00bb + chor\u00e9graphie respect\u00e9e conforme a la langue et l&rsquo;autre en \u00ab\u00a0Tshiluba\u00a0\u00bb et chor\u00e9graphie toujours respect\u00e9e!<\/font><\/span><\/p>\n<p><img loading=\"lazy\" class=\" size-full wp-image-222\" src=\"https:\/\/amagep.co.za\/fr\/wp-content\/uploads\/2009\/06\/Grabbed-Frame-26.jpg\" border=\"0\" width=\"399\" height=\"300\" srcset=\"https:\/\/amagep.co.za\/fr\/wp-content\/uploads\/2009\/06\/Grabbed-Frame-26.jpg 399w, https:\/\/amagep.co.za\/fr\/wp-content\/uploads\/2009\/06\/Grabbed-Frame-26-300x226.jpg 300w\" sizes=\"(max-width: 399px) 100vw, 399px\" \/><span style=\"font-size: 12pt; font-family: 'Liberation Serif'\"><font face=\"Times New Roman\" color=\"#000000\"><br \/>Elle l&rsquo;a fait dans une mani\u00e8re tr\u00e8s magnifique jusqu&rsquo;au niveau d\u2019emporter toute la salle dans son rythme.<\/p>\n<p>Le Fr Deboufond, lui d&rsquo;ailleurs comme d&rsquo;habitude ne fait que bouger les spectateurs surtout qu; il \u00e9tait cette fois-ci accompagne du Groupe<\/font><\/span><\/p>\n<p><img loading=\"lazy\" class=\" size-full wp-image-223\" src=\"https:\/\/amagep.co.za\/fr\/wp-content\/uploads\/2009\/06\/Grabbed-Frame-15.jpg\" border=\"0\" width=\"399\" height=\"300\" srcset=\"https:\/\/amagep.co.za\/fr\/wp-content\/uploads\/2009\/06\/Grabbed-Frame-15.jpg 399w, https:\/\/amagep.co.za\/fr\/wp-content\/uploads\/2009\/06\/Grabbed-Frame-15-300x226.jpg 300w\" sizes=\"(max-width: 399px) 100vw, 399px\" \/> <\/p>\n<p><span style=\"font-size: 12pt; font-family: 'Liberation Serif'\"><font face=\"Times New Roman\" color=\"#000000\"> Zammar qui bouge souvent Jo&rsquo;burg!<\/p>\n<p>Le Pasteur Kimo par la Gloire de Dieu a bien chant\u00e9 et nous avons aussi f\u00e9licit\u00e9 la pr\u00e9sence du nombreux Peuple de Dieu et surtout celle du Couple Pastoral de l&rsquo;Eglise \u00ab\u00a0Bima\u00a0\u00bb et de Nzambe Malamu venant soutenir leurs musiciens de leurs Eglises&#8230;<\/p>\n<p>Pour cl\u00f4turer le spectacle en beaut\u00e9 fut le tour du Fr Francis Kalala dans la chanson \u00ab\u00a0All\u00e9luia\u00a0\u00bb.<br \/>Bien qu&rsquo;il \u00e9tait d\u00e9j\u00e0 tard la nuit et que certaines personnes d\u00e9j\u00e0 s&rsquo;en allaient, tellement qu&rsquo;il faisait tr\u00e8sfroid aussi&#8230;<\/font><\/span><\/p>\n<p><img loading=\"lazy\" class=\" size-full wp-image-224\" src=\"https:\/\/amagep.co.za\/fr\/wp-content\/uploads\/2009\/06\/Grabbed-Frame-21.jpg\" border=\"0\" width=\"399\" height=\"300\" srcset=\"https:\/\/amagep.co.za\/fr\/wp-content\/uploads\/2009\/06\/Grabbed-Frame-21.jpg 399w, https:\/\/amagep.co.za\/fr\/wp-content\/uploads\/2009\/06\/Grabbed-Frame-21-300x226.jpg 300w\" sizes=\"(max-width: 399px) 100vw, 399px\" \/><br \/><span style=\"font-size: 12pt; font-family: 'Liberation Serif'\"><font face=\"Times New Roman\" color=\"#000000\">Nous avons \u00e9t\u00e9 surtout marque par la \u00ab\u00a0Soumission, Unit\u00e9 et Respect de l&rsquo;Oeuvre de Dieu\u00a0\u00bb de la part de nos Musiciens Chr\u00e9tiens de l\u2019Afrique du Sud.<br \/>Ils \u00e9taient tous rest\u00e9s pour soutenir le Fr\u00e8re pour mieux s&rsquo;exprimer<br \/>devant le public restant et c&rsquo;\u00e9tait beau \u00e0 voir!<br \/>Le public nombreux ainsi que les Ma\u00eetres de S\u00e9curit\u00e9, Journalistes et autres furent compl\u00e8tement emportes par le son et rythme du \u00ab\u00a0Fr Francis et les H\u00e9ritiers\u00a0\u00bb dans l\u2019ambiance total jusqu&rsquo;a la fin de l&rsquo;\u00e9v\u00e9nement vers 20h54&#8230;<\/font><\/span><\/p>\n<p><img loading=\"lazy\" class=\" size-full wp-image-225\" src=\"https:\/\/amagep.co.za\/fr\/wp-content\/uploads\/2009\/06\/Grabbed-Frame-16.jpg\" border=\"0\" width=\"399\" height=\"300\" srcset=\"https:\/\/amagep.co.za\/fr\/wp-content\/uploads\/2009\/06\/Grabbed-Frame-16.jpg 399w, https:\/\/amagep.co.za\/fr\/wp-content\/uploads\/2009\/06\/Grabbed-Frame-16-300x226.jpg 300w\" sizes=\"(max-width: 399px) 100vw, 399px\" \/><br \/><span style=\"font-size: 12pt; font-family: 'Liberation Serif'\"><font face=\"Times New Roman\" color=\"#000000\"><br \/>Une fois de plus tous les Artistes Musiciens et le Nombreux Public au rendez- vous remercient sinc\u00e8rement la Maison JRG pour cette production et continue<br \/>a encourager de tels actes&#8230;<br \/>Aussi nous lan\u00e7ons un \u00ab\u00a0Avis de Recherche de Producteur\u00a0\u00bb de la part de notre<br \/>Soeur Micheline qui a son album tr\u00e8s bien r\u00e9alis\u00e9&#8230;<\/p>\n<p>Bravo a la Maison JRG du Patron Jean-Ren\u00e9 Golo!!!<br \/>Que Dieu le b\u00e9nisse et lui pr\u00eate mains fortes dans ses Entreprises! <\/font><\/span><span style=\"font-size: 12pt; font-family: 'Liberation Serif'\"><font face=\"Times New Roman\" color=\"#000000\">Amen!!!<\/p>\n<p><\/font><\/span><\/p>\n<!-- AddThis Advanced Settings generic via filter on the_content --><!-- AddThis Share Buttons generic via filter on the_content -->","protected":false},"excerpt":{"rendered":"<p>Ce fut un grand \u00e9v\u00e9nement sous la Production de la Maison JRG p our essayer&#8230;<!-- AddThis Advanced Settings generic via filter on get_the_excerpt --><!-- AddThis Share Buttons generic via filter on get_the_excerpt --><\/p>\n","protected":false},"author":1,"featured_media":221,"comment_status":"open","ping_status":"open","sticky":false,"template":"","format":"standard","meta":[],"categories":[8],"tags":[],"_links":{"self":[{"href":"https:\/\/amagep.co.za\/fr\/wp-json\/wp\/v2\/posts\/226"}],"collection":[{"href":"https:\/\/amagep.co.za\/fr\/wp-json\/wp\/v2\/posts"}],"about":[{"href":"https:\/\/amagep.co.za\/fr\/wp-json\/wp\/v2\/types\/post"}],"author":[{"embeddable":true,"href":"https:\/\/amagep.co.za\/fr\/wp-json\/wp\/v2\/users\/1"}],"replies":[{"embeddable":true,"href":"https:\/\/amagep.co.za\/fr\/wp-json\/wp\/v2\/comments?post=226"}],"version-history":[{"count":0,"href":"https:\/\/amagep.co.za\/fr\/wp-json\/wp\/v2\/posts\/226\/revisions"}],"wp:featuredmedia":[{"embeddable":true,"href":"https:\/\/amagep.co.za\/fr\/wp-json\/wp\/v2\/media\/221"}],"wp:attachment":[{"href":"https:\/\/amagep.co.za\/fr\/wp-json\/wp\/v2\/media?parent=226"}],"wp:term":[{"taxonomy":"category","embeddable":true,"href":"https:\/\/amagep.co.za\/fr\/wp-json\/wp\/v2\/categories?post=226"},{"taxonomy":"post_tag","embeddable":true,"href":"https:\/\/amagep.co.za\/fr\/wp-json\/wp\/v2\/tags?post=226"}],"curies":[{"name":"wp","href":"https:\/\/api.w.org\/{rel}","templated":true}]}}