{"id":215,"date":"2009-06-14T15:08:41","date_gmt":"2009-06-14T15:08:41","guid":{"rendered":"https:\/\/amagep.co.za\/fr\/2009\/06\/14\/toute-lafrique-du-sud-soutient-son-equipe\/"},"modified":"2009-06-14T15:08:41","modified_gmt":"2009-06-14T15:08:41","slug":"toute-lafrique-du-sud-soutient-son-equipe","status":"publish","type":"post","link":"https:\/\/amagep.co.za\/fr\/toute-lafrique-du-sud-soutient-son-equipe\/","title":{"rendered":"Toute l&rsquo;Afrique du Sud soutient son \u00e9quipe"},"content":{"rendered":"<p><img loading=\"lazy\" class=\" size-full wp-image-191\" src=\"https:\/\/amagep.co.za\/fr\/wp-content\/uploads\/2009\/05\/20090509-zuma-serment-m.jpg\" border=\"0\" width=\"345\" height=\"260\" \/><\/p>\n<p><span style=\"font-size: 10pt\">Le pr\u00e9sident sud-africain Jacob Zuma a assur\u00e9 que \u00ab\u00a0tout le pays \u00e9tait derri\u00e8re\u00a0\u00bb l&rsquo;\u00e9quipe de football nationale et que les joueurs ne devaient \u00ab\u00a0pas se focaliser sur les<br \/>critiques\u00a0\u00bb, samedi, \u00e0 la veille du d\u00e9but de la Coupe des Conf\u00e9d\u00e9rations en Afrique du<br \/>Sud.<\/span><\/p>\n<p> <!--more--> <\/p>\n<div style=\"margin: 0in 0in 0pt\">\u00a0<\/div>\n<div style=\"margin: 0in 0in 0pt\"><span style=\"font-size: 10pt\"><br \/>\u00ab\u00a0Je suis ici pour vous apporter mon soutien et vous dire que tout le pays est derri\u00e8re vous\u00a0\u00bb, a d\u00e9clar\u00e9 M. Zuma \u00e0 l&rsquo;\u00e9quipe des Bafana Bafana dans le stade de Soweto, le grand township de la banlieue sud de Johannesburg, o\u00f9 l&rsquo;\u00e9quipe s&rsquo;entra\u00eenait.<\/span><\/div>\n<div style=\"margin: 0in 0in 0pt\"><span style=\"font-size: 10pt\"><br \/>L&rsquo;Afrique du Sud affronte dimanche \u00e0 Johannesburg l&rsquo;Irak lors du match d&rsquo;ouverture de la Coupe des Conf\u00e9d\u00e9rations. Cette comp\u00e9tition, qui reunite les champions continentaux, le d\u00e9tenteur de la Coupe du monde (l&rsquo;Italie) et le pays organisateur, se tient jusqu&rsquo;au 28 juin.<\/span><\/div>\n<div style=\"margin: 0in 0in 0pt\"><span style=\"font-size: 10pt\"><br \/>\u00ab\u00a0Ne vous focalisez pas sur les critiques, simplement jouez et faites en sorte que le pays soit fier de vous\u00a0\u00bb, a ajout\u00e9 le pr\u00e9sident, cit\u00e9 par l&rsquo;agence sud-africaine de presse Sapa.<\/span><\/div>\n<div style=\"margin: 0in 0in 0pt\"><span style=\"font-size: 10pt\"><\/p>\n<p><\/span><\/div>\n<div style=\"margin: 0in 0in 0pt\"><span style=\"font-size: 10pt\">Au classement de la F\u00e9d\u00e9ration internationale de football (Fifa), l&rsquo;\u00e9quipe des Bafana Bafana (Les Gar\u00e7ons en langue zoulou) pointe en 72e position.<\/span><\/div>\n<div style=\"margin: 0in 0in 0pt\"><span style=\"font-size: 10pt\"><br \/>M. Zuma \u00e9tait v\u00eatu d&rsquo;un tee-shirt jaune et vert &#8211; les couleurs des Bafana Bafana &#8211; sur lequel \u00e9taient inscrits son nom et le chiffre 1, a constat\u00e9 un photographe de l&rsquo;AFP.<\/span><\/div>\n<div style=\"margin: 0in 0in 0pt\"><span style=\"font-size: 10pt\"><br \/>Nelson Mandela, le premier pr\u00e9sident noir sud-africain, \u00ab\u00a0m&rsquo;a dit: +S&rsquo;il te pla\u00eet, dis leur que je suis trop vieux pour aller les voir mais qu&rsquo;ils ont mon soutien et que je regarderai le match \u00e0 la t\u00e9l\u00e9+\u00a0\u00bb, a encore racont\u00e9 M. Zuma.<\/span><\/div>\n<div style=\"margin: 0in 0in 0pt\"><span style=\"font-size: 10pt\"><br \/>\u00ab\u00a0On fera de notre mieux\u00a0\u00bb, a r\u00e9pondu le capitaine de l&rsquo;\u00e9quipe, Aaron Mokoena. \u00a0 \u00a0La Coupe des Conf\u00e9d\u00e9rations est consid\u00e9r\u00e9e pour le pays organisateur comme une r\u00e9p\u00e9tition g\u00e9n\u00e9rale avant le Mondial-2010, qui se tiendra aussi en Afrique <br \/>du Sud (11 juin-11 juillet).<\/span><\/div>\n<div style=\"margin: 0in 0in 0pt\">\u00a0<\/div>\n<div style=\"margin: 0in 0in 0pt\">Source<\/div>\n<div style=\"margin: 0in 0in 0pt\">\u00a0<\/div>\n<div style=\"margin: 0in 0in 0pt\"><a href=\"http:\/\/fr.cafonline.com\/football\/news\/2877-toute-lafrique-du-sud-soutient-son-equipe.html\" title=\"www.cafonline.com\">Cafonline.com\u00a0<\/a><\/div>\n<!-- AddThis Advanced Settings generic via filter on the_content --><!-- AddThis Share Buttons generic via filter on the_content -->","protected":false},"excerpt":{"rendered":"<p>Le pr\u00e9sident sud-africain Jacob Zuma a assur\u00e9 que \u00ab\u00a0tout le pays \u00e9tait derri\u00e8re\u00a0\u00bb l&rsquo;\u00e9quipe de&#8230;<!-- AddThis Advanced Settings generic via filter on get_the_excerpt --><!-- AddThis Share Buttons generic via filter on get_the_excerpt --><\/p>\n","protected":false},"author":1,"featured_media":191,"comment_status":"open","ping_status":"open","sticky":false,"template":"","format":"standard","meta":[],"categories":[7],"tags":[],"_links":{"self":[{"href":"https:\/\/amagep.co.za\/fr\/wp-json\/wp\/v2\/posts\/215"}],"collection":[{"href":"https:\/\/amagep.co.za\/fr\/wp-json\/wp\/v2\/posts"}],"about":[{"href":"https:\/\/amagep.co.za\/fr\/wp-json\/wp\/v2\/types\/post"}],"author":[{"embeddable":true,"href":"https:\/\/amagep.co.za\/fr\/wp-json\/wp\/v2\/users\/1"}],"replies":[{"embeddable":true,"href":"https:\/\/amagep.co.za\/fr\/wp-json\/wp\/v2\/comments?post=215"}],"version-history":[{"count":0,"href":"https:\/\/amagep.co.za\/fr\/wp-json\/wp\/v2\/posts\/215\/revisions"}],"wp:featuredmedia":[{"embeddable":true,"href":"https:\/\/amagep.co.za\/fr\/wp-json\/wp\/v2\/media\/191"}],"wp:attachment":[{"href":"https:\/\/amagep.co.za\/fr\/wp-json\/wp\/v2\/media?parent=215"}],"wp:term":[{"taxonomy":"category","embeddable":true,"href":"https:\/\/amagep.co.za\/fr\/wp-json\/wp\/v2\/categories?post=215"},{"taxonomy":"post_tag","embeddable":true,"href":"https:\/\/amagep.co.za\/fr\/wp-json\/wp\/v2\/tags?post=215"}],"curies":[{"name":"wp","href":"https:\/\/api.w.org\/{rel}","templated":true}]}}