{"id":214,"date":"2009-06-09T11:54:05","date_gmt":"2009-06-09T11:54:05","guid":{"rendered":"https:\/\/amagep.co.za\/fr\/2009\/06\/09\/sarkozy-rend-hommage-a-omar-bongo-qfidele-ami-de-la-franceq\/"},"modified":"2009-06-09T11:54:05","modified_gmt":"2009-06-09T11:54:05","slug":"sarkozy-rend-hommage-a-omar-bongo-qfidele-ami-de-la-franceq","status":"publish","type":"post","link":"https:\/\/amagep.co.za\/fr\/sarkozy-rend-hommage-a-omar-bongo-qfidele-ami-de-la-franceq\/","title":{"rendered":"Sarkozy rend hommage \u00e0 Omar Bongo, \u00ab\u00a0fid\u00e8le ami de la France\u00a0\u00bb"},"content":{"rendered":"<p><img loading=\"lazy\" class=\" size-full wp-image-213\" src=\"https:\/\/amagep.co.za\/fr\/wp-content\/uploads\/2009\/06\/bongo-226.jpg\" border=\"0\" width=\"226\" height=\"104\" \/>\u00a0<\/p>\n<p>L&rsquo;annonce lundi de la mort du pr\u00e9sident gabonais Omar Bongo Ondimba a provoqu\u00e9 une avalanche d&rsquo;hommages au \u00ab\u00a0sage\u00a0\u00bb et \u00e0 \u00ab\u00a0l&rsquo;ami\u00a0\u00bb, venus de personnalit\u00e9s politiques fran\u00e7aises, mais surtout de l&rsquo;ensemble du continent africain, qui voyait en lui \u00ab\u00a0un grand fils\u00a0\u00bb.<\/p>\n<p> <!--more--> <\/p>\n<p>\u00ab\u00a0Un ami\u00a0\u00bb pour le ministre fran\u00e7ais des Affaires \u00e9trang\u00e8res Bernard Kouchner, un \u00ab\u00a0sage\u00a0\u00bb pour l&rsquo;ex-pr\u00e9sident de la R\u00e9publique Jacques Chirac et son \u00e9pouse Bernadette, \u00ab\u00a0un grand et fid\u00e8le ami de la France\u00a0\u00bb pour le pr\u00e9sident Nicolas Sarkozy: les cercles politiques fran\u00e7ais ont salu\u00e9 un personnage-cl\u00e9 de la \u00ab\u00a0Fran\u00e7afrique\u00a0\u00bb.<\/p>\n<p>\u00ab\u00a0Il a \u00e9t\u00e9 de tous les conflits en tant que m\u00e9diateur, tr\u00e8s souvent \u00e0 la demande de la France, \u00e0 la demande de l&rsquo;Europe, en Centrafrique, au Congo Brazzaville, au Tchad. C&rsquo;\u00e9tait quelqu&rsquo;un de tr\u00e8s \u00e9cout\u00e9 en Afrique\u00a0\u00bb, a insist\u00e9 le secr\u00e9taire d&rsquo;Etat fran\u00e7ais \u00e0 la Coop\u00e9ration, Alain Joyandet.<\/p>\n<p>Mais c&rsquo;est surtout le continent africain qui vibrait sans r\u00e9serve pour le doyen des chefs d&rsquo;Etat africains en terme de long\u00e9vit\u00e9 politique, mort alors qu&rsquo;il \u00e9tait \u00e0 la t\u00eate de son pays depuis plus de 41 ans.<\/p>\n<p>Le roi du Maroc, Mohammed VI, a regrett\u00e9 la perte d&rsquo;un \u00ab\u00a0fid\u00e8le ami du royaume\u00a0\u00bb, tout comme le pr\u00e9sident s\u00e9n\u00e9galais Abdoulaye Wade, qui pleurait son \u00ab\u00a0ami et fr\u00e8re\u00a0\u00bb et saluait \u00ab\u00a0la m\u00e9moire de l&rsquo;illustre disparu qui a oeuvr\u00e9 toute sa vie durant au service de son pays et de l&rsquo;Afrique\u00a0\u00bb.<\/p>\n<p>Beaucoup se souvenaient de ses talents, maintes fois \u00e9prouv\u00e9s, pour les n\u00e9gociations de paix.<\/p>\n<p>Le chef de l&rsquo;Etat ivoirien Laurent Gbagbo, qui s&rsquo;\u00e9tait un temps brouill\u00e9 avec Bongo apr\u00e8s l&rsquo;avoir qualifi\u00e9 de \u00ab\u00a0rigolo et (de) donneur de le\u00e7on\u00a0\u00bb a salu\u00e9 un \u00ab\u00a0acteur cl\u00e9\u00a0\u00bb de l'\u00a0\u00bb\u00e9mancipation politique\u00a0\u00bb africaine.<\/p>\n<p>L&rsquo;Union des forces de la r\u00e9sistance (UFR), qui rassemble la plupart des factions rebelles tchadiennes, a pour sa part rappel\u00e9 \u00ab\u00a0ses efforts pour ramener la paix\u00a0\u00bb au Tchad et son \u00ab\u00a0investissement personnel dans nos conflits fratricides\u00a0\u00bb faisant de lui \u00ab\u00a0un symbole\u00a0\u00bb. <br \/><!-- conteneur --><\/p>\n<p>\u00ab\u00a0C&rsquo;est une tr\u00e8s grande perte pour la R\u00e9publique centrafricaine\u00a0\u00bb pour laquelle M. Bongo s&rsquo;\u00e9tait impliqu\u00e9 dans le \u00ab\u00a0processus d\u00e9licat de r\u00e9conciliation et pacification\u00a0\u00bb, a soulign\u00e9 un porte-parole du pouvoir \u00e0 Bangui.<\/p>\n<p>\u00ab\u00a0C&rsquo;est une perte immense pour le Gabon et l&rsquo;Afrique enti\u00e8re. Nous venons de perdre un homme, un sage\u00a0\u00bb, a rench\u00e9ri Alain Akouala Atipault, le porte-parole du gouvernement du Congo.<\/p>\n<p>Dans l&rsquo;attente du communiqu\u00e9 officiel de l&rsquo;Union africaine (UA), le pr\u00e9sident du Conseil de Paix et S\u00e9curit\u00e9 (CPS) de l&rsquo;organisation, Ramtane Lamamra, d\u00e9plorait \u00ab\u00a0la perte d&rsquo;un tr\u00e8s grand fils de l&rsquo;Afrique qui a apport\u00e9 des contributions significatives aux questions du continent ainsi qu&rsquo;aux succ\u00e8s\u00a0\u00bb de l&rsquo;UA.<\/p>\n<p>Il n&rsquo;\u00e9tait que quelques organisations militantes pour \u00e9voquer un pass\u00e9 moins reluisant, des soup\u00e7ons de corruption et de client\u00e9lisme.<\/p>\n<p>\u00ab\u00a0Il faut fermer la page d&rsquo;une certaine forme de gestion et de gouvernance en Afrique avec un pouvoir absolu du pr\u00e9sident, qui est une esp\u00e8ce de +parrain+ (&#8230;)\u00a0\u00bb, a relev\u00e9 Alioune Tine, responsable de la Rencontre africaine pour la d\u00e9fense des droits de l&rsquo;homme (RADDHO) \u00e0 Dakar.<\/p>\n<p>\u00ab\u00a0C&rsquo;\u00e9tait un pr\u00e9sident qui n&rsquo;avait pas le souci de ses citoyens. Il a bien servi les int\u00e9r\u00eats de la France et des hommes politiques fran\u00e7ais\u00a0\u00bb, a estim\u00e9 de son c\u00f4t\u00e9 l&rsquo;ancienne juge et nouvelle d\u00e9put\u00e9e europ\u00e9enne verte, Eva Joly.<\/p>\n<p>\u00ab\u00a0La manne p\u00e9troli\u00e8re n&rsquo;a pas profit\u00e9\u00a0\u00bb aux Gabonais, a-t-elle estim\u00e9. \u00ab\u00a0La France a une grande dette envers le Gabon pour avoir maintenu au pouvoir pendant toutes ces ann\u00e9es M. Bongo\u00a0\u00bb, a ajout\u00e9 l&rsquo;ancienne magistrate, qui a instruit la tentaculaire affaire Elf et ses ramifications gabonaises.<\/p>\n<p>Source\u00a0<\/p>\n<p><a href=\"http:\/\/www.france24.com\/fr\/20090609-elysee-rend-hommage-omar-bongo-fidele-ami-france-nicolas-sarkozy-eva-joly\" title=\"www.france24.com\">France24.com<\/a><\/p>\n<p>&nbsp;<\/p>\n<!-- AddThis Advanced Settings generic via filter on the_content --><!-- AddThis Share Buttons generic via filter on the_content -->","protected":false},"excerpt":{"rendered":"<p>\u00a0 L&rsquo;annonce lundi de la mort du pr\u00e9sident gabonais Omar Bongo Ondimba a provoqu\u00e9 une&#8230;<!-- AddThis Advanced Settings generic via filter on get_the_excerpt --><!-- AddThis Share Buttons generic via filter on get_the_excerpt --><\/p>\n","protected":false},"author":1,"featured_media":213,"comment_status":"open","ping_status":"open","sticky":false,"template":"","format":"standard","meta":[],"categories":[6],"tags":[48],"_links":{"self":[{"href":"https:\/\/amagep.co.za\/fr\/wp-json\/wp\/v2\/posts\/214"}],"collection":[{"href":"https:\/\/amagep.co.za\/fr\/wp-json\/wp\/v2\/posts"}],"about":[{"href":"https:\/\/amagep.co.za\/fr\/wp-json\/wp\/v2\/types\/post"}],"author":[{"embeddable":true,"href":"https:\/\/amagep.co.za\/fr\/wp-json\/wp\/v2\/users\/1"}],"replies":[{"embeddable":true,"href":"https:\/\/amagep.co.za\/fr\/wp-json\/wp\/v2\/comments?post=214"}],"version-history":[{"count":0,"href":"https:\/\/amagep.co.za\/fr\/wp-json\/wp\/v2\/posts\/214\/revisions"}],"wp:featuredmedia":[{"embeddable":true,"href":"https:\/\/amagep.co.za\/fr\/wp-json\/wp\/v2\/media\/213"}],"wp:attachment":[{"href":"https:\/\/amagep.co.za\/fr\/wp-json\/wp\/v2\/media?parent=214"}],"wp:term":[{"taxonomy":"category","embeddable":true,"href":"https:\/\/amagep.co.za\/fr\/wp-json\/wp\/v2\/categories?post=214"},{"taxonomy":"post_tag","embeddable":true,"href":"https:\/\/amagep.co.za\/fr\/wp-json\/wp\/v2\/tags?post=214"}],"curies":[{"name":"wp","href":"https:\/\/api.w.org\/{rel}","templated":true}]}}