{"id":209,"date":"2009-06-06T07:57:01","date_gmt":"2009-06-06T07:57:01","guid":{"rendered":"https:\/\/amagep.co.za\/fr\/2009\/06\/06\/mort-brusque-de-l-artiste-denzu-de-joburg\/"},"modified":"2009-06-06T07:57:01","modified_gmt":"2009-06-06T07:57:01","slug":"mort-brusque-de-l-artiste-denzu-de-joburg","status":"publish","type":"post","link":"https:\/\/amagep.co.za\/fr\/mort-brusque-de-l-artiste-denzu-de-joburg\/","title":{"rendered":"Mort Brusque de l&rsquo; Artiste Denzu de Jo&rsquo;burg"},"content":{"rendered":"<p><img loading=\"lazy\" class=\" size-full wp-image-207\" src=\"https:\/\/amagep.co.za\/fr\/wp-content\/uploads\/2009\/06\/denzou.jpg\" border=\"0\" width=\"399\" height=\"240\" srcset=\"https:\/\/amagep.co.za\/fr\/wp-content\/uploads\/2009\/06\/denzou.jpg 399w, https:\/\/amagep.co.za\/fr\/wp-content\/uploads\/2009\/06\/denzou-300x180.jpg 300w\" sizes=\"(max-width: 399px) 100vw, 399px\" \/><\/p>\n<p>Le Monde Musical Congolais vient de perdre leur chers Coll\u00e8gue L&rsquo;Artiste Bokumu Nzuzi tr\u00e8s connu sous le sobriquet de\u00a0 \u00ab\u00a0Denzu\u00a0\u00bb mort dans la nuit du Jeudi 07 Mai au matin de Vendredi 08 Mai 2009 en Afrique du Sud!<br \/>Toute la Communaut\u00e9 Congolaise de Jo&rsquo;burg s&rsquo;est r\u00e9unie pour le rendre \u00ab\u00a0Hommage\u00a0\u00bb et \u00ab\u00a0Comm\u00e9moration\u00a0\u00bb de sa Personnalit\u00e9 en\u00a0 <br \/>qualit\u00e9\u00a0\u00a0 de Bon&rsquo;Artiste Musicien au jour de Samedi 16 Mai 2009 dans l&rsquo; Espace Village Kin Malebo du Pr\u00e9sident Mike Bombito.<\/p>\n<p> <!--more--> <\/p>\n<p>Biographie de l&rsquo; Artiste<\/p>\n<p>L&rsquo; Artiste se nomme Bokumu Nzuzi aka Denzu, Jumeau et\u00a0\u00a0C\u00e9libataire n\u00e9 le 19.10.1981 d&rsquo;une famille de 5 enfants.<br \/>50% de l&rsquo; \u00c9quateur\u00a0 et 50% du Bandundu Mumbala;\u00a0 grandi a Matete; Etudes Primaires faites a Saint Adrien de Ngaba; Secondaires au Coll\u00e8ge de Kalokoso\/Bandundu; Obtient son Diplome d&rsquo; Etat avec 56% pour s&rsquo;en aller imm\u00e9diatement poursuivre <br \/>ses Etudes Universitaires a l&rsquo; Unikin jusqu&rsquo; en 2eme Graduat Facult\u00e9 de Science Politique Administrative. Et c&rsquo;est a partir de la qu&rsquo;il int\u00e9grera le Groupe Wenge Musica Maison Mere du Phenomene Ngiama Makanda Werrason de 2000 a 2003.<br \/>\u00a0<br \/>Apr\u00e8s d&rsquo;etre debarqu\u00e9 du Groupe il viendra directement mener une nouvelle Aventure Artistique en Afrique du Sud. <br \/>Vraiment sa mort a surpris toute la Communaut\u00e9 du faite qu&rsquo;il \u00e9tait encore a Fleur d&rsquo;age\u00a0\u00bb et aimait bien vivre avec des gens autour de lui (Mutu ya Batu)&#8230;<br \/><img loading=\"lazy\" class=\" alignleft size-full wp-image-208\" src=\"https:\/\/amagep.co.za\/fr\/wp-content\/uploads\/2009\/06\/denzou2.jpg\" border=\"0\" align=\"left\" width=\"399\" height=\"239\" srcset=\"https:\/\/amagep.co.za\/fr\/wp-content\/uploads\/2009\/06\/denzou2.jpg 399w, https:\/\/amagep.co.za\/fr\/wp-content\/uploads\/2009\/06\/denzou2-300x180.jpg 300w\" sizes=\"(max-width: 399px) 100vw, 399px\" \/><br \/>L&rsquo; Exposition de\u00a0\u00a0 sa d\u00e9pouille mortelle a eu lieu a l&rsquo;\u00c9glise Catholique Saint Francis\u00a0 le Samedi 16 Mai 2009 vers 14h00. Apr\u00e8s de la courte exhortation du Pasteur deux Journalistes dont Ali Bokuma le P&rsquo;tit Bolowa et Jules Assani Mutu ya Zamani et son Grand Fr\u00e8re Biologique se sont pr\u00e9sent\u00e9s sur l&rsquo;estrade pour un mot de Circonstance. En outre ses amis Artistes Musiciens sont aussi pass\u00e9s\u00a0 pour un geste d&rsquo; Acapela Individuel pour honorer le D\u00e9funt.<\/p>\n<p>La soir\u00e9e fut agr\u00e9ment\u00e9e au Village Kin Malebo qui permettra a toute la Communaut\u00e9 et aux Musiciens de se r\u00e9unir &#8230;.. Nous citons \u00ab\u00a0Huit Mutsheke\u00a0\u00bb; \u00ab\u00a0Akim\u00a0\u00bb; \u00ab\u00a0Roi Kastila\u00a0\u00bb; \u00ab\u00a0Extra Terrestre\u00a0\u00bb; \u00ab\u00a0Romeo\u00a0\u00bb; \u00ab\u00a0Blanco du Pouvoir\u00a0\u00bb; \u00ab\u00a0Kay kay\u00a0\u00bb; \u00ab\u00a0Tout Flame\u00a0\u00bb; \u00ab\u00a0King Kasha\u00a0\u00bb; \u00ab\u00a0Bechante\u00a0\u00bb et Verou Lutumba&#8230; C&rsquo; \u00e9tait une soir\u00e9e tr\u00e8s r\u00e9ussie sous la direction bien-\u00e9videmment de Jules Assani et Ali Bokuma.<\/p>\n<p>Toute la Presse \u00e9tait au rendez-vous pour comm\u00e9morer ensemble chez Mike Bombito a qui nous ne cesserons de jeter des<br \/>fleurs pour son soutien et sa bonne foi. <br \/>Vraiment a toute la Famille de Denzu nous dirons simplement \u00ab\u00a0Courage et surtout Pr\u00e9servez l&rsquo; Unit\u00e9 et vous vivrez les Merveilles de l&rsquo; \u00c9ternel\u00a0\u00bb.<\/p>\n<!-- AddThis Advanced Settings generic via filter on the_content --><!-- AddThis Share Buttons generic via filter on the_content -->","protected":false},"excerpt":{"rendered":"<p>Le Monde Musical Congolais vient de perdre leur chers Coll\u00e8gue L&rsquo;Artiste Bokumu Nzuzi tr\u00e8s connu&#8230;<!-- AddThis Advanced Settings generic via filter on get_the_excerpt --><!-- AddThis Share Buttons generic via filter on get_the_excerpt --><\/p>\n","protected":false},"author":1,"featured_media":207,"comment_status":"open","ping_status":"open","sticky":false,"template":"","format":"standard","meta":[],"categories":[8],"tags":[],"_links":{"self":[{"href":"https:\/\/amagep.co.za\/fr\/wp-json\/wp\/v2\/posts\/209"}],"collection":[{"href":"https:\/\/amagep.co.za\/fr\/wp-json\/wp\/v2\/posts"}],"about":[{"href":"https:\/\/amagep.co.za\/fr\/wp-json\/wp\/v2\/types\/post"}],"author":[{"embeddable":true,"href":"https:\/\/amagep.co.za\/fr\/wp-json\/wp\/v2\/users\/1"}],"replies":[{"embeddable":true,"href":"https:\/\/amagep.co.za\/fr\/wp-json\/wp\/v2\/comments?post=209"}],"version-history":[{"count":0,"href":"https:\/\/amagep.co.za\/fr\/wp-json\/wp\/v2\/posts\/209\/revisions"}],"wp:featuredmedia":[{"embeddable":true,"href":"https:\/\/amagep.co.za\/fr\/wp-json\/wp\/v2\/media\/207"}],"wp:attachment":[{"href":"https:\/\/amagep.co.za\/fr\/wp-json\/wp\/v2\/media?parent=209"}],"wp:term":[{"taxonomy":"category","embeddable":true,"href":"https:\/\/amagep.co.za\/fr\/wp-json\/wp\/v2\/categories?post=209"},{"taxonomy":"post_tag","embeddable":true,"href":"https:\/\/amagep.co.za\/fr\/wp-json\/wp\/v2\/tags?post=209"}],"curies":[{"name":"wp","href":"https:\/\/api.w.org\/{rel}","templated":true}]}}