{"id":206,"date":"2009-06-02T13:03:57","date_gmt":"2009-06-02T13:03:57","guid":{"rendered":"https:\/\/amagep.co.za\/fr\/2009\/06\/02\/nana-lukezo-l-jarrete-la-musique-chretienne-il-y-a-trop-dhypocrisie-dans-les-eglises-r\/"},"modified":"2009-06-02T13:03:57","modified_gmt":"2009-06-02T13:03:57","slug":"nana-lukezo-l-jarrete-la-musique-chretienne-il-y-a-trop-dhypocrisie-dans-les-eglises-r","status":"publish","type":"post","link":"https:\/\/amagep.co.za\/fr\/nana-lukezo-l-jarrete-la-musique-chretienne-il-y-a-trop-dhypocrisie-dans-les-eglises-r\/","title":{"rendered":"Nana Lukezo : \u00ab J\u2019arr\u00eate la musique chr\u00e9tienne (&#8230;) Il y a trop d\u2019hypocrisie dans les \u00e9glises \u00bb"},"content":{"rendered":"<p class=\"spip\"><img loading=\"lazy\" class=\" size-full wp-image-168\" src=\"https:\/\/amagep.co.za\/fr\/wp-content\/uploads\/2009\/04\/Nana_Luk2.jpg\" border=\"0\" width=\"402\" height=\"536\" \/><\/p>\n<p class=\"spip\">D\u00e9\u00e7ue par les chr\u00e9tiens de la ville de Bruxelles, Nana Lukezo vient de d\u00e9cider de tourner la page de la musique chr\u00e9tienne. La chanteuse n\u2019est pas tendre avec les \u00e9glises de r\u00e9veil qu\u2019elle accuse d\u2019hypocrisie et de se replier sur elles-m\u00eames en ne montrant pas leur amour et leur compassion \u00e0 ceux qui souffrent comme les populations du Nord-Kivu. Le 16 mai dernier, la chanteuse congolaise a livr\u00e9 un concert au profit de <em class=\"spip\"><a class=\"spip_out\" href=\"http:\/\/www.msf.be\/\"><u><font color=\"#0000ff\">M\u00e9decins Sans Fronti\u00e8res<\/font><\/u><\/a><\/em>, dans une salle de 600 places, devant seulement 200 personnes selon la chanteuse, \u00e0 peine une cinquantaine selon d\u2019autres sources. Inacceptable pour l\u2019artiste qui a d\u00e9cid\u00e9 d\u2019abandonner la musique chr\u00e9tienne.<\/p>\n<p> <!--more--> <\/p>\n<p class=\"spip\"><strong class=\"spip\">AFRIQU\u2019ECHOS MAGAZINE (AEM):Vos impressions apr\u00e8s ce concert \u00ab\u00a0SOS Kivu\u00a0\u00bb au profit de M\u00e9decins Sans Fronti\u00e8res\u00a0?<\/strong><\/p>\n<p class=\"spip\"><strong class=\"spip\">NANA LUKEZO (NL)<\/strong>\u00a0: Je suis d\u00e9\u00e7ue, vraiment d\u00e9\u00e7ue\u00a0: pour une salle qui peut contenir 600 personnes, nous n\u2019avons pas eu 200 personnes, cela me d\u00e9sole. Que voulez-vous, nous n\u2019avons pas assez d\u2019amour-propre, encore moins de solidarit\u00e9 et pourtant il s\u2019agit de Congolais qui ont besoin de notre soutien.<\/p>\n<p class=\"spip\"><strong class=\"spip\">AEM\u00a0: \u00c0 qui la faute pour cette faible mobilisation\u00a0?<\/strong><\/p>\n<p class=\"spip\"><strong class=\"spip\">NL<\/strong>\u00a0: Je ne parlerais pas de faute, car en parlant de faute, il faut un coupable ou un fautif, mais je parlerais plus de manque de charit\u00e9 de la part des Congolais vis-\u00e0-vis de leurs fr\u00e8res et s\u0153urs. Je parlerais aussi de l\u2019hypocrisie des pasteurs de Bruxelles qui ne pensent, qu\u2019\u00e0 conforter leurs pr\u00e9rogatives dans les assembl\u00e9es. Pour ma part, je me suis investie personnellement dans la promotion de ce concert, nous avons parl\u00e9 aux chr\u00e9tiens dans les \u00e9glises, mais il n\u2019y a pas eu de retour, pourquoi voulez vous que dans l\u2019avenir, je sois disponible pour les \u00e9glises\u00a0? Comme je l\u2019ai dit les Congolais sont plus pr\u00e9occup\u00e9s par autre chose. Ce qui me d\u00e9\u00e7oit au plus haut point c\u2019est l\u2019hypocrisie dans l\u2019\u00e9glise et l\u2019indiff\u00e9rence aux probl\u00e8mes qui touchent notre pays. Je ne parle pas de politique, nous avons l\u2019opportunit\u00e9, en \u00e9tant en Europe, aux \u00c9tats-Unis, de faire bouger les choses, mais non, nous nous contentons de nos \u00e9glises, des quatre murs qui nous entourent et tant pis si, juste \u00e0 c\u00f4t\u00e9, il y a quelqu\u2019un dans le besoin, nous fermons les yeux\u00a0! O\u00f9 sont nos oeuvres qui pourraient avoir de l\u2019impact sur notre entourage\u00a0?<\/p>\n<p class=\"spip\"><strong class=\"spip\">AEM\u00a0: On vous sent am\u00e8re vis-\u00e0-vis des chr\u00e9tiens congolais\u00a0?<\/strong><\/p>\n<p class=\"spip\"><strong class=\"spip\">NL<\/strong>\u00a0: Non, je ne suis pas am\u00e8re, chacun fait ce qu\u2019il veut. Mais au regard de ce qui se passe ailleurs, le Congolais est indiff\u00e9rent sur la situation qui pr\u00e9vaut dans son pays. O\u00f9 sont pass\u00e9s ces groupes de pression qui pr\u00e9tendent parler au nom des Congolais qui sont agress\u00e9s\u00a0? C\u2019est bien de dire qu\u2019il ne doit pas y avoir des concerts parce que le pays est agress\u00e9, mais quand il y a des activit\u00e9s par rapport aux populations en d\u00e9tresse, nous ne voyons pas ceux-l\u00e0. Je vois comment les autres peuples perp\u00e9tuent la m\u00e9moire, nous voyons comment les Rwandais comm\u00e9morent, chaque ann\u00e9e, ce qu\u2019ils appelent \u00ab\u00a0<em class=\"spip\"> le g\u00e9nocide des Tutsi<\/em>\u00a0\u00bb&#8230; Nous entendons parler du g\u00e9nocide du peuple arm\u00e9nien, des comm\u00e9morations des rafles des Juifs durant la seconde guerre mondiale, ce sont ces peuples qui se l\u00e8vent pour faire reconna\u00eetre ces d\u00e9sastres. Pendant ce temps, nous n\u2019entendons jamais parler de crime contre l\u2019humanit\u00e9 en ce qui concerne la traite des Noirs, or cela est un crime contre l\u2019humanit\u00e9. Ce n\u2019est pas aux bourreaux de rendre cette justice, mais aux victimes de la revendiquer. Au Congo, il y a eu 5.000.000 de morts, personne n\u2019en parle, ce n\u2019est pas normal\u00a0! Voil\u00e0 sur quoi, je suis am\u00e8re. Quant aux \u00e9glises, j\u2019ai pris une d\u00e9cision lourde de cons\u00e9quence\u00a0: je ne chanterai plus dans les \u00e9glises, ni m\u00eame dans ma propre \u00e9glise, je vais plut\u00f4t me lancer dans ce combat de Don Quichotte \u00ab\u00a0<em class=\"spip\">SOS KIVU<\/em>\u00a0\u00bb. Il faut que l\u2019on reconnaisse l\u2019\u00e9puration ethnique qui se commet impun\u00e9ment dans cette r\u00e9gion de la RDC. O\u00f9 sont les intellectuels congolais\u00a0?<\/p>\n<p class=\"spip\"><strong class=\"spip\">AEM\u00a0: C\u2019est dur ce que vous dites l\u00e0\u00a0?<\/strong><\/p>\n<p class=\"spip\"><strong class=\"spip\">NL<\/strong>\u00a0: J\u2019assume. Il faut bien que des Congolais s\u2019illustrent dans autre chose que dans la b\u00eatise, n\u2019est-ce pas\u00a0? Il faut que le Congolais comprenne que le Congo n\u2019aura sont salut que par les Congolais.<\/p>\n<p class=\"spip\">\u00ab\u00a0<strong><em>Je d\u00e9plore l\u2019hypocrisie des pasteurs de Bruxelles qui ne pensent qu\u2019\u00e0 renforcer leurs positions au sein de leurs \u00e9glises<\/em><\/strong>\u00bb<\/p>\n<p class=\"spip\"><strong class=\"spip\">AEM\u00a0: Pour parler des \u00e9glises de Bruxelles, ne pensez vous pas que ne plus chanter pour le Seigneur est une d\u00e9cision grave\u00a0? En m\u00eame temps, vous allez priver ceux qui appr\u00e9cient votre musique de quelque chose\u00a0?<\/strong><\/p>\n<p class=\"spip\"><strong class=\"spip\">NL<\/strong>\u00a0: Ceux qui m\u2019appr\u00e9cient, je ne les ai pas vus le 16 mai au concert \u00ab\u00a0<em class=\"spip\">SOS KIVU<\/em>\u00a0\u00bb. Je pense que je donne beaucoup en tant qu\u2019artiste et en retour nous souhaitons que le public soit non seulement r\u00e9ceptif, mais soutienne aussi des actions du type \u00ab\u00a0<em class=\"spip\">SOS KIVU<\/em>\u00a0\u00bb. Et cela n\u2019a rien \u00e0 avoir avec le Seigneur, Dieu c\u2019est dans le coeur. J\u2019en suis arriv\u00e9e \u00e0 la conclusion que l\u2019artiste Nana Lukezo a fait son temps, qu\u2019il est temps de passer \u00e0 autre chose\u00a0; je vais donc m\u2019investir comme b\u00e9n\u00e9vole pour MSF en ce qui concerne le Kivu. Je vais continuer \u00e0 chanter probablement, mais plus pour les \u00e9glises congolaises. Je suis s\u00fbre que le Seigneur ne va pas m\u2019abandonner pour cela, je reste chr\u00e9tienne et je vais propager l\u2019\u00e9vangile dans mes chansons et continuer \u00ab\u00a0<em class=\"spip\">SOS KIVU<\/em>\u00a0\u00bb. L\u2019\u00e9glise a les quatre murs pour prier, mais n\u2019a pas assez de c\u0153ur pour aller au-del\u00e0 de ces murs. Je veux aller au-del\u00e0 de ces murs avec la Parole de Dieu. L\u2019\u00e9glise c\u2019est d\u2019abord le c\u0153ur. La vraie religion c\u2019est celle du c\u0153ur, visiter les malades, pratiquer la charit\u00e9, subvenir aux besoins de la veuve et de l\u2019orphelin\u2026 voil\u00e0 ce que nous recommande la Bible.<\/p>\n<p class=\"spip\"><strong class=\"spip\">AEM\u00a0: Donc, on ne vous verra plus animer les campagnes, conf\u00e9rences, s\u00e9minaires&#8230; vous ne craignez pas d\u2019\u00eatre boycott\u00e9e par les \u00e9glises\u00a0?<\/strong><\/p>\n<p class=\"spip\"><strong class=\"spip\">NL<\/strong>\u00a0: Non, nous en avons fait \u00e9norm\u00e9ment mais les gens ne changent pas, cela ne contribue pas \u00e0 l\u2019essor spirituel du chr\u00e9tien. Boycott\u00e9e, je le suis d\u00e9j\u00e0, je ne vois pas en quoi cela va changer, vous savez entre nous, cela va me donner du temps pour m\u2019occuper de ma famille. Le nombre de festivals, de s\u00e9minaires, de conf\u00e9rences, de campagnes que j\u2019anime chaque ann\u00e9e&#8230; Je serai disponible pour autre chose, ainsi je pourrais explorer de nouveaux horizons. La carri\u00e8re d\u2019artiste a des multiples d\u00e9bouch\u00e9s, n\u2019est ce pas\u00a0? Il n\u2019y pas que l\u2019\u00e9glise, vous avez des exemples dans notre musique.<\/p>\n<p class=\"spip\">\u00ab<strong class=\"spip\"><em class=\"spip\">O\u00f9 sont pass\u00e9s ces groupes de pression qui appellent au boycott de concerts des orchestres congolais\u00a0?<\/em><\/strong>\u00bb<\/p>\n<p class=\"spip\"><strong class=\"spip\">AEM\u00a0: Quid des engagements pris avant le 16 mai\u00a0?<\/strong><\/p>\n<p class=\"spip\"><strong class=\"spip\">NL<\/strong>\u00a0: Ce n\u2019est pas grave, nous allons annuler toutes les activit\u00e9s sur Bruxelles et nous n\u2019allons plus accepter d\u2019autres engagements, je suis d\u00e9sol\u00e9e pour cela, mais c\u2019est ma d\u00e9cision. Cela va me permettre de prendre du recul par rapport \u00e0 la musique chr\u00e9tienne et mon investissement dans cette musique au niveau de Bruxelles. Pour le reste, je verrai bien. Je ne peux pas non plus arr\u00eater la musique comme \u00e7a, je vais me lancer dans d\u2019autres projets financi\u00e8rement int\u00e9ressants et pas forc\u00e9ment chr\u00e9tiens.<\/p>\n<p class=\"spip\"><strong class=\"spip\">AEM\u00a0: Un exemple de ce genre de projets\u00a0?<\/strong><\/p>\n<p class=\"spip\"><strong class=\"spip\">NL<\/strong>\u00a0: Il y a une chose qui nous tient \u00e0 c\u0153ur, mon mari et moi, c\u2019est \u00ab\u00a0<em class=\"spip\">Que Tous Ceux Qui Respirent Louent L\u2019\u00c9ternel<\/em>\u00a0\u00bb un projet auquel je vais associer mes coll\u00e8gues de la musique de vari\u00e9t\u00e9s congolaises et autres afin de louer l\u2019\u00c9ternel, il faut que l\u2019on arr\u00eate cette hypocrisie de musique du \u00ab\u00a0monde\u00a0\u00bb et musique \u00ab\u00a0chr\u00e9tienne\u00a0\u00bb. Il n\u2019y a pas cette diff\u00e9rence dans la Bible, je pense que je vais plut\u00f4t faire cela, aussi r\u00e9pondre favorablement aux nombreuses invitations pour des concerts de musique des vari\u00e9t\u00e9s que je re\u00e7ois. Je ne suis ,peut- \u00eatre, pas assez bonne artiste pour l\u2019\u00e9glise. L\u2019objectif pour moi c\u2019est de sensibiliser sur cette situation dans les KIVU o\u00f9 il y a eu plus de 5.000.000 de morts mais dont personne ne parle. Maintenant ce que vont penser les uns et les autres, Dieu seul sait.<\/p>\n<p class=\"spip\">Source <\/p>\n<p class=\"spip\"><a href=\"http:\/\/www.afriquechos.ch\/spip.php?article4024\">Afriquechos.ch<\/a><\/p>\n<p class=\"spip\">&nbsp;<\/p>\n<!-- AddThis Advanced Settings generic via filter on the_content --><!-- AddThis Share Buttons generic via filter on the_content -->","protected":false},"excerpt":{"rendered":"<p>D\u00e9\u00e7ue par les chr\u00e9tiens de la ville de Bruxelles, Nana Lukezo vient de d\u00e9cider de&#8230;<!-- AddThis Advanced Settings generic via filter on get_the_excerpt --><!-- AddThis Share Buttons generic via filter on get_the_excerpt --><\/p>\n","protected":false},"author":1,"featured_media":168,"comment_status":"open","ping_status":"open","sticky":false,"template":"","format":"standard","meta":[],"categories":[8],"tags":[],"_links":{"self":[{"href":"https:\/\/amagep.co.za\/fr\/wp-json\/wp\/v2\/posts\/206"}],"collection":[{"href":"https:\/\/amagep.co.za\/fr\/wp-json\/wp\/v2\/posts"}],"about":[{"href":"https:\/\/amagep.co.za\/fr\/wp-json\/wp\/v2\/types\/post"}],"author":[{"embeddable":true,"href":"https:\/\/amagep.co.za\/fr\/wp-json\/wp\/v2\/users\/1"}],"replies":[{"embeddable":true,"href":"https:\/\/amagep.co.za\/fr\/wp-json\/wp\/v2\/comments?post=206"}],"version-history":[{"count":0,"href":"https:\/\/amagep.co.za\/fr\/wp-json\/wp\/v2\/posts\/206\/revisions"}],"wp:featuredmedia":[{"embeddable":true,"href":"https:\/\/amagep.co.za\/fr\/wp-json\/wp\/v2\/media\/168"}],"wp:attachment":[{"href":"https:\/\/amagep.co.za\/fr\/wp-json\/wp\/v2\/media?parent=206"}],"wp:term":[{"taxonomy":"category","embeddable":true,"href":"https:\/\/amagep.co.za\/fr\/wp-json\/wp\/v2\/categories?post=206"},{"taxonomy":"post_tag","embeddable":true,"href":"https:\/\/amagep.co.za\/fr\/wp-json\/wp\/v2\/tags?post=206"}],"curies":[{"name":"wp","href":"https:\/\/api.w.org\/{rel}","templated":true}]}}