{"id":2,"date":"2008-11-29T00:00:00","date_gmt":"2008-11-29T00:00:00","guid":{"rendered":"https:\/\/amagep.co.za\/fr\/2008\/11\/29\/exposition-la-culture-angolaise-a-lhonneur-au-musee-du-quai-branly-a-paris\/"},"modified":"2008-11-29T00:00:00","modified_gmt":"2008-11-29T00:00:00","slug":"exposition-la-culture-angolaise-a-lhonneur-au-musee-du-quai-branly-a-paris","status":"publish","type":"post","link":"https:\/\/amagep.co.za\/fr\/exposition-la-culture-angolaise-a-lhonneur-au-musee-du-quai-branly-a-paris\/","title":{"rendered":"Exposition : La culture angolaise \u00e0 l\u2019honneur au Mus\u00e9e du Quai Branly \u00e0 Paris"},"content":{"rendered":"<p><font face=\"arial\" size=\"2\"><\/p>\n<div style=\"border-top: 1px solid #d3d3d3; padding: 3px; margin-top: 3px; margin-bottom: 5px; text-align: justify\"><a class=\"thickbox\" href=\"http:\/\/www.afriquechos.ch\/IMG\/jpg\/Lulendo_520.jpg\" title=\"JPEG - 37 ko\"><img loading=\"lazy\" src=\"http:\/\/www.afriquechos.ch\/IMG\/jpg\/Lulendo_520.jpg\" border=\"0\" alt=\"JPEG - 37 ko\" width=\"238\" height=\"210\" \/><\/a> <\/p>\n<p class=\"spip\">L\u2019Angola s\u2019expose au <a class=\"spip_out\" href=\"http:\/\/www.quaibranly.fr\/fr\/programmation\/les-fetes\/angola-mon-amour\/index.html\"><u><font color=\"#0000ff\">Mus\u00e9e du Quai Branly<\/font><\/u><\/a> \u00e0 Paris, ces samedi 29 et dimanche 30 novembre, \u00e0 travers une pr\u00e9sentation qui s\u2019articule autour des th\u00e8mes comme la litt\u00e9rature, l\u2019arch\u00e9ologie, la mus\u00e9ologie, la musique et le cin\u00e9ma. La litt\u00e9rature occupera une place de choix avec la pr\u00e9sence de cinq acteurs majeurs de l\u2019\u00e9dition en Angola qui, \u00e0 travers la pr\u00e9sentation de leurs publications <\/p>\n<p> <!--more--> <\/p>\n<p class=\"spip\">et de leurs actions, \u00ab\u00a0<em class=\"spip\">voudraient souligner l\u2019importance du r\u00f4le de l\u2019\u00c9tat, de la soci\u00e9t\u00e9 civile et des entrepreneurs priv\u00e9s dans le d\u00e9veloppement de l\u2019industrie du livre<\/em>\u00a0\u00bb. Il s\u2019agit des maisons Nzila, Cha de Caxinde, Kilombelombe, de l\u2019Union des \u00e9crivains angolais (U.E.A) et de l\u2019Institut national du livre et du disque (I.N.A.L.D).<\/p>\n<p class=\"spip\">Jamais tr\u00e8s loin de la litt\u00e9rature, le cin\u00e9ma sera largement et diversement \u00e9voqu\u00e9 par le biais des fictions et des documentaires le dimanche 30 novembre. Sont programm\u00e9s notamment\u00a0: \u00ab\u00a0La t\u00e9l\u00e9vision angolaise\u00a0\u00bb de Ariel de Bigaul, \u00ab\u00a0Sambizanga\u00a0\u00bb de Sara Maldoror, les documentaires \u00ab\u00a0Carnaval da Vit\u00f3ria\u00a0\u00bb de Antonio Ole, \u00ab\u00a0Kin Malebo Dance\u00a0\u00bb de Dom Pedro et enfin dans la cat\u00e9gorie \u2018Le Cin\u00e9ma d\u2019aujourd\u2019hui\u2019 \u00ab\u00a0Il y a quelqu\u2019un qui t\u2019aime\u00a0\u00bb de Pocas Tisserand et \u00ab\u00a0Attend, la ville sera vide\u00a0\u00bb de Maria Jo\u00e3o N\u2019Ganga.<\/p>\n<p class=\"spip\">La veille, samedi apr\u00e8s-midi, il sera question de l\u2019art, de l\u2019arch\u00e9ologie et de la mus\u00e9ologie angolais avec des chercheurs et sp\u00e9cialistes de ces domaines \u00e0 savoir\u00a0: Francisco Xavier Yambo, directeur de l\u2019Institut angolais du patrimoine culturel, Manuel Gutierrez de l\u2019Universit\u00e9 de la Sorbonne-Paris I, Rui Alberto de l\u2019Universit\u00e9 de Montpellier, Manzambi Vuvu Fernando de l\u2019Universit\u00e9 de Porto (Portugal), Maria Piedade de Jesus et Ziva Domingos de l\u2019Universit\u00e9 de Nanterre.<\/p>\n<p class=\"spip\">Le soir, la manifestation va osciller entre \u00e9vocation historique et illustration de diff\u00e9rentes musiques du pays, au Th\u00e9\u00e2tre Claude Levi-Strauss, avec le groupe Jovens do Hungo, Am\u00e9lia Dalomba, Daluroger (percussions, po\u00e9sie et tradition), M\u00e1rio Rui Silva, Michelino (pour la partie histoire et h\u00e9ritage), et Simmons Massini, Afrikanita, Euclides Dalomba et Lulendo (Musique contemporaine).| Jossart Muanza(AEM) <\/p>\n<p class=\"spip\">Source<\/p>\n<p class=\"spip\"><a href=\"http:\/\/www.afriquechos.ch\/spip.php?article3724\" target=\"_self\"><u><font color=\"#0000ff\">www.afriquechos.ch<\/font><\/u><\/a><\/p>\n<\/div>\n<p><\/font><\/p>\n<!-- AddThis Advanced Settings generic via filter on the_content --><!-- AddThis Share Buttons generic via filter on the_content -->","protected":false},"excerpt":{"rendered":"<p>L\u2019Angola s\u2019expose au Mus\u00e9e du Quai Branly \u00e0 Paris, ces samedi 29 et dimanche 30&#8230;<!-- AddThis Advanced Settings generic via filter on get_the_excerpt --><!-- AddThis Share Buttons generic via filter on get_the_excerpt --><\/p>\n","protected":false},"author":1,"featured_media":0,"comment_status":"open","ping_status":"open","sticky":false,"template":"","format":"standard","meta":[],"categories":[5],"tags":[],"_links":{"self":[{"href":"https:\/\/amagep.co.za\/fr\/wp-json\/wp\/v2\/posts\/2"}],"collection":[{"href":"https:\/\/amagep.co.za\/fr\/wp-json\/wp\/v2\/posts"}],"about":[{"href":"https:\/\/amagep.co.za\/fr\/wp-json\/wp\/v2\/types\/post"}],"author":[{"embeddable":true,"href":"https:\/\/amagep.co.za\/fr\/wp-json\/wp\/v2\/users\/1"}],"replies":[{"embeddable":true,"href":"https:\/\/amagep.co.za\/fr\/wp-json\/wp\/v2\/comments?post=2"}],"version-history":[{"count":0,"href":"https:\/\/amagep.co.za\/fr\/wp-json\/wp\/v2\/posts\/2\/revisions"}],"wp:attachment":[{"href":"https:\/\/amagep.co.za\/fr\/wp-json\/wp\/v2\/media?parent=2"}],"wp:term":[{"taxonomy":"category","embeddable":true,"href":"https:\/\/amagep.co.za\/fr\/wp-json\/wp\/v2\/categories?post=2"},{"taxonomy":"post_tag","embeddable":true,"href":"https:\/\/amagep.co.za\/fr\/wp-json\/wp\/v2\/tags?post=2"}],"curies":[{"name":"wp","href":"https:\/\/api.w.org\/{rel}","templated":true}]}}