{"id":198,"date":"2009-05-20T17:39:11","date_gmt":"2009-05-20T17:39:11","guid":{"rendered":"https:\/\/amagep.co.za\/fr\/2009\/05\/20\/lonu-pousse-un-qcri-dalarmeq-face-aux-exactions-au-sud-kivu\/"},"modified":"2009-05-20T17:39:11","modified_gmt":"2009-05-20T17:39:11","slug":"lonu-pousse-un-qcri-dalarmeq-face-aux-exactions-au-sud-kivu","status":"publish","type":"post","link":"https:\/\/amagep.co.za\/fr\/lonu-pousse-un-qcri-dalarmeq-face-aux-exactions-au-sud-kivu\/","title":{"rendered":"L&rsquo;ONU pousse un \u00ab\u00a0cri d&rsquo;alarme\u00a0\u00bb face aux exactions au Sud-Kivu"},"content":{"rendered":"<p><img loading=\"lazy\" class=\" size-full wp-image-197\" src=\"https:\/\/amagep.co.za\/fr\/wp-content\/uploads\/2009\/05\/prayer_for_congo.jpg\" border=\"0\" width=\"544\" height=\"281\" srcset=\"https:\/\/amagep.co.za\/fr\/wp-content\/uploads\/2009\/05\/prayer_for_congo.jpg 544w, https:\/\/amagep.co.za\/fr\/wp-content\/uploads\/2009\/05\/prayer_for_congo-300x155.jpg 300w\" sizes=\"(max-width: 544px) 100vw, 544px\" \/>\u00a0<\/p>\n<p>L&rsquo;ONU a lanc\u00e9 mercredi un \u00ab\u00a0cri d&rsquo;alarme\u00a0\u00bb sur la situation au Sud-Kivu, dans l&rsquo;est de la R\u00e9publique d\u00e9mocratique du Congo (RDC), o\u00f9 la population est victime d'\u00a0\u00bbexactions\u00a0\u00bb et notamment de \u00ab\u00a0viols\u00a0\u00bb utilis\u00e9s comme \u00ab\u00a0arme de guerre\u00a0\u00bb par les combattants de tout bord.<\/p>\n<p> <!--more--> \u00ab\u00a0C&rsquo;est un cri d&rsquo;alarme, nous sommes scandalis\u00e9s par la situation au Sud-Kivu o\u00f9 l&rsquo;on a constat\u00e9 une recrudescence du harc\u00e8lement parmi la population civile, des personnes qui ont \u00e9t\u00e9 tu\u00e9es, des pillages et \u00e9galement des viols\u00a0\u00bb, a expliqu\u00e9 la porte-parole du Bureau de coordination des Affaires humanitaires de l&rsquo;ONU (Ocha) Elisabeth Byrs.<\/p>\n<p>\u00ab\u00a0Les viols reprennent de fa\u00e7on absolument dramatique&#8230; et sont utilis\u00e9s comme arme de guerre\u00a0\u00bb, a-t-elle ajout\u00e9 lors d&rsquo;un point de presse \u00e0 Gen\u00e8ve, faisant \u00e9tat de 463 cas de viols enregistr\u00e9s depuis le d\u00e9but de l&rsquo;ann\u00e9e. Cette tendance est \u00ab\u00a0extr\u00eamement grave\u00a0\u00bb, a-t-elle insist\u00e9. <\/p>\n<p>Les exactions sont commises par toute personne qui \u00ab\u00a0porte un uniforme\u00a0\u00bb, qu&rsquo;elle appartienne aux Forces arm\u00e9es de la RDC (FARDC), l&rsquo;arm\u00e9e r\u00e9guli\u00e8re, ou aux rebelles hutu rwandais des Forces d\u00e9mocratiques de lib\u00e9ration du Rwanda (FDLR), qui op\u00e8rent dans l&rsquo;est congolais, a pr\u00e9cis\u00e9 la porte-parole.<\/p>\n<p>\u00ab\u00a0La situation d&rsquo;ins\u00e9curit\u00e9 est intol\u00e9rable\u00a0\u00bb et en particulier sur le territoire de Kalehe, le plus affect\u00e9, a poursuivi Mme Byrs racontant notamment que 1.128 maisons avaient \u00e9t\u00e9 br\u00fbl\u00e9es dans trois villages depuis mi-mars par les FDLR et \u00ab\u00a0des personnes br\u00fbl\u00e9es vives\u00a0\u00bb.<\/p>\n<p>\u00ab\u00a0Soixante-dix-sept personnes ont \u00e9t\u00e9 tu\u00e9s avec des machettes, des couteaux et ont \u00e9galement \u00e9t\u00e9 br\u00fbl\u00e9es vives\u00a0\u00bb dans la nuit du 10 \u00e0 11 mai, a-t-elle \u00e9num\u00e9r\u00e9.<\/p>\n<p>\u00ab\u00a0Toute cette ins\u00e9curit\u00e9 et cette violence entra\u00eenent des mouvements de population et restreignent notre acc\u00e8s humanitaire\u00a0\u00bb, a encore expliqu\u00e9 la porte-parole, soulignant que 120.000 personnes avaient fui la r\u00e9gion depuis mars portant le total des d\u00e9plac\u00e9s \u00e0 450.000.<\/p>\n<p>La r\u00e9gion voisine du Nord-Kivu est \u00e9galement le th\u00e9\u00e2tre d&rsquo;exactions de la part de l&rsquo;arm\u00e9e et des FDLR.<\/p>\n<p>Apr\u00e8s une op\u00e9ration conjointe in\u00e9dite des arm\u00e9es rwandaise et congolaise men\u00e9e contre les FDLR du 20 janvier \u00e0 fin f\u00e9vrier dans le Nord-Kivu, les FARDC, appuy\u00e9es par les Casques bleus, continuent d&rsquo;y poursuivre la traque de ces rebelles.<\/p>\n<p>Un groupe d&rsquo;ONG a appel\u00e9 lundi une d\u00e9l\u00e9gation du Conseil de s\u00e9curit\u00e9 de l&rsquo;ONU, qui se trouvait en RDC, \u00e0 une action \u00ab\u00a0urgente\u00a0\u00bb pour prot\u00e9ger les civils lors des op\u00e9rations de l&rsquo;arm\u00e9e congolaise et de l&rsquo;ONU contre les rebelles hutu rwandais.<\/p>\n<p>Human Rights Watch (HRW) a \u00e9galement demand\u00e9 \u00e0 cette d\u00e9l\u00e9gation de \u00ab\u00a0condamner vigoureusement les crimes de guerres commis par les soldats de l&rsquo;arm\u00e9e congolaise\u00a0\u00bb.<\/p>\n<p>Source <\/p>\n<p><a href=\"http:\/\/www.france24.com\/fr\/20090520-onu-cri-alarme-exactions-viols-armee-rebelles-sud-kivu-rd-congo\" title=\"www.france24.com\">France24.com<\/a><\/p>\n<!-- AddThis Advanced Settings generic via filter on the_content --><!-- AddThis Share Buttons generic via filter on the_content -->","protected":false},"excerpt":{"rendered":"<p>\u00a0 L&rsquo;ONU a lanc\u00e9 mercredi un \u00ab\u00a0cri d&rsquo;alarme\u00a0\u00bb sur la situation au Sud-Kivu, dans l&rsquo;est&#8230;<!-- AddThis Advanced Settings generic via filter on get_the_excerpt --><!-- AddThis Share Buttons generic via filter on get_the_excerpt --><\/p>\n","protected":false},"author":1,"featured_media":197,"comment_status":"open","ping_status":"open","sticky":false,"template":"","format":"standard","meta":[],"categories":[5],"tags":[46],"_links":{"self":[{"href":"https:\/\/amagep.co.za\/fr\/wp-json\/wp\/v2\/posts\/198"}],"collection":[{"href":"https:\/\/amagep.co.za\/fr\/wp-json\/wp\/v2\/posts"}],"about":[{"href":"https:\/\/amagep.co.za\/fr\/wp-json\/wp\/v2\/types\/post"}],"author":[{"embeddable":true,"href":"https:\/\/amagep.co.za\/fr\/wp-json\/wp\/v2\/users\/1"}],"replies":[{"embeddable":true,"href":"https:\/\/amagep.co.za\/fr\/wp-json\/wp\/v2\/comments?post=198"}],"version-history":[{"count":0,"href":"https:\/\/amagep.co.za\/fr\/wp-json\/wp\/v2\/posts\/198\/revisions"}],"wp:featuredmedia":[{"embeddable":true,"href":"https:\/\/amagep.co.za\/fr\/wp-json\/wp\/v2\/media\/197"}],"wp:attachment":[{"href":"https:\/\/amagep.co.za\/fr\/wp-json\/wp\/v2\/media?parent=198"}],"wp:term":[{"taxonomy":"category","embeddable":true,"href":"https:\/\/amagep.co.za\/fr\/wp-json\/wp\/v2\/categories?post=198"},{"taxonomy":"post_tag","embeddable":true,"href":"https:\/\/amagep.co.za\/fr\/wp-json\/wp\/v2\/tags?post=198"}],"curies":[{"name":"wp","href":"https:\/\/api.w.org\/{rel}","templated":true}]}}