{"id":193,"date":"2009-05-12T17:24:05","date_gmt":"2009-05-12T17:24:05","guid":{"rendered":"https:\/\/amagep.co.za\/fr\/2009\/05\/12\/lex-nazi-john-demjanjuk-est-arrive-en-allemagne\/"},"modified":"2009-05-12T17:24:05","modified_gmt":"2009-05-12T17:24:05","slug":"lex-nazi-john-demjanjuk-est-arrive-en-allemagne","status":"publish","type":"post","link":"https:\/\/amagep.co.za\/fr\/lex-nazi-john-demjanjuk-est-arrive-en-allemagne\/","title":{"rendered":"L&rsquo;ex-nazi John Demjanjuk est arriv\u00e9 en Allemagne"},"content":{"rendered":"<p>&nbsp;<\/p>\n<p>L&rsquo;un des derniers grands criminels de guerre nazis pr\u00e9sum\u00e9s, John Demjanjuk, est arriv\u00e9 mardi en Allemagne o\u00f9 il est poursuivi pour son r\u00f4le pr\u00e9sum\u00e9 dans le meurtre de milliers de juifs en tant qu&rsquo;ancien garde de camp, a annonc\u00e9 la police \u00e0 l&rsquo;AFP.<\/p>\n<p> <!--more--> <\/p>\n<p>Apr\u00e8s deux mois de bataille judiciaire, l&rsquo;appareil m\u00e9dicalis\u00e9 sp\u00e9cial transportant Demjanjuk depuis les Etats-Unis est arriv\u00e9 \u00e0 9H20 locales (7H20 GMT) sur l&rsquo;a\u00e9roport de la capitale bavaroise.<\/p>\n<p>Demjanjuk, accus\u00e9 de participation au meurtre de quelque 29.000 juifs, devrait se voir lire son acte d&rsquo;accusation d\u00e8s sa descente d&rsquo;avion, avant d&rsquo;\u00eatre transf\u00e9r\u00e9 \u00e0 la prison de Stadelheim \u00e0 Munich pour y subir des examens m\u00e9dicaux.<\/p>\n<p>En fonction de selon son \u00e9tat de sant\u00e9, Demjanjuk, qui souffrirait d&rsquo;une forme de leuc\u00e9mie, pourrait \u00eatre hospitalis\u00e9.<\/p>\n<p>Le parquet de Munich a lanc\u00e9 un mandat d&rsquo;arr\u00eat contre lui le 11 mars.<\/p>\n<p>Il pourrait m\u00eame \u00eatre confront\u00e9 d\u00e8s ce mardi \u00e0 un t\u00e9moin survivant du camp d&rsquo;extermination de Sobibor, aujourd&rsquo;hui en Pologne, selon les m\u00e9dias allemands.<\/p>\n<p>Dans un entretien \u00e0 l&rsquo;hebdomadaire Spiegel paru lundi, ce t\u00e9moin, Thomas Blatt, 82 ans, a expliqu\u00e9: \u00ab\u00a0Je veux la v\u00e9rit\u00e9. Le monde doit savoir comment c&rsquo;\u00e9tait \u00e0 Sobibor. Il doit avouer car il en sait tant. Il est le dernier coupable survivant de Sobibor\u00a0\u00bb.<\/p>\n<p>\u00ab\u00a0Les gens ne voient plus en lui qu&rsquo;un vieux monsieur. Ils ne voient pas celui qui a conduit les gens dans les chambres \u00e0 gaz\u00a0\u00bb, a-t-il ajout\u00e9.<\/p>\n<p>Lundi apr\u00e8s-midi, une ambulance priv\u00e9e \u00e9tait venue chercher Demjanjuk \u00e0 son domicile de Seven Hills dans l&rsquo;Ohio (nord). Les t\u00e9l\u00e9visions l&rsquo;avaient montr\u00e9, allong\u00e9 sur le brancard et transport\u00e9 du garage vers l&rsquo;ambulance.<\/p>\n<p>Il avait \u00e9t\u00e9 embarqu\u00e9 \u00e0 bord d&rsquo;un avion m\u00e9dicalis\u00e9 qui a d\u00e9coll\u00e9 \u00e0 19H13 locales (21H13 GMT) depuis l&rsquo;a\u00e9roport Burke Lakefront de Cleveland (Ohio).<\/p>\n<p>D\u00e9chu de sa nationalit\u00e9 am\u00e9ricaine depuis 2002, Demjanjuk est accus\u00e9 par la justice allemande \u00ab\u00a0d&rsquo;avoir \u00e9t\u00e9 gardien dans le camp d&rsquo;extermination de Sobibor, du 27 mars 1943 \u00e0 fin septembre 1943 et d&rsquo;y avoir aid\u00e9 \u00e0 l&rsquo;assassinat d&rsquo;au moins 29.000 juifs\u00a0\u00bb.<\/p>\n<p>Il ne nie pas avoir \u00e9t\u00e9 garde de ce camp mais assure y avoir \u00e9t\u00e9 contraint par les nazis.<\/p>\n<p>En d\u00e9cembre 2008 la plus haute autorit\u00e9 judiciaire allemande a estim\u00e9 qu&rsquo;un tribunal de Munich \u00e9tait comp\u00e9tent pour le juger, au motif que M. Demjanjuk avait v\u00e9cu en Allemagne, pr\u00e8s de la capitale bavaroise, en 1952.<\/p>\n<p>Source <\/p>\n<p><a href=\"http:\/\/www.france24.com\/fr\/20090512-Etats-Unis-allemagne-ex-nazi-john-demjanjuk-expulse-allemagne-avion\" title=\"www.france24.com\">France24.com<\/a><\/p>\n<!-- AddThis Advanced Settings generic via filter on the_content --><!-- AddThis Share Buttons generic via filter on the_content -->","protected":false},"excerpt":{"rendered":"<p>&nbsp; L&rsquo;un des derniers grands criminels de guerre nazis pr\u00e9sum\u00e9s, John Demjanjuk, est arriv\u00e9 mardi&#8230;<!-- AddThis Advanced Settings generic via filter on get_the_excerpt --><!-- AddThis Share Buttons generic via filter on get_the_excerpt --><\/p>\n","protected":false},"author":1,"featured_media":0,"comment_status":"open","ping_status":"open","sticky":false,"template":"","format":"standard","meta":[],"categories":[7],"tags":[45],"_links":{"self":[{"href":"https:\/\/amagep.co.za\/fr\/wp-json\/wp\/v2\/posts\/193"}],"collection":[{"href":"https:\/\/amagep.co.za\/fr\/wp-json\/wp\/v2\/posts"}],"about":[{"href":"https:\/\/amagep.co.za\/fr\/wp-json\/wp\/v2\/types\/post"}],"author":[{"embeddable":true,"href":"https:\/\/amagep.co.za\/fr\/wp-json\/wp\/v2\/users\/1"}],"replies":[{"embeddable":true,"href":"https:\/\/amagep.co.za\/fr\/wp-json\/wp\/v2\/comments?post=193"}],"version-history":[{"count":0,"href":"https:\/\/amagep.co.za\/fr\/wp-json\/wp\/v2\/posts\/193\/revisions"}],"wp:attachment":[{"href":"https:\/\/amagep.co.za\/fr\/wp-json\/wp\/v2\/media?parent=193"}],"wp:term":[{"taxonomy":"category","embeddable":true,"href":"https:\/\/amagep.co.za\/fr\/wp-json\/wp\/v2\/categories?post=193"},{"taxonomy":"post_tag","embeddable":true,"href":"https:\/\/amagep.co.za\/fr\/wp-json\/wp\/v2\/tags?post=193"}],"curies":[{"name":"wp","href":"https:\/\/api.w.org\/{rel}","templated":true}]}}