{"id":192,"date":"2009-05-09T11:51:56","date_gmt":"2009-05-09T11:51:56","guid":{"rendered":"https:\/\/amagep.co.za\/fr\/2009\/05\/09\/jacob-zuma-prend-officiellement-la-tete-du-pays\/"},"modified":"2009-05-09T11:51:56","modified_gmt":"2009-05-09T11:51:56","slug":"jacob-zuma-prend-officiellement-la-tete-du-pays","status":"publish","type":"post","link":"https:\/\/amagep.co.za\/fr\/jacob-zuma-prend-officiellement-la-tete-du-pays\/","title":{"rendered":"Jacob Zuma prend officiellement la t\u00eate du pays"},"content":{"rendered":"<p style=\"margin: 0in 0in 0pt\" class=\"MsoNormal\"><img loading=\"lazy\" class=\" size-full wp-image-191\" src=\"https:\/\/amagep.co.za\/fr\/wp-content\/uploads\/2009\/05\/20090509-zuma-serment-m.jpg\" border=\"0\" width=\"345\" height=\"260\" \/><\/p>\n<p style=\"margin: 0in 0in 0pt\" class=\"MsoNormal\">&nbsp;<\/p>\n<p style=\"margin: 0in 0in 0pt\" class=\"MsoNormal\"><font face=\"Times New Roman\" size=\"3\" color=\"#000000\">Elu mercredi<span>\u00a0 <\/span>par le parlement \u00e0 la t\u00eate de la \u201cnation arc-en-ciel\u201d, le leader du Congr\u00e8s national African (ANC) a jur\u00e9, durant <span>\u00a0<\/span>sa prestation de serment, de \u201cprot\u00e9ger tous les Sud Africains et d\u2019encourager le respect de leurs droits\u201d.  <!--more--> <\/font><\/p>\n<p style=\"margin: 0in 0in 0pt\" class=\"MsoNormal\">&nbsp;<\/p>\n<p style=\"margin: 0in 0in 0pt\" class=\"MsoNormal\">Jacob Zuma a pr\u00eat\u00e9 serment samedi comme nouveau pr\u00e9sident de l&rsquo;Afrique du Sud.<\/p>\n<p>Zuma, qui a 67 ans, a \u00e9t\u00e9 \u00e9lu mercredi dernier par le parlement apr\u00e8s la victoire sans appel de son parti, le Congr\u00e8s <br \/>national africain (ANC), aux l\u00e9gislatives du 22 avril.<\/p>\n<p>Cette \u00e9lection couronne un retour en force exceptionnel apr\u00e8s huit ans de d\u00e9m\u00eal\u00e9s judiciaires face \u00e0 des accusations de <br \/>corruption.<\/p>\n<p>&nbsp;<\/p>\n<p>Source<\/p>\n<p><a href=\"http:\/\/www.france24.com\/fr\/20090509-jacob-zuma-afrique-sud-president-prete-serment-pretoria-anc\" title=\"www.france24.com\">France24.com<\/a><\/p>\n<!-- AddThis Advanced Settings generic via filter on the_content --><!-- AddThis Share Buttons generic via filter on the_content -->","protected":false},"excerpt":{"rendered":"<p>&nbsp; Elu mercredi\u00a0 par le parlement \u00e0 la t\u00eate de la \u201cnation arc-en-ciel\u201d, le leader&#8230;<!-- AddThis Advanced Settings generic via filter on get_the_excerpt --><!-- AddThis Share Buttons generic via filter on get_the_excerpt --><\/p>\n","protected":false},"author":1,"featured_media":191,"comment_status":"open","ping_status":"open","sticky":false,"template":"","format":"standard","meta":[],"categories":[6],"tags":[44],"_links":{"self":[{"href":"https:\/\/amagep.co.za\/fr\/wp-json\/wp\/v2\/posts\/192"}],"collection":[{"href":"https:\/\/amagep.co.za\/fr\/wp-json\/wp\/v2\/posts"}],"about":[{"href":"https:\/\/amagep.co.za\/fr\/wp-json\/wp\/v2\/types\/post"}],"author":[{"embeddable":true,"href":"https:\/\/amagep.co.za\/fr\/wp-json\/wp\/v2\/users\/1"}],"replies":[{"embeddable":true,"href":"https:\/\/amagep.co.za\/fr\/wp-json\/wp\/v2\/comments?post=192"}],"version-history":[{"count":0,"href":"https:\/\/amagep.co.za\/fr\/wp-json\/wp\/v2\/posts\/192\/revisions"}],"wp:featuredmedia":[{"embeddable":true,"href":"https:\/\/amagep.co.za\/fr\/wp-json\/wp\/v2\/media\/191"}],"wp:attachment":[{"href":"https:\/\/amagep.co.za\/fr\/wp-json\/wp\/v2\/media?parent=192"}],"wp:term":[{"taxonomy":"category","embeddable":true,"href":"https:\/\/amagep.co.za\/fr\/wp-json\/wp\/v2\/categories?post=192"},{"taxonomy":"post_tag","embeddable":true,"href":"https:\/\/amagep.co.za\/fr\/wp-json\/wp\/v2\/tags?post=192"}],"curies":[{"name":"wp","href":"https:\/\/api.w.org\/{rel}","templated":true}]}}