{"id":177,"date":"2009-04-25T15:15:49","date_gmt":"2009-04-25T15:15:49","guid":{"rendered":"https:\/\/amagep.co.za\/fr\/2009\/04\/25\/linstallation-officielle-des-membres-du-comite-federal-urec-afrique-australe\/"},"modified":"2009-04-25T15:15:49","modified_gmt":"2009-04-25T15:15:49","slug":"linstallation-officielle-des-membres-du-comite-federal-urec-afrique-australe","status":"publish","type":"post","link":"https:\/\/amagep.co.za\/fr\/linstallation-officielle-des-membres-du-comite-federal-urec-afrique-australe\/","title":{"rendered":"L\u2019installation officielle des membres du comit\u00e9 Federal Urec Afrique Australe"},"content":{"rendered":"<p><img loading=\"lazy\" class=\" size-full wp-image-175\" src=\"https:\/\/amagep.co.za\/fr\/wp-content\/uploads\/2009\/04\/Urec_equipe.jpg\" border=\"0\" width=\"400\" height=\"225\" srcset=\"https:\/\/amagep.co.za\/fr\/wp-content\/uploads\/2009\/04\/Urec_equipe.jpg 400w, https:\/\/amagep.co.za\/fr\/wp-content\/uploads\/2009\/04\/Urec_equipe-300x169.jpg 300w\" sizes=\"(max-width: 400px) 100vw, 400px\" \/><\/p>\n<p>Urec Union pour la reconstruction du Congo urec en sigle, c&rsquo;est le parti cher au<br \/>Docteur Oscar Kashala qui vit actuellement aux USA et que la population congolaise a<br \/>connu lors des derni\u00e8res \u00e9lections pr\u00e9sidentielles en RDC.<\/p>\n<p> <!--more--> <\/p>\n<p>Qui veut aller loin m\u00e9nage sa monture dit-on,le 28\/03\/ 09 dernier il y a eu la<br \/>C\u00e9r\u00e9monie d\u2019installation du comit\u00e9 de la f\u00e9d\u00e9ration- UREC Afrique Australe au<br \/>\u00a0Maranatha Church\u00a0\u00a0 de Johannesburg vers\u00a0 17h50.<br \/>c&rsquo;est par\u00a0 une pri\u00e8re de\u00a0 un homme de Dieu le pasteur Daniel Muteba de Bethel que<br \/>l&rsquo;activit\u00e9 a d\u00e9marr\u00e9 et apr\u00e8s l&rsquo;hymne national il y a eu mot d\u2019ouverture\u00a0\u00a0 par le<br \/>mod\u00e9rateur\u00a0 du jour qui a pr\u00e9sent\u00e9 le pr\u00e9sident f\u00e9d\u00e9ral qui est Monsieur David<br \/>Kalombo ,ce dernier a son tour a remercier les invit\u00e9s et participants en rappellent<br \/>ensuite l&rsquo;Historique et Structure de l\u2019urec lecture de projet\u00a0 soci\u00e9t\u00e9 et<br \/>l&rsquo;installation officielle des membres du comit\u00e9 F\u00e9d\u00e9ral;<\/p>\n<p>Ce qui est a encourager est que le pr\u00e9sident f\u00e9d\u00e9ral a demand\u00e9 aux congolais a<br \/>travers le monde de bien utiliser leurs intelligences, sagesses ou savoir faire pour<br \/>la reconstruction d&rsquo;un Congo nouveau dans le sacrifice et l&rsquo;unit\u00e9.<\/p>\n<p><img loading=\"lazy\" class=\" size-full wp-image-176\" src=\"https:\/\/amagep.co.za\/fr\/wp-content\/uploads\/2009\/04\/Urec_group.jpg\" border=\"0\" width=\"396\" height=\"223\" srcset=\"https:\/\/amagep.co.za\/fr\/wp-content\/uploads\/2009\/04\/Urec_group.jpg 396w, https:\/\/amagep.co.za\/fr\/wp-content\/uploads\/2009\/04\/Urec_group-300x169.jpg 300w\" sizes=\"(max-width: 396px) 100vw, 396px\" \/> <\/p>\n<p>il faut rappeler qu&rsquo;il y a eu la participations des hommes d\u2019affaires, repr\u00e9sentants des<br \/>partis politiques et soci\u00e9t\u00e9s civiles avec la participation aussi des hommes de<br \/>Dieu, et autres personnalit\u00e9s.<\/p>\n<p>REACTIONS DES PARTICIPANTS<\/p>\n<p>\u00ab\u00a0Nous sommes heureux de la c\u00e9r\u00e9monie,mais nous avons beaucoup regrett\u00e9 le d\u00e9part de<br \/>Dr Oscar Kashala pour les USA, nous lui demandons de rentrer au pays pour bien<br \/>observer la population qu&rsquo;il aura a diriger dans les jours \u00e0 venir\u00a0\u00bb<br \/>\u00a0<br \/>\u00ab\u00a0l&rsquo;UREC doit chercher a grandir , car aux \u00e9lections elle a obtenu beaucoup des voix<br \/>gr\u00e2ce a l&rsquo;UDPS\u00a0\u00bb<br \/>\u00a0<br \/>\u00ab\u00a0les partis politiques Congolais doivent parler le m\u00eame langage et donner des<br \/>suggestions au gouvernement central pour le bien de la Rdc\u00a0\u00bb<br \/>\u00a0<br \/>R\u00e9ponses de Monsieur le pr\u00e9sident David KALOMBO :<br \/>\u00a0<br \/>l&rsquo;urec n&rsquo;existe pas pour certains partis politiques , elle est aim\u00e9e par la<br \/>population comme une nouvelle vague,mais nous cherchons et travaillons toujours dans<br \/>le respect des autres et nos a\u00een\u00e9s.<\/p>\n<p>En savoir plus sur Docteur David Kalombo <\/p>\n<p><a href=\"http:\/\/www.afriquechos.ch\/spip.php?article3741\" title=\"www.afriquechos.ch\">Afriquechos.ch<\/a><\/p>\n<!-- AddThis Advanced Settings generic via filter on the_content --><!-- AddThis Share Buttons generic via filter on the_content -->","protected":false},"excerpt":{"rendered":"<p>Urec Union pour la reconstruction du Congo urec en sigle, c&rsquo;est le parti cher auDocteur&#8230;<!-- AddThis Advanced Settings generic via filter on get_the_excerpt --><!-- AddThis Share Buttons generic via filter on get_the_excerpt --><\/p>\n","protected":false},"author":1,"featured_media":175,"comment_status":"open","ping_status":"open","sticky":false,"template":"","format":"standard","meta":[],"categories":[6],"tags":[],"_links":{"self":[{"href":"https:\/\/amagep.co.za\/fr\/wp-json\/wp\/v2\/posts\/177"}],"collection":[{"href":"https:\/\/amagep.co.za\/fr\/wp-json\/wp\/v2\/posts"}],"about":[{"href":"https:\/\/amagep.co.za\/fr\/wp-json\/wp\/v2\/types\/post"}],"author":[{"embeddable":true,"href":"https:\/\/amagep.co.za\/fr\/wp-json\/wp\/v2\/users\/1"}],"replies":[{"embeddable":true,"href":"https:\/\/amagep.co.za\/fr\/wp-json\/wp\/v2\/comments?post=177"}],"version-history":[{"count":0,"href":"https:\/\/amagep.co.za\/fr\/wp-json\/wp\/v2\/posts\/177\/revisions"}],"wp:featuredmedia":[{"embeddable":true,"href":"https:\/\/amagep.co.za\/fr\/wp-json\/wp\/v2\/media\/175"}],"wp:attachment":[{"href":"https:\/\/amagep.co.za\/fr\/wp-json\/wp\/v2\/media?parent=177"}],"wp:term":[{"taxonomy":"category","embeddable":true,"href":"https:\/\/amagep.co.za\/fr\/wp-json\/wp\/v2\/categories?post=177"},{"taxonomy":"post_tag","embeddable":true,"href":"https:\/\/amagep.co.za\/fr\/wp-json\/wp\/v2\/tags?post=177"}],"curies":[{"name":"wp","href":"https:\/\/api.w.org\/{rel}","templated":true}]}}