{"id":171,"date":"2009-04-20T11:54:04","date_gmt":"2009-04-20T11:54:04","guid":{"rendered":"https:\/\/amagep.co.za\/fr\/2009\/04\/20\/nanan-lukezo-deuxieme-concert-dans-le-cadre-l-sos-kivu-r\/"},"modified":"2009-04-20T11:54:04","modified_gmt":"2009-04-20T11:54:04","slug":"nanan-lukezo-deuxieme-concert-dans-le-cadre-l-sos-kivu-r","status":"publish","type":"post","link":"https:\/\/amagep.co.za\/fr\/nanan-lukezo-deuxieme-concert-dans-le-cadre-l-sos-kivu-r\/","title":{"rendered":"Nanan Lukezo, deuxi\u00e8me concert dans le cadre \u00ab SOS KIVU \u00bb"},"content":{"rendered":"<p><img loading=\"lazy\" class=\" alignright size-full wp-image-168\" src=\"https:\/\/amagep.co.za\/fr\/wp-content\/uploads\/2009\/04\/Nana_Luk2.jpg\" border=\"10\" width=\"298\" height=\"395\" align=\"right\" \/><\/p>\n<p>&nbsp;<\/p>\n<p>Bonjour s\u0153ur Nana, <br \/>\u00a0 <br \/>1.\u00a0\u00a0 \u00a0comment vous allez car on a appris que tu \u00e9tais encore m\u00e8re\u00a0 il y a quelques semaines, parles nous un peu ? <\/p>\n<p>Ah bon ! Je ne sais pas de qui vous avez cette information, ma petite fille n\u2019a que 7 mois, maintenant, je\u00a0 sais bien Dieu a dit soyez f\u00e9cond, multipliez vous et remplissez la terre, mais il a dit \u00e7a pour tout le monde, pas seulement \u00e0 Nana Lukezo, j\u2019ai fait ma part et je suis extr\u00eamement content des enfants que l\u2019Eternel m\u2019a donn\u00e9s, je veux maintenant me consacrer \u00e0 l\u2019\u00e9ducation de mes enfants et \u00e0 ma carri\u00e8re musicale sans faire des pauses de maternit\u00e9.<\/p>\n<p> <!--more-->  J\u2019ai J\u00e9riel qui va sur les 8 ans, Nathan qui va vers les 6 ans, Quentin-Lael vers les 2 ans et Eunice qui va vers sont septi\u00e8me mois. L\u2019information selon laquelle j\u2019\u00e9tais une nouvelle fois maman, je ne sais vraiment pas d\u2019o\u00f9 vous la tenez, surtout que nous avons d\u00e9cider, mon mari et moi de s\u2019arr\u00eater \u00e0 quatre enfants, nous consacrer maintenant \u00e0 leur \u00e9ducation. Mais je remercie le Seigneur pour ces dons merveilleux.<\/p>\n<p>2.\u00a0\u00a0 \u00a0Et apr\u00e8s tu retrouves la sc\u00e8ne, d\u00e9j\u00e0 vous \u00eates \u00e0 combien de concerts apr\u00e8s la maternit\u00e9? <\/p>\n<p>C\u2019est mon deuxi\u00e8me concert, le premier ayant eu lieu le 12\/12\/08 \u00e0 Ninove dans le cadre \u00ab SOS KIVU \u00bb d\u2019une s\u00e9rie de concert que nous organisons au profit de M\u00e9decins Sans Fronti\u00e8res pour soutenir financi\u00e8rement les actions de MSF dans les Kivu (www.msf.be)<br \/>Et l\u00e0, je pr\u00e9pare un concert sur Bruxelles le 16 mai 2009, en dehors de cela, j\u2019ai plusieurs prestations comme invit\u00e9e dans des concerts le 09 mai \u00e0 Li\u00e8ge Gospel Session, des conventions, Paris, Hambourg, Rotterdam, \u2026 et autres activit\u00e9s. J\u2019ai une passion c\u2019est la musique que je fais pour mon Sauveur, je ne dissocie pas les deux. Apr\u00e8s le concert du 16 mai \u00e0 Bruxelles, je vais voir pour un concert \u00e0 Paris, Londres, Manchester, \u2026pour la gloire de Seigneur. Nana Lukezo bouge beaucoup, c\u2019est vrai que les m\u00e9dia n\u2019ont toujours pas l\u2019information, mais je me d\u00e9place beaucoup souvent pour des festivals internationaux.<\/p>\n<p>3.\u00a0\u00a0 \u00a0Et te voila avec SOS Goma des concerts pour rendre hommage \u00e0 ton peuple? <\/p>\n<p>C\u2019est plut\u00f4t SOS KIVU, une s\u00e9rie de concerts organis\u00e9s au profit de M\u00e9decins Sans Fronti\u00e8res. La bible nous recommande de ne pas nous lasser de faire le bien, voil\u00e0 pourquoi, je mets gratuitement au service de cette cause le talent ou le don que j\u2019ai re\u00e7u du Seigneur de mani\u00e8re gratuite, et je crois que ce verset de la bible souvent utilis\u00e9 \u00e0 tort prend son r\u00e9el sens. Nous voulons sensibiliser les congolais et les amis du Congo sur ce qui se passe l\u00e0 bas, c\u2019est une catastrophe humanitaire, et personne n\u2019en parle. C\u2019est pourquoi je fais les concert SOS KIVU pour que l\u2019on parle de ce qui se passe l\u00e0 bas. Etant au c\u0153ur de l\u2019Europe que l\u2019on parle de cette guerre injuste qui a \u00e9t\u00e9 impos\u00e9e aux populations de la r\u00e9gion.<\/p>\n<p>4.\u00a0\u00a0 \u00a0Et il vrai que t\u2019es du Kivu ou de l\u2019est de la RDC ? <\/p>\n<p>Rire, pourquoi vous me posez cette question, non je suis pas de l\u2019Est de la RDC. Est-ce que vous aurez pu poser la question \u00e0 Lukezo Lua Nsi, mon p\u00e8re cette question ?\u00a0 Est ce que cela a de l\u2019importance pour se sentir concerner par ce qui se passe \u00e0 l\u2019Est de la RDC ? Non, je ne le pense pas, tous congolais devraient se sentir concern\u00e9s. Pour r\u00e9pondre \u00e0 votre question, je suis du Bas Congo, comme mon p\u00e8re Lukezo Lua Nsi. Mon nom est Lukezo Vuvu, vu qui signifie \u00ab ESPOIR \u00bb, j\u2019ai un message porteur d\u2019espoir.<\/p>\n<p>5.\u00a0\u00a0 \u00a0C\u2019est bien de penser a ses sources ou son pays, alors quand est ce que tu rentres au pays, et l\u2019an pass\u00e9 tu avais annonc\u00e9 des concerts promo a Kinshasa et m\u00eame Lubumbashi, qu\u2019en est il? <\/p>\n<p>Vous savez, il y un vieux dicton qui dit \u00ab l\u2019homme propose et Dieu dispose \u00bb, nous avons eu \u00e0 c\u0153ur de venir en RDC pour faire des concerts, la promo, mais toutes les propositions que nous avions re\u00e7u \u00e0 l\u2019\u00e9poque n\u2019ont pas aboutit, voil\u00e0 les raisons qui font que je ne suis plus venue comme pr\u00e9vu, j\u2019avais du moins pr\u00e9vu venir passer du temps en famille, cela va faire 7 ann\u00e9es que je n\u2019ai plus vu mon p\u00e8re et ma m\u00e8re, je suis fort attach\u00e9 \u00e0 mes parents, mais ma grosse \u00e9tant \u00e0 terme, mon m\u00e9decin m\u2019a d\u00e9conseill\u00e9 et la compagnie avec laquelle je devait voyag\u00e9 n\u2019ont pas accepter de me prendre \u00e0 bord. Mais le Seigneur fera gr\u00e2ce, je serai un jour \u00e0 Kinshasa, selon sa volont\u00e9. Mais pour l\u2019instant je vais parcourir le monde en portant les couleurs de mon pays. Autre chose, nous n\u2019avons pas les structures n\u00e9cessaires pour faire cette promo dans notre pays, la diffusion des \u0153uvres musicales laisse \u00e0 d\u00e9sirer, \u2026il y a beaucoup de probl\u00e8me que l\u2019autorit\u00e9 du pays doit r\u00e9organiser.<\/p>\n<p>6.\u00a0\u00a0 \u00a0Loin des yeux pr\u00e8s du c\u0153ur, \u00e7a t\u2019inspire quoi la RDC ton pays ? <\/p>\n<p>Pour l\u2019instant tristesse et d\u00e9solation, vu ce qui se passe actuellement, le mois de la femme, combien sont encore maltrait\u00e9 de nos jours, vous savez quand vous suivez les r\u00e9cits des femmes violent\u00e9es \u00e0 l\u2019est de la RDC, vous ne pouvais pas rester insensible, je me demande comment nos autorit\u00e9s le sont, c\u2019est triste de voir ce qui se passe l\u00e0 bas. J\u2019aimerai bien revenir faire un ou deux concert \u00e0 Kin, vous savez j\u2019ai fait plusieurs concert \u00e0 Kinshasa avant de rejoindre mon \u00e9poux, l\u2019un des premiers concerts chr\u00e9tiens par un artiste, sans aucune pr\u00e9tention, je pense que c\u2019est moi qui l\u2019ait livr\u00e9 au Cinemax, \u00e0 l\u2019\u00e9poque en f\u00e9vrier 2002, c\u2019est une fiert\u00e9 pour moi de voir qu\u2019apr\u00e8s cela il y a eu beaucoup d\u2019autres concerts. Et si je rentre aujourd\u2019hui c\u2019est pour faire encore mieux que la premi\u00e8re fois, avec l\u2019aide du Seigneur, je m\u2019y pr\u00e9pare, encore un peu de temps. Mais il n\u2019y a pas que Kinshasa, j\u2019aimerai aussi aller visiter les populations de l\u2019Est, Goma, Bukavu aussi Lubumbashi, \u2026la RDC est grande.<\/p>\n<p>7.\u00a0\u00a0 \u00a0Et le mois de mars qui est enti\u00e8rement consacr\u00e9 aux femmes ? <\/p>\n<p>De quelle femme parle t on ? Celle de l\u2019est ? Moi, je ne demande qu\u2019avoir du |concret. Il faut d\u2019abord que l\u2019on commence \u00e0 respecter la femme au Congo. Il faut voir la t\u00e9l\u00e9vision ou les clips vid\u00e9o de certains artistes, on va nous consacrer un mois et apr\u00e8s ? Il faut consacrer 12 mois de l\u2019ann\u00e9e \u00e0 celles qui pendant 9 mois portes la vie en elle. La femme c\u2019est la m\u00e8re de l\u2019humanit\u00e9. Plus de respect pour la femme, l\u2019\u00e9ducation pour la femme, l\u2019\u00e9galit\u00e9 dans les milieux professionnels, \u2026<\/p>\n<p>8.\u00a0\u00a0 \u00a0Les l\u00e9opards ont remport\u00e9 le championnat d\u2019Afrique, quelle est ta vision car on dit que vous les femmes congolaises vous avez donn\u00e9 la chance aux hommes donc vos maris et fils? <img loading=\"lazy\" class=\" size-full wp-image-169\" src=\"https:\/\/amagep.co.za\/fr\/wp-content\/uploads\/2009\/04\/HOLYMUSIC.jpg\" border=\"0\" width=\"400\" height=\"268\" srcset=\"https:\/\/amagep.co.za\/fr\/wp-content\/uploads\/2009\/04\/HOLYMUSIC.jpg 400w, https:\/\/amagep.co.za\/fr\/wp-content\/uploads\/2009\/04\/HOLYMUSIC-300x201.jpg 300w\" sizes=\"(max-width: 400px) 100vw, 400px\" \/><\/p>\n<p>Vous allez trouver ce que je vais dire comme un raisonnement de femme, mais cette victoire en football apporte quoi au pays? Est c\u2019est pour autant que les gens seront pay\u00e9s? Que les violences faites aux femmes dans l\u2019est vont finir? Ou que les \u00e9l\u00e8ves et \u00e9tudiant vont suivre les cours dans la dignit\u00e9? Je pense que si tu veux tromper le peuple c\u2019est de cette mani\u00e8re que tu dois t\u2019y prendre. Apr\u00e8s cette victoire f\u00eater avec faste, mais les fonctionnaires sont impay\u00e9s, j\u2019ai appris que chaque jouer recevra une Jeep, qu\u2019il va revendre trois jours apr\u00e8s faute des moyens pour l\u2019entretenir &#8230;A combien d\u2019instituteur ou professeur donne t on un moyen de transport. Que le gouvernement et la pr\u00e9sidence arr\u00eatent de se moquer du peuple, qu\u2019ils puissent r\u00e9soudre les probl\u00e8mes vrais et s\u00e9rieux de la population.<\/p>\n<p>9.\u00a0\u00a0 \u00a0Un conseil a la femme congolaise ou la diva africaine a propos de ce mois de mars <\/p>\n<p>Je n\u2019ai aucune pr\u00e9tention de donner des le\u00e7ons a qui que ce soit, mais il me revient un texte de Camara Ley ; Femme noire, femme africaine, je crois tout le monde connais ce beau texte sur la femme noire, voil\u00e0 je d\u00e9die ce texte \u00e0 toutes les femmes noires et les autres aussi, mais principalement \u00e0 la femmes noire, car le texte s\u2019y pr\u00eate mieux.<\/p>\n<p>10.\u00a0\u00a0 \u00a0 Peut \u00eatre t\u2019avais souhait\u00e9 qu\u2019on te pose une question dont on n\u2019a pas fait allusion <\/p>\n<p><img loading=\"lazy\" class=\" alignleft size-full wp-image-170\" src=\"https:\/\/amagep.co.za\/fr\/wp-content\/uploads\/2009\/04\/Nana_Luk.jpg\" border=\"0\" width=\"277\" height=\"312\" align=\"left\" srcset=\"https:\/\/amagep.co.za\/fr\/wp-content\/uploads\/2009\/04\/Nana_Luk.jpg 402w, https:\/\/amagep.co.za\/fr\/wp-content\/uploads\/2009\/04\/Nana_Luk-266x300.jpg 266w\" sizes=\"(max-width: 277px) 100vw, 277px\" \/>Non je pense que le tour est fait, mais je voulais quand rajouter que la nation a besoin de toutes les forces vives, je ne fais pas de politique et je n\u2019ai rien contre le pouvoir en place, mais il faut savoir o\u00f9 sont les priorit\u00e9s pour la population. Ce bien ce qu\u2019ont fait les l\u00e9opard, une fiert\u00e9 pour la nation, mais le bonheur ne vaut que si il est partag\u00e9 par tous, je veux me r\u00e9jouir avec eux pour cette victoire, mais je ne le peux, car la douleur des populations de l\u2019est crie plus fort que les cris de joies et d\u2019all\u00e9gresse, il y a trop de pleures dans notre pays. Le sol de notre pays en a assez de s\u2019abreuver du sang de ses fils, il y trop de cris de viols, de violences qui m\u2019emp\u00eache d\u2019entendre leurs cris de joie. Il nous faut reb\u00e2tir notre beau pays sur les ruines de la guerre, ne nous y trompons pas, nous devons reconstruire sur des vraies valeurs.<\/p>\n<p>11.\u00a0\u00a0 \u00a0Merci encore ch\u00e8re s\u0153ur<br \/>C\u2019est moi qui vous remercie d\u2019\u00eatre venu jusqu\u2019\u00e0 moi, que le bon Dieu vous garde.<\/p>\n<p>&nbsp;<\/p>\n<!-- AddThis Advanced Settings generic via filter on the_content --><!-- AddThis Share Buttons generic via filter on the_content -->","protected":false},"excerpt":{"rendered":"<p>&nbsp; Bonjour s\u0153ur Nana, \u00a0 1.\u00a0\u00a0 \u00a0comment vous allez car on a appris que tu&#8230;<!-- AddThis Advanced Settings generic via filter on get_the_excerpt --><!-- AddThis Share Buttons generic via filter on get_the_excerpt --><\/p>\n","protected":false},"author":1,"featured_media":168,"comment_status":"open","ping_status":"open","sticky":false,"template":"","format":"standard","meta":[],"categories":[5],"tags":[],"_links":{"self":[{"href":"https:\/\/amagep.co.za\/fr\/wp-json\/wp\/v2\/posts\/171"}],"collection":[{"href":"https:\/\/amagep.co.za\/fr\/wp-json\/wp\/v2\/posts"}],"about":[{"href":"https:\/\/amagep.co.za\/fr\/wp-json\/wp\/v2\/types\/post"}],"author":[{"embeddable":true,"href":"https:\/\/amagep.co.za\/fr\/wp-json\/wp\/v2\/users\/1"}],"replies":[{"embeddable":true,"href":"https:\/\/amagep.co.za\/fr\/wp-json\/wp\/v2\/comments?post=171"}],"version-history":[{"count":0,"href":"https:\/\/amagep.co.za\/fr\/wp-json\/wp\/v2\/posts\/171\/revisions"}],"wp:featuredmedia":[{"embeddable":true,"href":"https:\/\/amagep.co.za\/fr\/wp-json\/wp\/v2\/media\/168"}],"wp:attachment":[{"href":"https:\/\/amagep.co.za\/fr\/wp-json\/wp\/v2\/media?parent=171"}],"wp:term":[{"taxonomy":"category","embeddable":true,"href":"https:\/\/amagep.co.za\/fr\/wp-json\/wp\/v2\/categories?post=171"},{"taxonomy":"post_tag","embeddable":true,"href":"https:\/\/amagep.co.za\/fr\/wp-json\/wp\/v2\/tags?post=171"}],"curies":[{"name":"wp","href":"https:\/\/api.w.org\/{rel}","templated":true}]}}