{"id":1634,"date":"2025-10-28T16:10:00","date_gmt":"2025-10-28T16:10:00","guid":{"rendered":"https:\/\/amagep.co.za\/fr\/?p=1634"},"modified":"2026-06-02T20:08:17","modified_gmt":"2026-06-02T20:08:17","slug":"apres-lassassinat-de-muke-mashia-hugo-a-kinshasa-sa-famille-contrainte-a-la-clandestinite-pour-avoir-reclame-justice","status":"publish","type":"post","link":"https:\/\/amagep.co.za\/fr\/apres-lassassinat-de-muke-mashia-hugo-a-kinshasa-sa-famille-contrainte-a-la-clandestinite-pour-avoir-reclame-justice\/","title":{"rendered":"Apr\u00e8s l\u2019assassinat de Muke Mashia Hugo \u00e0 Kinshasa, sa famille contrainte \u00e0 la clandestinit\u00e9 pour avoir r\u00e9clam\u00e9 justice"},"content":{"rendered":"\n<p>En R\u00e9publique d\u00e9mocratique du Congo, l\u2019ins\u00e9curit\u00e9 politique et les accusations de r\u00e9pression silencieuse continuent d\u2019alimenter l\u2019inqui\u00e9tude de nombreux citoyens. Derri\u00e8re les discours officiels sur l\u2019\u00c9tat de droit et la d\u00e9mocratie, plusieurs familles d\u00e9noncent un climat de peur marqu\u00e9 par les intimidations, les menaces et le sentiment d\u2019abandon face \u00e0 une justice per\u00e7ue comme incapable de prot\u00e9ger les victimes lorsque des affaires touchent des enjeux politiques sensibles.<br>L\u2019affaire de Monsieur Muke Mashia Hugo, assassin\u00e9 dans la nuit du 26 octobre 2025 \u00e0 Kinshasa sur avenue Mbaya N\u00b019 dans la commune de Mont-Ngafula, illustre aujourd\u2019hui les inqui\u00e9tudes croissantes autour des violences politiques, du tra\u00e7age des voix critiques et de la vuln\u00e9rabilit\u00e9 des familles qui tentent de r\u00e9clamer justice.<br>Plus de six mois apr\u00e8s ce drame, son \u00e9pouse et leurs trois enfants vivent toujours dans la clandestinit\u00e9, sans adresse fixe, apr\u00e8s avoir affirm\u00e9 avoir re\u00e7u des menaces et subi des intimidations \u00e0 la suite des d\u00e9marches judiciaires engag\u00e9es apr\u00e8s le meurtre.<\/p>\n\n\n\n<p>Un assassinat au c\u0153ur de la nuit<\/p>\n\n\n\n<p>Selon les informations recueillies aupr\u00e8s de proches de la famille, Monsieur Muke Mashia Hugo a \u00e9t\u00e9 tu\u00e9 vers 2 heures du matin \u00e0 son domicile situ\u00e9 au quartier Musangu, dans la commune de Mont-Ngafula \u00e0 Kinshasa.<br>Des hommes arm\u00e9s auraient fait irruption dans la maison familiale pendant que tous dormaient. Sa femme et leurs trois enfants Daniel, Nathan et Divina, auraient assist\u00e9 \u00e0 la sc\u00e8ne dans un climat de terreur.<br>Employ\u00e9 \u00e0 la Direction de Sant\u00e9 Rurale (SANRU), Monsieur Muke Mashia Hugo \u00e9tait d\u00e9crit par son entourage comme un homme engag\u00e9 dans les d\u00e9bats sociaux et politiques. Dans ses conversations priv\u00e9es comme dans certaines prises de position publiques, il d\u00e9non\u00e7ait r\u00e9guli\u00e8rement les abus des droits humains et le climat d\u2019intimidation politique observ\u00e9 dans le pays.<br>Selon plusieurs t\u00e9moignages, il exprimait \u00e9galement ses inqui\u00e9tudes concernant les activit\u00e9s des \u00ab Forces du Progr\u00e8s \u00bb, structure associ\u00e9e au parti pr\u00e9sidentiel UDPS et r\u00e9guli\u00e8rement accus\u00e9e par des citoyens et des acteurs de la soci\u00e9t\u00e9 civile d\u2019exercer des pressions contre les opposants et les voix critiques.<br>Aucune conclusion officielle n\u2019a \u00e9tabli \u00e0 ce jour un mobile politique dans cet assassinat. Cependant, pour les proches de la victime, le contexte dans lequel vivait Monsieur Muke Mashia Hugo avant sa mort continue de soulever de nombreuses interrogations.<\/p>\n\n\n\n<p>Une qu\u00eate de justice devenue un dangereuse<\/p>\n\n\n\n<p>Apr\u00e8s l\u2019assassinat de son mari, son \u00e9pouse a entrepris des d\u00e9marches judiciaires afin d\u2019obtenir des r\u00e9ponses et de r\u00e9clamer justice.<br>Mais selon les d\u00e9clarations de proches de la famille, cette initiative aurait rapidement provoqu\u00e9 des r\u00e9actions inqui\u00e9tantes. Des menaces, des intimidations et des pressions auraient commenc\u00e9 \u00e0 viser la veuve, au point de rendre sa situation s\u00e9curitaire extr\u00eamement pr\u00e9occupante.<br>\u00ab Tout s\u2019est retourn\u00e9 contre elle apr\u00e8s qu\u2019elle a commenc\u00e9 \u00e0 d\u00e9noncer ce qui s\u2019\u00e9tait pass\u00e9 \u00bb, affirme un proche de la famille sous couvert d\u2019anonymat.<br>D\u2019apr\u00e8s plusieurs t\u00e9moignages, la m\u00e8re de famille aurait progressivement compris qu\u2019elle ne pouvait plus compter sur les institutions cens\u00e9es la prot\u00e9ger. Craignant pour sa s\u00e9curit\u00e9 et celle de ses enfants, elle aurait \u00e9t\u00e9 contrainte de quitter son domicile et de changer r\u00e9guli\u00e8rement de lieu de refuge.<br>Aujourd\u2019hui, la famille ne disposerait plus d\u2019adresse fixe.<br>La veuve et ses enfants vivraient dans la clandestinit\u00e9 afin d\u2019\u00e9viter d\u2019\u00eatre localis\u00e9s par ceux qu\u2019ils consid\u00e8rent comme responsables des menaces re\u00e7ues.<\/p>\n\n\n\n<figure class=\"wp-block-image size-large\"><img loading=\"lazy\" width=\"611\" height=\"432\" src=\"https:\/\/amagep.co.za\/fr\/wp-content\/uploads\/2026\/05\/Family_in_run2.jpg\" alt=\"\" class=\"wp-image-1635\" srcset=\"https:\/\/amagep.co.za\/fr\/wp-content\/uploads\/2026\/05\/Family_in_run2.jpg 611w, https:\/\/amagep.co.za\/fr\/wp-content\/uploads\/2026\/05\/Family_in_run2-300x212.jpg 300w\" sizes=\"(max-width: 611px) 100vw, 611px\" \/><\/figure>\n\n\n\n<p>Une vie marqu\u00e9e par la peur<\/p>\n\n\n\n<p>Le quotidien de cette famille serait d\u00e9sormais rythm\u00e9 par l\u2019incertitude permanente.<br>Les enfants, Daniel, Nathan et Divina, vivent depuis plusieurs mois dans une instabilit\u00e9 totale. Selon des proches, ils portent encore les s\u00e9quelles psychologiques de la nuit o\u00f9 leur p\u00e8re a \u00e9t\u00e9 tu\u00e9 sous leurs yeux.<br>Le traumatisme de l\u2019assassinat s\u2019est progressivement transform\u00e9 en une autre forme de souffrance : celle de vivre cach\u00e9s, loin de toute stabilit\u00e9 sociale, scolaire et familiale.<br>Cette situation met en lumi\u00e8re la vuln\u00e9rabilit\u00e9 de nombreuses familles congolaises confront\u00e9es \u00e0 des affaires sensibles m\u00ealant s\u00e9curit\u00e9, politique et justice.<br>\u00c0 Kinshasa, plusieurs activistes, journalistes et membres de la soci\u00e9t\u00e9 civile d\u00e9noncent depuis des ann\u00e9es l\u2019existence d\u2019un climat d\u2019intimidation visant les personnes critiques envers le pouvoir ou certaines structures politiques influentes.<\/p>\n\n\n\n<p>Le ph\u00e9nom\u00e8ne du tra\u00e7age et des r\u00e9pressions silencieuses<\/p>\n\n\n\n<p>Dans plusieurs quartiers de la capitale congolaise, des citoyens affirment vivre avec la peur d\u2019\u00eatre surveill\u00e9s ou identifi\u00e9s en raison de leurs opinions politiques.<br>Des accusations de filatures, d\u2019appels anonymes, de harc\u00e8lement et de surveillance discr\u00e8te reviennent r\u00e9guli\u00e8rement dans les t\u00e9moignages d\u2019opposants, d\u2019activistes et de familles engag\u00e9es dans des dossiers sensibles.<br>Le plus inqui\u00e9tant, selon plusieurs observateurs, reste le caract\u00e8re silencieux de ces pratiques.<br>Contrairement aux r\u00e9pressions visibles marqu\u00e9es par des arrestations massives ou des violences publiques, certaines formes modernes de pression politique fonctionnent dans l\u2019ombre : intimidations discr\u00e8tes, menaces indirectes, isolement social, harc\u00e8lement psychologique ou violences cibl\u00e9es.<br>Cette situation alimente un climat de peur qui pousse de nombreux citoyens \u00e0 l\u2019autocensure.<br>Dans plusieurs familles, il est d\u00e9sormais conseill\u00e9 d\u2019\u00e9viter les discussions politiques en public ou sur les r\u00e9seaux sociaux.<\/p>\n\n\n\n<p>Les \u00ab Forces du Progr\u00e8s \u00bb au centre des critiques<\/p>\n\n\n\n<p>Le nom des \u00ab Forces du Progr\u00e8s \u00bb revient r\u00e9guli\u00e8rement dans les accusations li\u00e9es aux violences politiques et aux intimidations \u00e0 Kinshasa.<br>Des mouvements citoyens et plusieurs acteurs de la soci\u00e9t\u00e9 civile ont d\u00e9j\u00e0 d\u00e9nonc\u00e9 le comportement de cette structure associ\u00e9e \u00e0 l\u2019UDPS, accus\u00e9e par certains de se comporter comme une force parall\u00e8le charg\u00e9e d\u2019intimider les opposants et les voix critiques.<br>Les autorit\u00e9s et les responsables du parti pr\u00e9sidentiel ont, \u00e0 plusieurs reprises, rejet\u00e9 ces accusations.<br>Mais pour plusieurs observateurs, l\u2019absence d\u2019enqu\u00eates ind\u00e9pendantes sur les violences politiques contribue \u00e0 renforcer la m\u00e9fiance d\u2019une partie de la population.<br>Dans une d\u00e9mocratie, rappellent plusieurs d\u00e9fenseurs des droits humains, aucun groupe politique ne devrait \u00eatre associ\u00e9 \u00e0 des pratiques de terreur, de surveillance ou de r\u00e9pression contre des citoyens exprimant des opinions divergentes.<\/p>\n\n\n\n<p>Une justice contest\u00e9e<\/p>\n\n\n\n<p>Le cas de la famille Muke Mashia Hugo soul\u00e8ve \u00e9galement des interrogations plus larges sur l\u2019\u00e9tat du syst\u00e8me judiciaire en RDC.<br>De nombreuses organisations de la soci\u00e9t\u00e9 civile d\u00e9noncent depuis longtemps les difficult\u00e9s d\u2019acc\u00e8s \u00e0 une justice ind\u00e9pendante dans les dossiers politiquement sensibles.<br>Lorsque des victimes affirment craindre les institutions cens\u00e9es les prot\u00e9ger, cela fragilise profond\u00e9ment la confiance de la population dans l\u2019\u00c9tat.<br>Pour la veuve de Monsieur Muke Mashia Hugo, Madame Bilonda Kayembe Mizou, la justice semble aujourd\u2019hui \u00eatre devenue une source suppl\u00e9mentaire de peur plut\u00f4t qu\u2019un espace de protection. Madame Bilonda est aussi membre d&rsquo;amnesty International.<\/p>\n\n\n\n<p>Un appel \u00e0 la communaut\u00e9 internationale<\/p>\n\n\n\n<p>Face \u00e0 cette situation, plusieurs voix appellent les organisations internationales des droits humains et les m\u00e9dias internationaux \u00e0 accorder une attention particuli\u00e8re \u00e0 cette affaire.<br>Amnesty International, Human Rights Watch, les Nations Unies, l\u2019Union africaine, les organisations religieuses et les ONG africaines sont appel\u00e9es \u00e0 renforcer leur vigilance sur les violences politiques et les atteintes aux libert\u00e9s fondamentales en RDC.<\/p>\n\n\n\n<p>Une affaire devenue symbole<\/p>\n\n\n\n<p>Au-del\u00e0 du drame individuel, l\u2019histoire de cette famille est devenue, pour plusieurs observateurs, le symbole d\u2019un malaise plus profond qui traverse actuellement la soci\u00e9t\u00e9 congolaise.<br>La peur de parler, la m\u00e9fiance envers les institutions et le sentiment d\u2019ins\u00e9curit\u00e9 politique semblent gagner du terrain dans plusieurs r\u00e9gions du pays.<br>Pour de nombreux Congolais, la question centrale demeure aujourd\u2019hui la suivante : un citoyen peut-il encore d\u00e9noncer une injustice ou exprimer une opinion critique sans mettre sa vie et celle de sa famille en danger ?<br>Dans les rues de Kinshasa, cette interrogation revient de plus en plus souvent, parfois \u00e0 voix basse, dans un climat o\u00f9 le silence semble devenir une condition de survie.<\/p>\n<!-- AddThis Advanced Settings generic via filter on the_content --><!-- AddThis Share Buttons generic via filter on the_content -->","protected":false},"excerpt":{"rendered":"<p>En R\u00e9publique d\u00e9mocratique du Congo, l\u2019ins\u00e9curit\u00e9 politique et les accusations de r\u00e9pression silencieuse continuent d\u2019alimenter&#8230;<!-- AddThis Advanced Settings generic via filter on get_the_excerpt --><!-- AddThis Share Buttons generic via filter on get_the_excerpt --><\/p>\n","protected":false},"author":28,"featured_media":1636,"comment_status":"open","ping_status":"open","sticky":false,"template":"","format":"standard","meta":[],"categories":[5],"tags":[],"_links":{"self":[{"href":"https:\/\/amagep.co.za\/fr\/wp-json\/wp\/v2\/posts\/1634"}],"collection":[{"href":"https:\/\/amagep.co.za\/fr\/wp-json\/wp\/v2\/posts"}],"about":[{"href":"https:\/\/amagep.co.za\/fr\/wp-json\/wp\/v2\/types\/post"}],"author":[{"embeddable":true,"href":"https:\/\/amagep.co.za\/fr\/wp-json\/wp\/v2\/users\/28"}],"replies":[{"embeddable":true,"href":"https:\/\/amagep.co.za\/fr\/wp-json\/wp\/v2\/comments?post=1634"}],"version-history":[{"count":2,"href":"https:\/\/amagep.co.za\/fr\/wp-json\/wp\/v2\/posts\/1634\/revisions"}],"predecessor-version":[{"id":1639,"href":"https:\/\/amagep.co.za\/fr\/wp-json\/wp\/v2\/posts\/1634\/revisions\/1639"}],"wp:featuredmedia":[{"embeddable":true,"href":"https:\/\/amagep.co.za\/fr\/wp-json\/wp\/v2\/media\/1636"}],"wp:attachment":[{"href":"https:\/\/amagep.co.za\/fr\/wp-json\/wp\/v2\/media?parent=1634"}],"wp:term":[{"taxonomy":"category","embeddable":true,"href":"https:\/\/amagep.co.za\/fr\/wp-json\/wp\/v2\/categories?post=1634"},{"taxonomy":"post_tag","embeddable":true,"href":"https:\/\/amagep.co.za\/fr\/wp-json\/wp\/v2\/tags?post=1634"}],"curies":[{"name":"wp","href":"https:\/\/api.w.org\/{rel}","templated":true}]}}