{"id":161,"date":"2009-04-05T10:24:06","date_gmt":"2009-04-05T10:24:06","guid":{"rendered":"https:\/\/amagep.co.za\/fr\/2009\/04\/05\/voici-le-parcours-de-lartiste-musicien-aimelia-de-mingongo\/"},"modified":"2009-04-05T10:24:06","modified_gmt":"2009-04-05T10:24:06","slug":"voici-le-parcours-de-lartiste-musicien-aimelia-de-mingongo","status":"publish","type":"post","link":"https:\/\/amagep.co.za\/fr\/voici-le-parcours-de-lartiste-musicien-aimelia-de-mingongo\/","title":{"rendered":"Voici le parcours de l\u2019artiste musicien Aimelia Lias de mingongo"},"content":{"rendered":"<p><img loading=\"lazy\" class=\" size-full wp-image-30\" src=\"https:\/\/amagep.co.za\/fr\/wp-content\/uploads\/2008\/12\/emilia_lias.jpg\" border=\"0\" width=\"430\" height=\"650\" \/>\u00a0<\/p>\n<p>Tout d\u2019abord il a commenc\u00e9 sa carri\u00e8re musicale au sein du groupe \u00a0Tout bouge lemba<br \/>pour int\u00e9grer ensuite formule Shaka,et le vent des jeunes natifs de la g\u00e9n\u00e9ration<br \/>1970 qu\u2019on appelle s\u00e9rie 7 va le pousser a int\u00e9grer \u00a0Wenge Musica tout<\/p>\n<p> <!--more--> <\/p>\n<p>terrain 4&#215;4 juste au d\u00e9part de Manda chante, dans ce groupe il a eu la chance<br \/>d\u2019\u00eatre\u00a0 encadr\u00e9 par JB Mpiana, WERRASON ,Blaise Bula ,Adolphe tata , Alain et le<br \/>fond\u00e9 Didier massela\u2026.pour rappel dans ce wenge musica 4&#215;4 Emelia a d\u00e9montr\u00e9 son \u00a0<br \/>savoir faire aux cot\u00e9s de son fr\u00e8re et ami\u00a0 Alain MPela ,<br \/>\u00a0<br \/>\u00a0Apr\u00e8s dislocation de wenge 4&#215;4 Emelia a suivi \u00a0Jb Mpiana au sein de\u00a0 Wenge Musica<br \/>bcbg \u00ab\u00a0les anges adorables\u00a0\u00bb mais il n\u2019a pas fait longtemps car il a quitt\u00e9 ce<br \/>groupe pour aller r\u00e9aliser son propre album qu\u2019il a intitul\u00e9 CONSTAT\u00a0,et\u00a0 apr\u00e8s<br \/>quelques mois il va tomber dans les bras de werrason son ancien encadreur pour<br \/>int\u00e9grer cette fois ci wenge musica maison m\u00e8re d\u2019o\u00f9 il a encore brill\u00e9 de milles<br \/>feux jusqu&rsquo;\u00e0 contribuer dans le mythique Album a la queue leu leu d\u2019o\u00f9 on a retrouv\u00e9<br \/>sans chanson \u00ab\u00a0Effet\u00a0\u00bb\u00a0<br \/>\u00a0<br \/>Carri\u00e8re solo<br \/>\u00a0<br \/>Ensuite Aimelia lias de mingongo va d\u00e9cider cette fois ci d\u2019\u00e9voluer en carri\u00e8re<br \/>qu\u2019il commence avec un deuxi\u00e8me album de sa carri\u00e8re qu\u2019il intitule\u00a0 RACE DES<br \/>VAINQUEURS qui a connu\u00a0 sa sortie commerciale\u00a0 le 20 F\u00e9vrier\u00a02009,suivi d\u2019une<br \/>conf\u00e9rence de presse le 13 Mars 2009, et le public a \u00e9t\u00e9 convaincu et scandalis\u00e9 le<br \/>\u00a0jour de la Sortie officielle de l\u2019album en question \u00a0selon notre causerie par<br \/>t\u00e9l\u00e9phone\u00a0 avec l\u2019artiste le \u00a0Lundi 23 Mars vers 11<br \/>heur 00 na heure de la RSA.<\/p>\n<p>Son programme <br \/>\u00a0<br \/>Le 28 mars il sera \u00a0en RDC et quelques jours apr\u00e8s il sera en REPUBLIQUE SUD<br \/>AFRICAINE <br \/>pour r\u00e9aliser deux clips dont un au cap town et l\u2019autre a Johannesburg, et ensuite<br \/>il va livrer quelques concerts.<br \/>\u00a0<br \/>C\u2019est un message que nous adressons particuli\u00e8rement aux deux g\u00e9ants m\u00e9c\u00e8nes qui ne<br \/>cessent de soutenir les artistes Congolais, nous citons l\u2019ing\u00e9nieur Jean Ren\u00e9 Golo<br \/>\u00ab\u00a0boxeur k.o\u00a0\u00bb et Kayembe Chez NTEMBA, pour preuve l\u2019artiste KABOSE a \u00e9t\u00e9 bien<br \/>soutenu lors de son passage au pays de Shaka Zoulou et nous esp\u00e9rons que son fr\u00e8re<br \/>Aimelia ne sera pas du tout d\u00e9\u00e7u\u2026 <\/p>\n<p>pour toute information <\/p>\n<p>Veuillez contacter Touxckson Deolo\u00a0 0826317841 et Pierro Lianza 0715083246<\/p>\n<p>&nbsp;<\/p>\n<!-- AddThis Advanced Settings generic via filter on the_content --><!-- AddThis Share Buttons generic via filter on the_content -->","protected":false},"excerpt":{"rendered":"<p>\u00a0 Tout d\u2019abord il a commenc\u00e9 sa carri\u00e8re musicale au sein du groupe \u00a0Tout bouge&#8230;<!-- AddThis Advanced Settings generic via filter on get_the_excerpt --><!-- AddThis Share Buttons generic via filter on get_the_excerpt --><\/p>\n","protected":false},"author":1,"featured_media":30,"comment_status":"open","ping_status":"open","sticky":false,"template":"","format":"standard","meta":[],"categories":[8],"tags":[35],"_links":{"self":[{"href":"https:\/\/amagep.co.za\/fr\/wp-json\/wp\/v2\/posts\/161"}],"collection":[{"href":"https:\/\/amagep.co.za\/fr\/wp-json\/wp\/v2\/posts"}],"about":[{"href":"https:\/\/amagep.co.za\/fr\/wp-json\/wp\/v2\/types\/post"}],"author":[{"embeddable":true,"href":"https:\/\/amagep.co.za\/fr\/wp-json\/wp\/v2\/users\/1"}],"replies":[{"embeddable":true,"href":"https:\/\/amagep.co.za\/fr\/wp-json\/wp\/v2\/comments?post=161"}],"version-history":[{"count":0,"href":"https:\/\/amagep.co.za\/fr\/wp-json\/wp\/v2\/posts\/161\/revisions"}],"wp:featuredmedia":[{"embeddable":true,"href":"https:\/\/amagep.co.za\/fr\/wp-json\/wp\/v2\/media\/30"}],"wp:attachment":[{"href":"https:\/\/amagep.co.za\/fr\/wp-json\/wp\/v2\/media?parent=161"}],"wp:term":[{"taxonomy":"category","embeddable":true,"href":"https:\/\/amagep.co.za\/fr\/wp-json\/wp\/v2\/categories?post=161"},{"taxonomy":"post_tag","embeddable":true,"href":"https:\/\/amagep.co.za\/fr\/wp-json\/wp\/v2\/tags?post=161"}],"curies":[{"name":"wp","href":"https:\/\/api.w.org\/{rel}","templated":true}]}}