{"id":160,"date":"2009-04-02T17:07:41","date_gmt":"2009-04-02T17:07:41","guid":{"rendered":"https:\/\/amagep.co.za\/fr\/2009\/04\/02\/nyoka-longo-propose-les-etats-generaux-de-la-musique-au-ministre-de-la-culture\/"},"modified":"2009-04-02T17:07:41","modified_gmt":"2009-04-02T17:07:41","slug":"nyoka-longo-propose-les-etats-generaux-de-la-musique-au-ministre-de-la-culture","status":"publish","type":"post","link":"https:\/\/amagep.co.za\/fr\/nyoka-longo-propose-les-etats-generaux-de-la-musique-au-ministre-de-la-culture\/","title":{"rendered":"Nyoka Longo propose les \u00c9tats g\u00e9n\u00e9raux de la musique au ministre de la culture"},"content":{"rendered":"<table border=\"0\" cellspacing=\"0\" cellpadding=\"0\" width=\"100%\">\n<tbody>\n<tr>\n<td class=\"chapeau\" align=\"left\">\n<p class=\"spip\"><img loading=\"lazy\" class=\" size-full wp-image-159\" src=\"https:\/\/amagep.co.za\/fr\/wp-content\/uploads\/2009\/04\/nyoch520.jpg\" border=\"0\" width=\"520\" height=\"383\" srcset=\"https:\/\/amagep.co.za\/fr\/wp-content\/uploads\/2009\/04\/nyoch520.jpg 520w, https:\/\/amagep.co.za\/fr\/wp-content\/uploads\/2009\/04\/nyoch520-300x221.jpg 300w\" sizes=\"(max-width: 520px) 100vw, 520px\" \/><\/p>\n<p class=\"spip\">Apr\u00e8s plus de six ans d\u2019absence au pays, Jossart Nyoka Longo est all\u00e9 pr\u00e9senter ses civilit\u00e9s, samedi 28 mars dernier, au ministre de la culture et des arts Esdras Kambale en son cabinet \u00e0 Gombe. Accolades, mot de bienvenue et surtout un hommage appuy\u00e9 du ministre au chanteur et au groupe Za\u00efko Langa Langa qui, selon lui, justifie son qualificatif de \u00ab\u00a0Nkolo Mboka\u00a0\u00bb par le poids de son histoire, une histoire marqu\u00e9e par l\u2019exemplarit\u00e9 de ses chansons et de ses danses d\u00e9nu\u00e9es de toute obsc\u00e9nit\u00e9 contrairement aux pratiques de plus en plus en cours dans le milieu.<\/p>\n<p> <!--more--> <\/td>\n<\/tr>\n<tr>\n<td class=\"textmilieu1\" align=\"left\">\n<p class=\"spip\">Les propos minist\u00e9riels ont constitu\u00e9 une perche qu\u2019a saisie fort opportun\u00e9ment Nyoka Longo qui a, du coup, propos\u00e9 \u00e0 son h\u00f4te l\u2019organisation des Etats g\u00e9n\u00e9raux de la musique congolaise pas sp\u00e9cialement pour assainir les chansons ou d\u00e9noncer les danses obsc\u00e8nes mais aussi red\u00e9finir un cadre qui optimiserait la pratique de la musique en RDC. Une proposition re\u00e7ue favorablement par son interlocuteur qui souligna que son minist\u00e8re a d\u00e9j\u00e0 engag\u00e9 quelques r\u00e9formes importantes notamment celle des statuts de la SONECA ainsi que la ratification d\u2019une convention de l\u2019UNESCO concernant la musique. Quant aux questions relatives aux infrastructures soulev\u00e9es par le patron de Za\u00efko Langa Langa, le ministre Esdras Kambale a d\u00e9plor\u00e9 le cas de la salle MONGITA, si\u00e8ge du ballet national, o\u00f9 le gouvernement provincial de Kinshasa entend abriter ses activit\u00e9s. Une situation qui oppose le minist\u00e8re de la culture et des arts \u00e0 l\u2019autorit\u00e9 provinciale de la ville de Kinshasa. Le ministre a \u00e9galement rappel\u00e9 que les 2 millions de dollars promis aux artistes ne sont toujours pas d\u00e9bloqu\u00e9s retardant la r\u00e9solution de certains probl\u00e8mes et la mise en \u0153uvre des projets qui restent \u00e0 d\u00e9finir.<\/p>\n<p class=\"spip\">Cette rencontre ne pouvait pas occulter la question de la situation sociale des musiciens qui a fait, ces derniers temps, l\u2019objet d\u2019appels incessants \u00e0 l\u2019aide financi\u00e8re\u00a0: le ministre a invit\u00e9 les artistes \u00e0 investir dans l\u2019industrie culturelle dans un partenariat public\/priv\u00e9. Sur la condition sociale, Esdras Kambale a d\u00e9clar\u00e9 que le temps de la politique de la main tendue envers l\u2019Etat est r\u00e9volu et demand\u00e9 aux artistes de souscrire une police d\u2019assurance aupr\u00e8s de la Soci\u00e9t\u00e9 nationale d\u2019assurance (SONAS). Et de citer en exemple le cas de l\u2019ancien musicien de Za\u00efko Langa Langa Bakunde Ilo Pablo qui a pu b\u00e9n\u00e9ficier des soins en Afrique du Sud gr\u00e2ce \u00e0 la SONAS. <\/p>\n<p class=\"spip\">Source <\/p>\n<p class=\"spip\"><a href=\"http:\/\/www.afriquechos.ch\/spip.php?article3961\" title=\"www.afriquechos.ch\">Afriquechos.ch<\/a><\/p>\n<\/td>\n<\/tr>\n<\/tbody>\n<\/table>\n<!-- AddThis Advanced Settings generic via filter on the_content --><!-- AddThis Share Buttons generic via filter on the_content -->","protected":false},"excerpt":{"rendered":"<p>Apr\u00e8s plus de six ans d\u2019absence au pays, Jossart Nyoka Longo est all\u00e9 pr\u00e9senter ses&#8230;<!-- AddThis Advanced Settings generic via filter on get_the_excerpt --><!-- AddThis Share Buttons generic via filter on get_the_excerpt --><\/p>\n","protected":false},"author":1,"featured_media":159,"comment_status":"open","ping_status":"open","sticky":false,"template":"","format":"standard","meta":[],"categories":[8],"tags":[34],"_links":{"self":[{"href":"https:\/\/amagep.co.za\/fr\/wp-json\/wp\/v2\/posts\/160"}],"collection":[{"href":"https:\/\/amagep.co.za\/fr\/wp-json\/wp\/v2\/posts"}],"about":[{"href":"https:\/\/amagep.co.za\/fr\/wp-json\/wp\/v2\/types\/post"}],"author":[{"embeddable":true,"href":"https:\/\/amagep.co.za\/fr\/wp-json\/wp\/v2\/users\/1"}],"replies":[{"embeddable":true,"href":"https:\/\/amagep.co.za\/fr\/wp-json\/wp\/v2\/comments?post=160"}],"version-history":[{"count":0,"href":"https:\/\/amagep.co.za\/fr\/wp-json\/wp\/v2\/posts\/160\/revisions"}],"wp:featuredmedia":[{"embeddable":true,"href":"https:\/\/amagep.co.za\/fr\/wp-json\/wp\/v2\/media\/159"}],"wp:attachment":[{"href":"https:\/\/amagep.co.za\/fr\/wp-json\/wp\/v2\/media?parent=160"}],"wp:term":[{"taxonomy":"category","embeddable":true,"href":"https:\/\/amagep.co.za\/fr\/wp-json\/wp\/v2\/categories?post=160"},{"taxonomy":"post_tag","embeddable":true,"href":"https:\/\/amagep.co.za\/fr\/wp-json\/wp\/v2\/tags?post=160"}],"curies":[{"name":"wp","href":"https:\/\/api.w.org\/{rel}","templated":true}]}}