{"id":1574,"date":"2025-03-21T20:10:00","date_gmt":"2025-03-21T20:10:00","guid":{"rendered":"https:\/\/amagep.co.za\/fr\/?p=1574"},"modified":"2025-03-21T20:19:26","modified_gmt":"2025-03-21T20:19:26","slug":"ce-08-mars-2025-en-rdc-ses-excellences-mesdames-la-premiere-ministre-et-vpm-ministre-des-affaires-etrangeres-a-lhonneur","status":"publish","type":"post","link":"https:\/\/amagep.co.za\/fr\/ce-08-mars-2025-en-rdc-ses-excellences-mesdames-la-premiere-ministre-et-vpm-ministre-des-affaires-etrangeres-a-lhonneur\/","title":{"rendered":"Ce 08 Mars 2025 en RDC : Ses Excellences Mesdames La Premi\u00e8re Ministre et VPM \u2013 Ministre des Affaires Etrang\u00e8res \u00e0 l\u2019Honneur"},"content":{"rendered":"\n<p>L\u2019adoption en 1945 de la Charte des Nations-Unies \u00e9tait un pr\u00e9ambule qui a rendu la charte le premier instrument international vers l\u2019affirmation du principe de l&rsquo;\u00e9galit\u00e9 entre les femmes et les hommes. L&rsquo;ONU a proc\u00e9d\u00e9 \u00e0 la cr\u00e9ation d\u2019un h\u00e9ritage historique et internationalement reconnu de strat\u00e9gies, de normes, de programmes et d\u2019objectifs destin\u00e9s \u00e0 am\u00e9liorer la condition des femmes dans le monde. L\u2019av\u00e8nement de Monsieur F\u00e9lix Antoine Tshisekedi Tshilombo en qualit\u00e9 du Pr\u00e9sident de la R\u00e9publique D\u00e9mocratique du Congo a cr\u00e9\u00e9 un environnement &nbsp;propice \u00e0 la consid\u00e9ration que m\u00e9ritent les femmes et \u00e0 l\u2019affirmation de leurs droits. Les femmes sont repr\u00e9sent\u00e9es dans toutes les sph\u00e8res de la soci\u00e9t\u00e9, et remplissent des r\u00f4les qui \u00e9taient auparavant r\u00e9serv\u00e9s aux hommes. Les r\u00e9sultats de ce jour, \u00e9manent des efforts entrepris depuis des lustres mais tronqu\u00e9s \u00e0 dessein. A l\u2019aube de la nouvelle constitution de 2006, les dispositions sur la parit\u00e9 homme &#8211; femme sont clairement \u00e9tablies sans que leur applicabilit\u00e9 ne soit mise en \u0153uvre par les pouvoirs publics. Jadis, des profondes disparit\u00e9s socio-\u00e9conomiques ont fait que les femmes soient pour la plupart rel\u00e9gu\u00e9es aux marges de la soci\u00e9t\u00e9 et n\u2019avaient aucune r\u00e9elle capacit\u00e9 d\u2019action.<\/p>\n\n\n\n<p>En changeant le statu quo, la RDC a donn\u00e9 \u00e0 sa population des femmes d\u00e9fenderesses de son destin. En ce jour du 08 mars 2025 o\u00f9 le monde c\u00e9l\u00e8bre la journ\u00e9e de la femme, le pays tout entier saisit cette opportunit\u00e9 pour porter aux nues les vertus intelligemment sp\u00e9ciales d\u2019un duo f\u00e9minin&nbsp;: Ses Excellences Mesdames La Premi\u00e8re Ministre, Judith Suminwa Tuluka et La Ministre des Affaires Etrang\u00e8res, de la Coop\u00e9ration Internationale et Francophonie, Th\u00e9r\u00e8se Wagner Kayikwamba. Hier, encore des quantit\u00e9s inconnues, elles ont prouv\u00e9 le contraire dans l\u2019exercice de leurs devoirs. Th\u00e9r\u00e8se Wagner est venue en second larron enfoncer le clou dans l\u2019architecture d\u00e9j\u00e0 \u00e9chafaud\u00e9e par le Pr\u00e9sident de la R\u00e9publique \u00e0 l\u2019international. La bataille diplomatique a port\u00e9 ses fruits au regard de moult sanctions inflig\u00e9es \u00e0 l\u2019envahisseur rwandais par la communaut\u00e9 internationale. Les troupes rwandaises regroup\u00e9es en RDF avec leurs suppl\u00e9tifs du M23\/AFC, avaient attaqu\u00e9 Goma le 27 janvier 2025 en fusillant &nbsp;la population. Le bilan provisoire a fait \u00e9tat de plus de 12 000 civils tu\u00e9s \u00e0 Goma. Quelques jours plus tard, la population de Bukavu subissait le m\u00eame sort.&nbsp; La VPM et Ministre des Affaires Etrang\u00e8res, Madame Wagner avait allum\u00e9 des brasiers aux Nations-Unies, \u00e0 l\u2019Union Europ\u00e9enne, au Parlement Europ\u00e9en, au Parlement Allemand etc.. Partout, les flammes qui en jaillissaient, \u00e9taient toutes aux couleurs du drapeau de la RDC&nbsp;; elle a battu en br\u00e8che les approximations accusatoires d\u00e9velopp\u00e9es par les d\u00e9l\u00e9gations rwandaises \u00e0 chaque fois que celles-ci montaient au cr\u00e9neau.&nbsp;&nbsp;<\/p>\n\n\n\n<p>La date du 08 mars a \u00e9t\u00e9 officialis\u00e9e en 1977 par l&rsquo;Organisation des Nations Unies, elle symbolise la journ\u00e9e pour les droits des femmes et couvre plusieurs \u00e9v\u00e9nements avec comme objectif de c\u00e9l\u00e9brer les avanc\u00e9es des droits des femmes. Il s\u2019agit d\u2019une journ\u00e9e ax\u00e9e sur l\u2019action, la sensibilisation et la mobilisation d\u00e9di\u00e9e \u00e0 la&nbsp;lutte pour les droits des femmes, l\u2019\u00e9galit\u00e9 et la justice. En R\u00e9publique D\u00e9mocratique du Congo, cette journ\u00e9e ne se limite pas seulement au port du pagne par les femmes&nbsp;; celles-ci se rassemblent pour r\u00e9fl\u00e9chir, \u00e9changer, se mobiliser pour l\u2019\u00e9galit\u00e9 entre les femmes et les hommes. Le monitoring des actions prises et leur mises en \u0153uvre est un autre centre d\u2019int\u00e9r\u00eat autour duquel&nbsp; tournent les manifestations de la journ\u00e9e c\u00e9l\u00e9br\u00e9e partout. Le 08 mars sert aussi d\u2019occasion de mettre en avant les initiatives qui placent les femmes au c\u0153ur de la cr\u00e9ation ainsi que leur participation \u00e0 la vie sociale, politique et \u00e9conomique. Sur ce point la RDC est mieux nantie et richement servie. La qualit\u00e9 des femmes qui prestent dans les secteurs de la vie, se place au-del\u00e0 des attentes.<\/p>\n\n\n\n<p>Comme \u00e0 l\u2019accoutum\u00e9e, l\u2019ONU fixe le th\u00e8me de la journ\u00e9e du 08 mars. Le th\u00e8me &nbsp;pour cette ann\u00e9e&nbsp;: \u00ab\u00a0Pour toutes les femmes et les filles : droits, \u00e9galit\u00e9 et autonomisation\u00a0\u00bb a \u00e9t\u00e9 retenu pour donner lieu \u00e0 de nombreux d\u00e9bats et actions. &nbsp;&nbsp; Il est important de noter qu\u2019en cette ann\u00e9e 2025, l&rsquo;ONU c\u00e9l\u00e8bre les 30 ans de la D\u00e9claration de Beijing qui a \u00e9t\u00e9&nbsp;adopt\u00e9e en septembre 1995. Ses &nbsp;d\u00e9claration et programme d\u2019action &nbsp;sont consid\u00e9r\u00e9s telle une d\u00e9claration internationale des droits des femmes. Les droits des femmes \u00e9tant d\u00e9finis comme des droits humains.<\/p>\n\n\n\n<figure class=\"wp-block-image size-large\"><img loading=\"lazy\" width=\"637\" height=\"557\" src=\"https:\/\/amagep.co.za\/fr\/wp-content\/uploads\/2025\/03\/image-9.jpeg\" alt=\"\" class=\"wp-image-1576\" srcset=\"https:\/\/amagep.co.za\/fr\/wp-content\/uploads\/2025\/03\/image-9.jpeg 637w, https:\/\/amagep.co.za\/fr\/wp-content\/uploads\/2025\/03\/image-9-300x262.jpeg 300w\" sizes=\"(max-width: 637px) 100vw, 637px\" \/><\/figure>\n\n\n\n<p>Son Excellence Madame la Premi\u00e8re Ministre, Judith Suminwa Tuluka, est bien assise sur le tr\u00f4ne de la primature en RDC. Elle dicte la politique du gouvernement et supervise la rentabilit\u00e9 des minist\u00e8res en termes des r\u00e9alisations telles que contenues dans le programme d\u2019action. Elle y veille au grain, ne laissant rien lui \u00e9chapper volontairement ou involontairement.&nbsp; Sa prestation le 24 f\u00e9vrier 2025 au Conseil des Droits de l\u2019Homme (CDH) en Suisse, a fait bouger les lignes dans la recherche des sanctions \u00e0 envisager contre le Rwanda et des enqu\u00eates \u00e0 entreprendre par rapport aux massacres perp\u00e8tres \u00e0 Goma et Bukavu. Sans h\u00e9sitation mais avec niaque, elle avait interpel\u00e9 les d\u00e9cideurs de faire de&nbsp; leur mieux pour y arriver afin de rendre le Rwanda, dont les troupes sont irrespectueuses de la vie humaine dans le Grand Kivu, responsable. A cette m\u00eame p\u00e9riode, la VPM et Madame la Ministre des Affaires Etrang\u00e8res, Th\u00e9r\u00e8se Kayikwamba, faisait monter la temp\u00e9rature sur d\u2019autres tribunes. Toutes, anim\u00e9es par le souci de rendre au peuple congolais dans la partie orientale la libert\u00e9 comme l\u2019aurore, elles ont merveilleusement harmonis\u00e9 la symphonie diplomatique &#8211; styl\u00e9e RDC. Cette stylisation diplomatique a \u00e9t\u00e9 couv\u00e9e depuis 2018 pour pr\u00e9valoir les int\u00e9r\u00eats de la RDC au moment opportun. Pour des diverses raisons, le flanc militaire n\u2019a pas tenu face \u00e0 la fulgurance des assauts lanc\u00e9s par RDF et ses auxiliaires M23\/AFC. &nbsp;&nbsp;&nbsp;&nbsp;&nbsp;&nbsp;&nbsp;&nbsp;&nbsp;&nbsp;&nbsp;&nbsp;&nbsp;&nbsp;&nbsp;&nbsp;&nbsp;&nbsp;&nbsp;&nbsp;&nbsp;&nbsp;&nbsp;&nbsp;&nbsp;&nbsp;<\/p>\n\n\n\n<p>Alexander Graham Bell disait&nbsp;: \u00abLorsqu\u2019une porte se ferme, il y en a une autre qui s\u2019ouvre..&nbsp;\u00bb. Heureusement ces braves autorit\u00e9s f\u00e9minines de la RDC, la Premi\u00e8re Ministre Judith et la VPM Th\u00e9r\u00e8se n\u2019ont pas perdu du temps \u00e0 contempler la porte ferm\u00e9e pour ne pas voir celle qui s\u2019\u00e9tait ouverte. Elles ont frapp\u00e9&nbsp;! Lors de la r\u00e9union du Conseil de Paix et de S\u00e9curit\u00e9 de l\u2019Union Africaine tenue du 14 au 16 f\u00e9vrier 2025 \u00e0 Addis-Abeba, la Premi\u00e8re Ministre avait tellement \u00e9tal\u00e9 les mensonges du Rwanda, les b\u00e9vues de ses troupes et la barbarie des autorit\u00e9s militaires de Kagame &nbsp;que celui-ci s\u2019\u00e9nerva et s\u2019\u00e9clipsa de la salle.&nbsp; Au pays, elle a dict\u00e9 des nouvelles directives&nbsp; en arr\u00eatant une prime sp\u00e9ciale, hormis la solde, \u00e0 remettre aux militaires au front. C\u2019est ainsi que la RDC est entrain d\u2019\u00e9crire de nouveaux chapitres de son histoire, et cela est soutenu avec brio par les politiques et la l\u00e9gislation gouvernementales. Les autorit\u00e9s devraient s\u2019engager \u00e0 mettre en place des politiques et des lois pour autonomiser davantage les femmes, leur permettre d\u2019am\u00e9liorer leur vie, tout en comblant l\u2019\u00e9cart entre les sexes. Ce qui permettra \u00e0 la RDC d\u2019afficher l\u2019un des taux d\u2019alphab\u00e9tisation des femmes les plus \u00e9lev\u00e9s \u00e0 l\u2019instar de l\u2019Afrique du Sud dont l\u2019Indice de Parit\u00e9 des Sexes (IPS) est parmi les plus \u00e9lev\u00e9s au monde et se classe mieux que ses homologues des BRICS, mieux que la moyenne des pays de l\u2019Organisation de Coop\u00e9ration et de D\u00e9veloppement Economiques. Par ailleurs, les femmes se doivent d\u2019envisager &nbsp;la vulgarisation de leurs propres actions \u00e0 travers diff\u00e9rents canaux de communication. L\u2019apport des hommes jouera un grand r\u00f4le dans l\u2019accompagnent de leurs actions pour l\u2019atteinte des objectifs du mill\u00e9naire. Aussi, un appel aux femmes journalistes rev\u00eat un int\u00e9r\u00eat particulier&nbsp;; elles doivent s\u2019impliquer autant que les politiciennes, en portant la voix pour la r\u00e9duction du foss\u00e9 entre les hommes et&nbsp;les femmes. La couverture par les femmes de media des cas de Violences Bas\u00e9es sur le Genre (VGB) et la perception du viol comme arme de guerre, renforceront l\u2019application des mesures pr\u00e9ventives pour assurer la non-survenance de tels cas ou leur diminution.<\/p>\n\n\n\n<p>Ce 08 mars, il est essentiel de sensibiliser les acteurs soci\u00e9taux afin de garantir la pleine participation des femmes \u00e0 l\u2019\u00e9conomie pour parvenir \u00e0 l\u2019\u00e9quit\u00e9, \u00e0 la prosp\u00e9rit\u00e9 et \u00e0 une croissance partag\u00e9e et inclusive. Pour d\u00e9montrer un engagement en faveur de l\u2019\u00e9galit\u00e9 des sexes, un appel doit \u00eatre lanc\u00e9 au gouvernement \u00e0 \u00e9largir l\u2019acc\u00e8s des femmes aux opportunit\u00e9s \u00e9conomiques en r\u00e9servant un certain pourcentage des march\u00e9s publics aux entreprises d\u00e9tenues par des femmes. C\u2019est alors qu\u2019elles d\u00e9velopperont des exp\u00e9riences vari\u00e9es de leadership pour munir la nation d\u2019autres leaders de la trempe de Ses Excellences Mesdames Premi\u00e8re Ministre et VPM \u2013 Ministre des Affaires Etrang\u00e8res. Les d\u00e9placements intenses effectu\u00e9s par ces autorit\u00e9s \u00e9tatiques ont port\u00e9 des fruits&nbsp;: les sanctions des USA contre les autorit\u00e9s militaires du Rwanda et du M23, la suspension des accords d\u2019Agoa \u2013 African Growth and Opportunity Act ( Loi sur la Croissance et les Opportunit\u00e9s Economiques en Afrique}, l\u2019annulation de toute aide au d\u00e9veloppement par l\u2019Allemagne et la suspension des aides au Rwanda par le Canada. Le Royaume-Uni, principal bailleur de fonds du Rwanda qui participe \u00e0 hauteur de plus d\u20191 milliard de Livre Sterling \u00e0 son budget national, a suspendu cette pr\u00e9cieuse contribution. La Belgique n\u2019est pas rest\u00e9e muette non plus avec un tas de mesures y aff\u00e9rentes. La cerise sur le g\u00e2teau est venue de Son Excellence Madame la VPM, Ministre des Affaires Etrang\u00e8res. Elle a tenu ferme jusqu\u2019\u00e0 convaincre tous les 15 membres du Conseil de S\u00e9curit\u00e9 des Nations-Unies \u00e0 voter pour une r\u00e9solution contre le Rwanda \u00e0 l\u2019unanimit\u00e9. Le travail inlassable d\u2019aplomb ex\u00e9cut\u00e9 par la VPM a fait des d\u00e9g\u00e2ts au Rwanda&nbsp;; Kagame a exig\u00e9 la d\u00e9mission de Son Ambassadeur aux Nations Unies, Monsieur Ernest Rwamucyo. Ce dernier a \u00e9t\u00e9 battu \u00e0 plate couture par UNE FEMME autoritaire de la RDC.&nbsp; Les effets Kayikwamba retentiront \u00e0 Kigali pendant des g\u00e9n\u00e9rations.&nbsp;<\/p>\n\n\n\n<figure class=\"wp-block-image size-large\"><img loading=\"lazy\" width=\"637\" height=\"557\" src=\"https:\/\/amagep.co.za\/fr\/wp-content\/uploads\/2025\/03\/image-9.jpeg\" alt=\"\" class=\"wp-image-1575\" srcset=\"https:\/\/amagep.co.za\/fr\/wp-content\/uploads\/2025\/03\/image-9.jpeg 637w, https:\/\/amagep.co.za\/fr\/wp-content\/uploads\/2025\/03\/image-9-300x262.jpeg 300w\" sizes=\"(max-width: 637px) 100vw, 637px\" \/><\/figure>\n\n\n\n<p>La R\u00e9publique D\u00e9mocratique du Congo devrait \u00eatre fi\u00e8re de ses dignes dames qui ont accompli beaucoup en peu de temps, mais elle doit continuer \u00e0 faire face au fl\u00e9au de la violence contre les femmes et les enfants, malgr\u00e9 de nombreuses avanc\u00e9es et interventions. Il ne se passe pas un jour sans que les manchettes de journaux en fassent \u00e9cho ou que la population ne parle d\u2019un autre cas tragique de femmes qui ont subi d\u2019horribles abus de la part de partenaires de confiance, ou d\u2019enfants qui ont \u00e9t\u00e9 viol\u00e9s par des adultes. Le combat contre la pauvret\u00e9 f\u00e9minis\u00e9e permettra l\u2019am\u00e9lioration de la sant\u00e9 des femmes et augmenter le d\u00e9gout pour le secteur des professionnelles de sexe. Le gouvernement devrait taper du poing sur la table pour annihiler les vell\u00e9it\u00e9s qui tendent \u00e0 freiner l\u2019\u00e9closion des autres Judith Siminwa Tuluka et Th\u00e9r\u00e8se Wagner Kayikwamba \u00e0 l\u2019avenir.<\/p>\n<!-- AddThis Advanced Settings generic via filter on the_content --><!-- AddThis Share Buttons generic via filter on the_content -->","protected":false},"excerpt":{"rendered":"<p>L\u2019adoption en 1945 de la Charte des Nations-Unies \u00e9tait un pr\u00e9ambule qui a rendu la&#8230;<!-- AddThis Advanced Settings generic via filter on get_the_excerpt --><!-- AddThis Share Buttons generic via filter on get_the_excerpt --><\/p>\n","protected":false},"author":7,"featured_media":1577,"comment_status":"open","ping_status":"open","sticky":false,"template":"","format":"standard","meta":[],"categories":[6],"tags":[],"_links":{"self":[{"href":"https:\/\/amagep.co.za\/fr\/wp-json\/wp\/v2\/posts\/1574"}],"collection":[{"href":"https:\/\/amagep.co.za\/fr\/wp-json\/wp\/v2\/posts"}],"about":[{"href":"https:\/\/amagep.co.za\/fr\/wp-json\/wp\/v2\/types\/post"}],"author":[{"embeddable":true,"href":"https:\/\/amagep.co.za\/fr\/wp-json\/wp\/v2\/users\/7"}],"replies":[{"embeddable":true,"href":"https:\/\/amagep.co.za\/fr\/wp-json\/wp\/v2\/comments?post=1574"}],"version-history":[{"count":1,"href":"https:\/\/amagep.co.za\/fr\/wp-json\/wp\/v2\/posts\/1574\/revisions"}],"predecessor-version":[{"id":1578,"href":"https:\/\/amagep.co.za\/fr\/wp-json\/wp\/v2\/posts\/1574\/revisions\/1578"}],"wp:featuredmedia":[{"embeddable":true,"href":"https:\/\/amagep.co.za\/fr\/wp-json\/wp\/v2\/media\/1577"}],"wp:attachment":[{"href":"https:\/\/amagep.co.za\/fr\/wp-json\/wp\/v2\/media?parent=1574"}],"wp:term":[{"taxonomy":"category","embeddable":true,"href":"https:\/\/amagep.co.za\/fr\/wp-json\/wp\/v2\/categories?post=1574"},{"taxonomy":"post_tag","embeddable":true,"href":"https:\/\/amagep.co.za\/fr\/wp-json\/wp\/v2\/tags?post=1574"}],"curies":[{"name":"wp","href":"https:\/\/api.w.org\/{rel}","templated":true}]}}