{"id":154,"date":"2009-03-27T12:53:20","date_gmt":"2009-03-27T12:53:20","guid":{"rendered":"https:\/\/amagep.co.za\/fr\/2009\/03\/27\/sarkozy-a-niamey-pour-defendre-le-role-dareva-au-niger\/"},"modified":"2009-03-27T12:53:20","modified_gmt":"2009-03-27T12:53:20","slug":"sarkozy-a-niamey-pour-defendre-le-role-dareva-au-niger","status":"publish","type":"post","link":"https:\/\/amagep.co.za\/fr\/sarkozy-a-niamey-pour-defendre-le-role-dareva-au-niger\/","title":{"rendered":"Sarkozy \u00e0 Niamey pour d\u00e9fendre le r\u00f4le d&rsquo;Areva au Niger"},"content":{"rendered":"<h2 class=\"f_intro\"><img loading=\"lazy\" class=\" size-full wp-image-153\" src=\"https:\/\/amagep.co.za\/fr\/wp-content\/uploads\/2009\/03\/jkk_sarkozy_verres.jpg\" border=\"0\" width=\"250\" height=\"175\" \/>\u00a0\u00a0<\/h2>\n<h2 class=\"f_intro\">\n<p style=\"margin: 0cm 0cm 10pt\" class=\"MsoNormal\"><font face=\"Calibri\" size=\"3\" color=\"#000000\">Nicola Sarkozy est attendu \u00e0 Niamey, derni\u00e8re \u00e9tape de sa tourn\u00e9e africaine. Pays parmi le plus pauvres de la plan\u00e8te, le Niger est l\u2019un des principaux fournisseurs d\u2019uranum du fran\u00e7ais Arriva, num\u00e9ro un mondial du nucl\u00e9aire. <\/font><\/p>\n<p> <!--more--> <\/h2>\n<p>\u00a0Nicolas Sarkozy a plaid\u00e9 jeudi pour la d\u00e9mocratie et les droits de l&rsquo;homme en Afrique et r\u00e9affirm\u00e9 sa volont\u00e9 de mettre en place une \u00ab\u00a0relation renouvel\u00e9e\u00a0\u00bb entre la France et le continent noir. S&rsquo;exprimant devant le parlement du Congo, il a en outre invit\u00e9 Denis Sassou-Nguesso, pr\u00e9sident de ce pays embl\u00e9matique de la \u00ab\u00a0Fran\u00e7afrique\u00a0\u00bb, \u00e0 gagner d&rsquo;autres batailles que le retour de la s\u00e9curit\u00e9 dans l&rsquo;ancienne colonie fran\u00e7aise. \u00ab\u00a0La d\u00e9mocratie et les droits de l&rsquo;homme font partie de notre h\u00e9ritage commun\u00a0\u00bb, a dit le pr\u00e9sident fran\u00e7ais, soulignant qu&rsquo;il ne s&rsquo;agissait pas de valeurs occidentales \u00ab\u00a0artificiellement plaqu\u00e9es\u00a0\u00bb sur les soci\u00e9t\u00e9s africaines. Un an apr\u00e8s s&rsquo;\u00eatre engag\u00e9, \u00e0 l&rsquo;occasion d&rsquo;une visite en Afrique du Sud, \u00e0 agir pour une refondation des relations entre la France et l&rsquo;Afrique, il a estim\u00e9 qu&rsquo;il fallait en particulier se \u00ab\u00a0d\u00e9barrasser des pesanteurs du pass\u00e9 (&#8230;) qui alimentent trop souvent m\u00e9fiance et soup\u00e7on\u00a0\u00bb. Cette situation se traduit selon lui par une opinion publique fran\u00e7aise qui \u00e9prouve une grande sympathie pour l&rsquo;Afrique mais qui \u00ab\u00a0se d\u00e9sint\u00e9resse pourtant d&rsquo;une relation trop souvent caricatur\u00e9e comme opaque ou affairiste\u00a0\u00bb. A l&rsquo;inverse, l&rsquo;Afrique peut se plaindre d&rsquo;un d\u00e9sengagement de la France tout en continuant \u00e0 lui reprocher \u00ab\u00a0de pr\u00e9tendues ing\u00e9rences n\u00e9ocoloniales ou la persistance de je ne sais quels int\u00e9r\u00eats inavouables\u00a0\u00bb. S&rsquo;il ne veut pas la \u00ab\u00a0liquidation d&rsquo;une relation ancienne, fraternelle\u00a0\u00bb \u00e0 laquelle la France tient avec le continent, Nicolas Sarkozy a exprim\u00e9 son ambition de lui conf\u00e9rer \u00ab\u00a0une l\u00e9gitimit\u00e9 nouvelle\u00a0\u00bb. ADHESION PARTAGEE \u00ab\u00a0Cette relation privil\u00e9gi\u00e9e doit susciter une adh\u00e9sion partag\u00e9e, pas seulement des gouvernants mais surtout des nouveaux acteurs majeurs que sont les soci\u00e9t\u00e9s civiles\u00a0\u00bb, a-t-il dit. Brazzaville \u00e9tait la deuxi\u00e8me \u00e9tape d&rsquo;une br\u00e8ve tourn\u00e9e africaine du pr\u00e9sident fran\u00e7ais entam\u00e9e jeudi matin \u00e0 Kinshasa et qui s&rsquo;ach\u00e8vera vendredi \u00e0 Niamey. Il a rencontr\u00e9 des repr\u00e9sentants de l&rsquo;opposition congolaise alors que le pays se pr\u00e9pare \u00e0 des \u00e9lections pr\u00e9sidentielles en juillet, souhaitant montrer par ce geste que cette \u00ab\u00a0visite d&rsquo;amiti\u00e9\u00a0\u00bb ne signifie pas que la France soutient Denis Sassou Nguesso, qui est candidat \u00e0 sa propre succession. \u00ab\u00a0Que cela soit clair : la France ne soutient aucun candidat ! Elle n&rsquo;a pas \u00e0 le faire et je ne suis pas venu pour cela\u00a0\u00bb, a-t-il dit devant le parlement. Plus tard, lors d&rsquo;un d\u00eener officiel, il a soulign\u00e9 qu&rsquo;il \u00e9tait important que le processus \u00e9lectoral \u00ab\u00a0se d\u00e9roule dans la s\u00e9r\u00e9nit\u00e9 et la transparence\u00a0\u00bb, ajoutant : \u00ab\u00a0Rien ne serait pire qu&rsquo;un r\u00e9veil, m\u00eame tr\u00e8s partiel, des vieux d\u00e9mons de la violence politique.\u00a0\u00bb Il avait salu\u00e9 auparavant l&rsquo;action de Denis Sassou Nguesso depuis son retour au pouvoir apr\u00e8s la guerre civile de 1997 qui a permis, selon lui, au Congo de retrouver la stabilit\u00e9 et la s\u00e9curit\u00e9. \u00ab\u00a0Voir Brazzaville reconstruite, Brazzaville apais\u00e9e, c&rsquo;est dire que cette bataille-l\u00e0 vous l&rsquo;avez gagn\u00e9e. Ne vous arr\u00eatez pas en chemin. Il faut gagner toutes les autres et le chemin est encore long\u00a0\u00bb, a-t-il d\u00e9clar\u00e9 \u00e0 l&rsquo;adresse du pr\u00e9sident congolais. Le pr\u00e9sident fran\u00e7ais a encore estim\u00e9 qu&rsquo;avec les importantes ressoures p\u00e9troli\u00e8res du Congo, son potentiel agricole, forestier et minier, \u00ab\u00a0la r\u00e9ussite ne peut \u00eatre qu&rsquo;au rendez-vous et le peuple congolais devrait pouvoir en sentir les b\u00e9n\u00e9fices\u00a0\u00bb. Ces propos ont une r\u00e9sonnance particuli\u00e8re dans un pays qui fait l&rsquo;objet de longue date de nombreuses critiques sur la gestion des revenus de l&rsquo;or noir. Avec le Gabonais Omar Bongo, Denis Sassou Nguesso est au nombre des dirigeants africains qui ont \u00e9t\u00e9 vis\u00e9s en France par des plaintes pour recel de d\u00e9tournement de fonds publics en raison notamment de l&rsquo;importance de leurs investissements immobiliers priv\u00e9s \u00e0 l&rsquo;\u00e9tranger. <\/p>\n<p>Source <\/p>\n<p><a href=\"http:\/\/www.france24.com\/fr\/20090327-uranium-niger-areva-visite-sarkozy-lauvergeon-mamadou-tandja-nucleaire\" title=\"www.france24.com\">France24.com<\/a><\/p>\n<!-- AddThis Advanced Settings generic via filter on the_content --><!-- AddThis Share Buttons generic via filter on the_content -->","protected":false},"excerpt":{"rendered":"<p>\u00a0\u00a0 Nicola Sarkozy est attendu \u00e0 Niamey, derni\u00e8re \u00e9tape de sa tourn\u00e9e africaine. Pays parmi&#8230;<!-- AddThis Advanced Settings generic via filter on get_the_excerpt --><!-- AddThis Share Buttons generic via filter on get_the_excerpt --><\/p>\n","protected":false},"author":1,"featured_media":153,"comment_status":"open","ping_status":"open","sticky":false,"template":"","format":"standard","meta":[],"categories":[6],"tags":[31],"_links":{"self":[{"href":"https:\/\/amagep.co.za\/fr\/wp-json\/wp\/v2\/posts\/154"}],"collection":[{"href":"https:\/\/amagep.co.za\/fr\/wp-json\/wp\/v2\/posts"}],"about":[{"href":"https:\/\/amagep.co.za\/fr\/wp-json\/wp\/v2\/types\/post"}],"author":[{"embeddable":true,"href":"https:\/\/amagep.co.za\/fr\/wp-json\/wp\/v2\/users\/1"}],"replies":[{"embeddable":true,"href":"https:\/\/amagep.co.za\/fr\/wp-json\/wp\/v2\/comments?post=154"}],"version-history":[{"count":0,"href":"https:\/\/amagep.co.za\/fr\/wp-json\/wp\/v2\/posts\/154\/revisions"}],"wp:featuredmedia":[{"embeddable":true,"href":"https:\/\/amagep.co.za\/fr\/wp-json\/wp\/v2\/media\/153"}],"wp:attachment":[{"href":"https:\/\/amagep.co.za\/fr\/wp-json\/wp\/v2\/media?parent=154"}],"wp:term":[{"taxonomy":"category","embeddable":true,"href":"https:\/\/amagep.co.za\/fr\/wp-json\/wp\/v2\/categories?post=154"},{"taxonomy":"post_tag","embeddable":true,"href":"https:\/\/amagep.co.za\/fr\/wp-json\/wp\/v2\/tags?post=154"}],"curies":[{"name":"wp","href":"https:\/\/api.w.org\/{rel}","templated":true}]}}