{"id":1539,"date":"2025-03-02T22:12:12","date_gmt":"2025-03-02T22:12:12","guid":{"rendered":"https:\/\/amagep.co.za\/fr\/?p=1539"},"modified":"2025-03-03T13:01:10","modified_gmt":"2025-03-03T13:01:10","slug":"conseil-de-securite-elargi-et-ses-15-membres-unanimes-en-faveur-de-la-rdc","status":"publish","type":"post","link":"https:\/\/amagep.co.za\/fr\/conseil-de-securite-elargi-et-ses-15-membres-unanimes-en-faveur-de-la-rdc\/","title":{"rendered":"Conseil de S\u00e9curit\u00e9 Elargi et Ses 15 Membres Unanimes en Faveur de la RDC"},"content":{"rendered":"\n<div class=\"wp-block-image\"><figure class=\"aligncenter\"><img src=\"https:\/\/amagep.co.za\/en\/wp-content\/uploads\/2025\/03\/image-1.png\" alt=\"\"\/><\/figure><\/div>\n\n\n\n<p>C\u2019est la premi\u00e8re en Afrique\u00a0! Jamais le monde n\u2019a v\u00e9cu un tel d\u00e9ferlement des plaidoiries pour obtenir un consensus au niveau du Conseil de S\u00e9curit\u00e9 des Nations-Unies. Aussi, c\u2019est une premi\u00e8re que l\u2019empathie, la compassion et la piti\u00e9 que le monde ressentait \u00e0 l\u2019\u00e9gard du Rwanda par rapport au pseudo g\u00e9nocide, ne soient prises en compte dans leurs d\u00e9lib\u00e9rations. Toujours est-il que Kagame utilise ce g\u00e9nocide fabriqu\u00e9 de toutes pi\u00e8ces comme monnaie de change. Le comportement meurtrier de l\u2019arm\u00e9e rwandaise depuis la prise de Bunangana il y a presque 3 ans jusqu\u2019\u00e0 l\u2019assaut final sur Goma et son entr\u00e9e sans combat dans Bukavu, a rencontr\u00e9 la d\u00e9termination du Pr\u00e9sident de la R\u00e9publique Fatshi B\u00e9ton, de sa vaillante Ministre des Affaires Etrang\u00e8res, de la Coop\u00e9ration Internationale et Francophonie \u00e0 l\u2019international, ainsi que celle de la mission permanente de la RDC \u00e0 New York. Les h\u00e9micycles et les hautes tribunes ne les ont pas intimid\u00e9s pour qu\u2019ils s\u2019arr\u00eatent dans leur \u00e9lan de prendre fait et cause en faveur de la RDC contre son agression par Kagame et les RDF. Madame Th\u00e9r\u00e8se Wagner Kayikwamba est une vraie \u00ab\u00a0Amazone\u00a0\u00bb \u00e0 l\u2019instar des celles qui assur\u00e8rent la garde royale dans le Dahomey. Expos\u00e9 des motifs apr\u00e8s expos\u00e9, discours, speechs et moralit\u00e9, ainsi qu\u2019une prompte pr\u00e9sence m\u00e9diatique, elle a su pencher la balance au Conseil de S\u00e9curit\u00e9 des Nations-Unies pour le compte de la nation congolaise. La VPM des Affaires Etrang\u00e8res a retrac\u00e9 l\u2019historique de la m\u00e9chancet\u00e9 meurtri\u00e8re du Rwanda depuis 30 ans face au silence des agneaux qu\u2019a imit\u00e9 toute la communaut\u00e9 internationale avant ce jour. Cette derni\u00e8re n\u2019a pas boug\u00e9 d\u2019un iota depuis les agressions r\u00e9p\u00e9titives lanc\u00e9es par M23 et AFC, soutenus par les RDF rwandaises.<\/p>\n\n\n\n<p>La diplomatie d\u2019un autre niveau d\u00e9ploy\u00e9e par ce tandem de l\u2019ex\u00e9cutif congolais&nbsp; (Pr\u00e9sident Fatshi et Kayikwamba) et la mission permanente contre les sentiments \u00e9motifs du peuple, a fini par payer.<\/p>\n\n\n\n<p>Apr\u00e8s que le Parlement de l\u2019Union Europ\u00e9enne ait vot\u00e9 en faveur des sanctions contre le Rwanda, la Commission devait d\u00e9finir le contexte des sanctions \u00e0 appliquer. Elle s\u2019est but\u00e9e au refus cat\u00e9gorique de la France qui continue \u00e0 prot\u00e9ger son protectorat dans la \u00ab&nbsp;francommonwealth&nbsp;\u00bb. Un seul vote n\u00e9gatif fran\u00e7ais avait paralys\u00e9 tout et les d\u00e9cisions sur les sanctions contre le Rwanda n\u2019avaient pas \u00e9t\u00e9 prises. A ce niveau europ\u00e9en, les d\u00e9cisions sont prises \u00e0 l\u2019unanimit\u00e9 et non \u00e0 la majorit\u00e9 des membres. &nbsp;Les 26 de l\u2019UE ayant vot\u00e9 par l\u2019affirmatif, l\u2019Hexagone a fait le contraire. Dans cet imbroglio, la Belgique n\u2019a pas voulu&nbsp;l\u2019entendre de cette oreille, elle est pass\u00e9e \u00e0 la vitesse sup\u00e9rieure en annon\u00e7ant l\u2019annulation de son aide financi\u00e8re au Rwanda. Toute honte bue, le Rwanda est mont\u00e9 au cr\u00e9neau le 18 f\u00e9vrier 2025 pour d\u00e9clarer qu\u2019il renon\u00e7ait \u00e0 l\u2019aide de la Belgique. Les rapports de force sont tellement clairs qu\u2019in\u00e9gaux&nbsp;; &nbsp;ce sont les rwandais qui ont plus besoin de la Belgique que les belges du Rwanda. Le Royaume Belge est l\u2019ex puissance coloniale et du Rwanda et de la RDC, les deux pays en conflit. Kagame par le biais de son Ministre des Affaires Etrang\u00e8res Olivier Nduhungirehe, accuse le Ministre Belge des Affaires Etrang\u00e8res Maxime Pr\u00e9vot &nbsp;<em>\u00ab&nbsp;d&rsquo;avoir men\u00e9 une campagne agressive en soutien \u00e0 la R\u00e9publique d\u00e9mocratique du Congo (RDC), et de&nbsp;politiser l&rsquo;aide au d\u00e9veloppement.&nbsp;En soutenant la RDC, la Belgique est per\u00e7ue comme prenant parti dans le conflit. Une situation jug\u00e9e inacceptable par le Rwanda, qui consid\u00e8re que&nbsp;cette politique de pression pourrait nuire au financement pour le d\u00e9veloppement&nbsp;\u00bb<\/em><\/p>\n\n\n\n<p>L\u2019Allemagne, quant \u00e0 elle, s\u2019\u00e9tait d\u00e9j\u00e0 prononc\u00e9e, par son Ministre du D\u00e9veloppement,&nbsp; en faveur de la RDC, qu\u2019elle annulait <em>\u00ab les consultations gouvernementales pr\u00e9vues pour f\u00e9vrier avec le Rwanda&nbsp; sur l\u2019aide au d\u00e9veloppement\u00bb<\/em> apr\u00e8s que ce dernier ait proc\u00e8de \u00e0 la violation de l&rsquo;int\u00e9grit\u00e9 territoriale de la RDC. Berlin a exig\u00e9 Kigali de retirer sans d\u00e9lai le M23 et son arm\u00e9e de l\u2019Est de la RDC afin d\u2019esp\u00e9rer reprendre les discussions. C\u2019est la premi\u00e8re cons\u00e9quence de l\u2019agression de la RDC par les RDF et leurs suppl\u00e9tifs du M23 et AFC.<\/p>\n\n\n\n<div class=\"wp-block-image\"><figure class=\"aligncenter\"><img src=\"https:\/\/amagep.co.za\/en\/wp-content\/uploads\/2025\/03\/image.png\" alt=\"\"\/><\/figure><\/div>\n\n\n\n<p>&nbsp;&nbsp;&nbsp;&nbsp;&nbsp;&nbsp;&nbsp;&nbsp;&nbsp;&nbsp;&nbsp;&nbsp;&nbsp;&nbsp;&nbsp;&nbsp;&nbsp;&nbsp;&nbsp;&nbsp;&nbsp;&nbsp;&nbsp;&nbsp;&nbsp;&nbsp;&nbsp;&nbsp;&nbsp;&nbsp;&nbsp;&nbsp;&nbsp;&nbsp;&nbsp;&nbsp;&nbsp;&nbsp;&nbsp;&nbsp;&nbsp;&nbsp;&nbsp;&nbsp;&nbsp;&nbsp;&nbsp;&nbsp;&nbsp;&nbsp;&nbsp;&nbsp;&nbsp;&nbsp;&nbsp;&nbsp;&nbsp;&nbsp; Si\u00e8ge de l\u2019Union Europ\u00e9enne \u00e0 Bruxelles<\/p>\n\n\n\n<p>Grand soutien du Rwanda, les USA&nbsp; n\u2019ont pas laiss\u00e9 la Belgique prendre le large dans sa d\u00e9termination de frapper le Rwanda. Ils ont tap\u00e9 du poing sur la table en imposant des sanctions cibl\u00e9es contre les dirigeants rwandais et du M23. Le Tr\u00e9sor am\u00e9ricain a donn\u00e9 aussi le ton \u00e0 son tour en mordant le porte-monnaie de James Kabarebe et Lawrence Kanyuka qui jouent un r\u00f4le pr\u00e9pond\u00e9rant &nbsp;dans l\u2019establishment et la progression dans l\u2019Est de la RDC du M23 qui b\u00e9n\u00e9ficie du soutien rwandais.<\/p>\n\n\n\n<p>James Kabarebe est un ministre rwandais de la Coop\u00e9ration r\u00e9gionale et ancien chef d\u2019\u00e9tat-major g\u00e9n\u00e9ral de l\u2019arm\u00e9e congolaise &nbsp;\u00e0 l\u2019entr\u00e9e de l\u2019AfDl sous Laurent D\u00e9sir\u00e9 Kabila, avant de rentrer \u00e0 Kigali et y \u00eatre nomm\u00e9 Chef d\u2019Etat-Major G\u00e9n\u00e9ral et Ministre de la D\u00e9fense. C\u2019est lui le promoteur du RCD qui d\u00e9clencha la guerre le 02 Ao\u00fbt 1998 contre la RDC.&nbsp; Plusieurs rapports ont indiqu\u00e9 que &nbsp;James Kaberebe est impliqu\u00e9 dans les exploitations ill\u00e9gales des ressources mini\u00e8res de la RDC dans sa partie Orientale. &nbsp;&nbsp;Quant au porte-parole du M23, Lawrence Kanyuka, il est \u00e9galement le porte-parole de la nouvelle AFC.&nbsp; Sa participation active dans les relents d\u00e9stabilisateurs en RDC lui a valu ce gel des avoirs et l\u2019interdiction \u00e0 ses soci\u00e9t\u00e9s de faire du business d\u2019une certaine cat\u00e9gorie. Kanyuka est propri\u00e9taire de deux soci\u00e9t\u00e9s dont une bas\u00e9e \u00e0 Londres et l\u2019autre \u00e0 Paris. &nbsp;Le D\u00e9partement d\u2019Etat Am\u00e9ricain a justifi\u00e9 les sanctions prise par le Tr\u00e9sor Am\u00e9ricain par rapport \u00e0 des milliers de morts civiles et des d\u00e9placements forc\u00e9s de populations. La crainte d\u2019une expansion r\u00e9gionale du conflit a pouss\u00e9 les USA a lanc\u00e9 les premi\u00e8res sanctions pour stopper la folie des conqu\u00eates de villes.<\/p>\n\n\n\n<p>Kagame et le Rwanda ne s\u2019attendaient gu\u00e8re \u00e0 une telle r\u00e9action rapide de la part de son maitre d\u2019antan. Les USA. Les D\u00e9mocrates partis avec Joe Biden, les R\u00e9publicains de Trump ne pouvaient pas \u00eatre train\u00e9s dans la boue par le r\u00e9gime de Kagame. Les autorit\u00e9s rwandaises rejetaient l\u2019objectivit\u00e9 des rapports des groupes d\u2019experts des Nations-Unies, chaque fois qu\u2019il leur avait \u00e9t\u00e9 demande de quitter les territoires qu\u2019ils occupent en RDC depuis plus de 30 ans.<\/p>\n\n\n\n<p>Arm\u00e9e de l\u2019assistance de la Belgique, la RDC a entrepris un lobbying efficacement muscl\u00e9 aupr\u00e8s des d\u00e9cideurs universels. Beaucoup avaient pr\u00e9dit la d\u00e9route de la diplomatie congolaise. &nbsp;La voil\u00e0 qui a engrang\u00e9 des r\u00e9sultats probants qui vont devoir permettre le rel\u00e8vement de nation congolaise.<\/p>\n\n\n\n<div class=\"wp-block-image\"><figure class=\"alignleft size-large\"><img loading=\"lazy\" width=\"307\" height=\"340\" src=\"https:\/\/amagep.co.za\/fr\/wp-content\/uploads\/2025\/03\/image.png\" alt=\"\" class=\"wp-image-1548\" srcset=\"https:\/\/amagep.co.za\/fr\/wp-content\/uploads\/2025\/03\/image.png 307w, https:\/\/amagep.co.za\/fr\/wp-content\/uploads\/2025\/03\/image-271x300.png 271w\" sizes=\"(max-width: 307px) 100vw, 307px\" \/><figcaption>James Kaberebe<\/figcaption><\/figure><\/div>\n\n\n\n<div class=\"wp-block-image\"><figure class=\"aligncenter size-large is-resized\"><img loading=\"lazy\" src=\"https:\/\/amagep.co.za\/fr\/wp-content\/uploads\/2025\/03\/image-1.png\" alt=\"\" class=\"wp-image-1550\" width=\"247\" height=\"352\" srcset=\"https:\/\/amagep.co.za\/fr\/wp-content\/uploads\/2025\/03\/image-1.png 393w, https:\/\/amagep.co.za\/fr\/wp-content\/uploads\/2025\/03\/image-1-210x300.png 210w\" sizes=\"(max-width: 247px) 100vw, 247px\" \/><figcaption>James Kaberebe<\/figcaption><\/figure><\/div>\n\n\n\n<p>A Kinshasa, les \u00e9chos \u00e9taient tr\u00e8s favorables. Le peuple a accueilli avec joie les sanctions impos\u00e9es \u00e0 ces deux autorit\u00e9s \u2013bourreaux du peuple congolais, &nbsp;qui sont les vrais leaders du M23 et d\u2019AFC. Pendant longtemps le Rwanda a sabord\u00e9 les appels au retrait du M23 appuy\u00e9 par les Rwandan Defense Forces. Ses humeurs r\u00e9fractaires refl\u00e9taient le m\u00e9pris que le pays affichait contre les Nations-Unies. Kinshasa a fait bouger ses pions pour se retrouver du bon c\u00f4t\u00e9 de l\u2019histoire pour le rel\u00e8vement de la population.<\/p>\n\n\n\n<p><strong>La R\u00e9solution 2773<\/strong><\/p>\n\n\n\n<p>Le 21 F\u00e9vrier 2025, les cinq membres permanents du Conseil de S\u00e9curit\u00e9, \u00e0 savoir les USA, la Grande Bretagne, la France, la Chine et la Russie et 10 autres membres si\u00e9geant au Conseil pendant deux ans ont unanimement condamne l\u2019offensive des RDF avec ses suppl\u00e9tifs de M23 et AFC. Il s\u2019agit de l\u2019Alg\u00e9rie, du Danemark,&nbsp; de la Gr\u00e8ce, de la Guyane, du Pakistan, du Panama,&nbsp; de la R\u00e9publique de Cor\u00e9e, de la Sierra L\u00e9one, de la Slov\u00e9nie et de la Somalie. Les efforts combines de tous ces membre ont abouti a l\u2019adoption de la &nbsp;r\u00e9solution 2773 ; une telle unanimit\u00e9 a d\u00e9montr\u00e9 que la question de la paix dans le monde est un dogme. L\u2019apport des A3 +1 (Alg\u00e9rie, Sierra Leone et Somalie) a \u00e9t\u00e9 d\u00e9terminant&nbsp;; sans cet apport la r\u00e9solution n\u2019aurait pu \u00eatre adopt\u00e9e par consensus. Tous les membres du Conseil sont all\u00e9s dans le sens que leur interpellait le devoir d\u2019assurer la s\u00e9curit\u00e9 et la paix dans le monde. La r\u00e9ticence de la France a \u00e9t\u00e9 d\u00e9truite par les arguments d\u2019un lobbying d\u2019aplomb port\u00e9 par certains membres du conseil en faveur de la RDC. Devant cet ouragan des votes positifs en cascade, la France n\u2019eut de choix que celui de rejoindre les autres membres. C\u2019est la France qui a \u00e9t\u00e9 charg\u00e9e de la r\u00e9daction de la r\u00e9solution dont les congolais sont fiers.<\/p>\n\n\n\n<p>La R\u00e9solution exige le retrait imm\u00e9diat du M23 et AFC soutenus par l\u2019arm\u00e9e rwandaise de toutes les villes et provinces occup\u00e9es dans l\u2019imm\u00e9diat. Le texte exige la cessation des hostilit\u00e9s et invite toutes les parties \u00e0 conclure un cessez-le-feu.&nbsp;Cette R\u00e9solution 2773 (2025) par le Conseil de S\u00e9curit\u00e9 a d\u00e9cid\u00e9 que Goma et Bukavu et toutes les zones contr\u00f4l\u00e9es soient lib\u00e9r\u00e9s. Le d\u00e9mant\u00e8lement dans leur int\u00e9gralit\u00e9 des administrations parall\u00e8les ill\u00e9gitimes mises en place sur le territoire de la RDC doit \u00e9galement suivre. Il demande \u00e0 la Force de d\u00e9fense rwandaise de cesser de soutenir le M23 et de se retirer imm\u00e9diatement du territoire de la RDC, sans conditions pr\u00e9alables.&nbsp;Le Conseil demande aux organisations r\u00e9gionales SADC et AEC de d\u00e9ployer des efforts pour la cessation des combats. Il leur demande de collaborer avec la MONUSCO concernant l\u2019application du cessez-le-feu. Le dialogue entre la RDC et le Rwanda devrait continuer en conformit\u00e9 avec le plan \u00e9tabli&nbsp;; il exige l\u2019\u00e9radication des forces d\u00e9stabilisatrices \u2013 les FDLR dans cette r\u00e9gion des Grands-Lacs.<\/p>\n\n\n\n<p>La d\u00e9l\u00e9gation rwandaise pr\u00e9sente au Conseil avait repris son refrain mignon que la RDC \u00ab&nbsp;<em>doit \u00eatre tenue responsable pour avoir soutenu les FDLR et fait de cette milice g\u00e9nocidaire un alli\u00e9 de ses propres forces<\/em>&nbsp;\u00bb. Elle enrichissait par la suite sa th\u00e8se selon laquelle \u00ab&nbsp;<em>les dol\u00e9ances l\u00e9gitimes des Congolais parlant le kinyarwanda doivent \u00eatre prises en compte car elles sont la cause profonde de l\u2019existence du M23<\/em>&nbsp;\u00bb. Une note satisfaisante a \u00e9t\u00e9 que le Rwanda ait r\u00e9affirm\u00e9 son attachement aux processus de Luanda et de Nairobi.&nbsp;<\/p>\n\n\n\n<p>Ici le moment est venu d\u2019interpeller la conscience collective en RDC&nbsp;; c\u2019est d\u00e9plorable que les congolais se soient livr\u00e9s \u00e0 la vandalisassions des ambassades et d\u2019autres repr\u00e9sentations diplomations \u00e0 Kinshasa, sous pr\u00e9texte que les pays repr\u00e9sent\u00e9s, sont de m\u00e8che avec le Rwanda. L\u2019adoption de la r\u00e9solution 2773 est une preuve suffisante que ce sont les \u00e9trangers qui se sont battus pour la cause congolaise et non le contraire&nbsp;; les m\u00eames \u00e9trangers qui furent hier objets de manifestations anti occidentales. Le peuple congolais s\u2019est fait remarquer dans les inutilit\u00e9s tels que la corruption, la trahison, la haine, le clanisme ou le tribalisme. Il n\u2019a jamais pens\u00e9 \u00e0 son propre avenir, laissant les autres le faire \u00e0 sa place. Le silence de cath\u00e9drale observ\u00e9 dans la classe politique, surtout dans l\u2019Union Sacr\u00e9e, pr\u00e9sagerait la lutte pour le repositionnement. Certains commen\u00e7aient \u00e0 colmater les br\u00e8ches en se dissociant du&nbsp; r\u00e9gime actuel &nbsp;pour se faire \u00ab&nbsp;alli\u00e9s&nbsp;\u00bb des nouveaux pouvoirs incarn\u00e9s par Nangaa quand il prendra le pouvoir en tant que pr\u00e9sident de la RDC. D\u2019autres, en revanche, monnayaient leur adh\u00e9sion \u00e0 l\u2019AFC et M23 pour \u00eatre en odeur de saintet\u00e9 avec eux. La mal organisation de l\u2019arm\u00e9e au front aura \u00e9t\u00e9 une catastrophe nationale, les chefs de r\u00e9giments et des bataillons prenaient la poudre d\u2019escampette vers des lieux s\u00e9curis\u00e9s, abandonnant les hommes de troupe \u00e0 leur propre sort. Les g\u00e9n\u00e9raux dans l\u2019arm\u00e9e&nbsp; nomm\u00e9s par complaisance pour la plupart, ont failli dans leur mission de s\u00e9curiser le pays et de d\u00e9fendre le peuple. Ils ont brill\u00e9 par une incomp\u00e9tence notoirement d\u00e9testable&nbsp;; leur nombre dans une arm\u00e9e vieillissante, ne corrobore nullement avec le degr\u00e9 de bravoure qui s\u2019y trouverait. Le patriotisme et l\u2019unit\u00e9 nationale ne sont que des narratifs vides de nuance. Honte \u00e0 Vous&nbsp;!&nbsp;<\/p>\n<!-- AddThis Advanced Settings generic via filter on the_content --><!-- AddThis Share Buttons generic via filter on the_content -->","protected":false},"excerpt":{"rendered":"<p>C\u2019est la premi\u00e8re en Afrique\u00a0! Jamais le monde n\u2019a v\u00e9cu un tel d\u00e9ferlement des plaidoiries&#8230;<!-- AddThis Advanced Settings generic via filter on get_the_excerpt --><!-- AddThis Share Buttons generic via filter on get_the_excerpt --><\/p>\n","protected":false},"author":7,"featured_media":1546,"comment_status":"open","ping_status":"open","sticky":false,"template":"","format":"standard","meta":[],"categories":[6],"tags":[],"_links":{"self":[{"href":"https:\/\/amagep.co.za\/fr\/wp-json\/wp\/v2\/posts\/1539"}],"collection":[{"href":"https:\/\/amagep.co.za\/fr\/wp-json\/wp\/v2\/posts"}],"about":[{"href":"https:\/\/amagep.co.za\/fr\/wp-json\/wp\/v2\/types\/post"}],"author":[{"embeddable":true,"href":"https:\/\/amagep.co.za\/fr\/wp-json\/wp\/v2\/users\/7"}],"replies":[{"embeddable":true,"href":"https:\/\/amagep.co.za\/fr\/wp-json\/wp\/v2\/comments?post=1539"}],"version-history":[{"count":2,"href":"https:\/\/amagep.co.za\/fr\/wp-json\/wp\/v2\/posts\/1539\/revisions"}],"predecessor-version":[{"id":1551,"href":"https:\/\/amagep.co.za\/fr\/wp-json\/wp\/v2\/posts\/1539\/revisions\/1551"}],"wp:featuredmedia":[{"embeddable":true,"href":"https:\/\/amagep.co.za\/fr\/wp-json\/wp\/v2\/media\/1546"}],"wp:attachment":[{"href":"https:\/\/amagep.co.za\/fr\/wp-json\/wp\/v2\/media?parent=1539"}],"wp:term":[{"taxonomy":"category","embeddable":true,"href":"https:\/\/amagep.co.za\/fr\/wp-json\/wp\/v2\/categories?post=1539"},{"taxonomy":"post_tag","embeddable":true,"href":"https:\/\/amagep.co.za\/fr\/wp-json\/wp\/v2\/tags?post=1539"}],"curies":[{"name":"wp","href":"https:\/\/api.w.org\/{rel}","templated":true}]}}