{"id":1523,"date":"2025-02-13T13:08:12","date_gmt":"2025-02-13T13:08:12","guid":{"rendered":"https:\/\/amagep.co.za\/fr\/?p=1523"},"modified":"2025-02-15T14:45:32","modified_gmt":"2025-02-15T14:45:32","slug":"therese-kayikwamba-wagner-lheroine-muzalendo-de-la-diplomatie-congolaise","status":"publish","type":"post","link":"https:\/\/amagep.co.za\/fr\/therese-kayikwamba-wagner-lheroine-muzalendo-de-la-diplomatie-congolaise\/","title":{"rendered":"Th\u00e9r\u00e8se Kayikwamba Wagner: L\u2019H\u00e9ro\u00efne Muzalendo de la Diplomatie Congolaise"},"content":{"rendered":"\n<figure class=\"wp-block-image size-large\"><img loading=\"lazy\" width=\"564\" height=\"482\" src=\"https:\/\/amagep.co.za\/fr\/wp-content\/uploads\/2025\/02\/image-3.jpeg\" alt=\"Illustration.\" class=\"wp-image-1524\" srcset=\"https:\/\/amagep.co.za\/fr\/wp-content\/uploads\/2025\/02\/image-3.jpeg 564w, https:\/\/amagep.co.za\/fr\/wp-content\/uploads\/2025\/02\/image-3-300x256.jpeg 300w\" sizes=\"(max-width: 564px) 100vw, 564px\" \/><\/figure>\n\n\n\n<p>Elle s\u2019assume sans l\u00e9siner sur les moyens dans ses prises de position par ses intransigeance et imperturbabilit\u00e9. Wagner Kayikwamba Th\u00e9r\u00e8se est l\u2019architecte des \u00e9chafaudages politico-diplomatiques que son pays, la RDC, hisse pour faire plier le Rwanda. Elle n\u2019h\u00e9site nullement \u00e0 franchir les plus hauts et les plus larges \u00ab&nbsp;Rubicons&nbsp;\u00bb de l\u2019impossible pour faire valoir la pesanteur de la RDC dans la balance sur l\u2019\u00e9chiquier international. Son background d\u2019Assistante Politique et Officier charg\u00e9e des Affaires Politiques pr\u00e8s l\u2019Envoy\u00e9 Sp\u00e9cial du Secr\u00e9taire G\u00e9n\u00e9ral des Nations \u2013Unies dans la R\u00e9gion des Grands Lacs, Xia Huang, \u00e0 l\u2019\u00e9poque,&nbsp; t\u00e9moigne du volume de son r\u00e9pertoire cognitif de l\u2019environnement belliqueux nourri par les forces du mal qui y pr\u00e9vaut. Sa connaissance des Grands Lacs et du Rwanda pour y avoir travaill\u00e9 au sein de l\u2019Agence de Coop\u00e9ration Internationale Allemande pour le D\u00e9veloppement \u2013 GIZ, est un gage de s\u00e9curit\u00e9 qui renforce le sentiment de confiance en elle.<\/p>\n\n\n\n<p>Actuelle G\u00e9n\u00e9rale de l\u2019arm\u00e9e diplomatique congolaise, elle a jonch\u00e9 les si\u00e8ges des d\u00e9cideurs r\u00e9gionaux, africains et internationaux au moyen des \u00e9pines et clous pour leur chatouiller le post\u00e9rieur \u00e0 tout moment qu\u2019ils veillent s\u2019asseoir. Le but, le sempiternel rappel aux dirigeants du monde d\u2019avoir une ou\u00efe fine &nbsp;aux atrocit\u00e9s et barbaries commises par les terroristes du M23 appuy\u00e9s par Rwandan Defense Forces \u2013 Forces de D\u00e9fense Rwandaises, dans l\u2019est de la RDC et surtout lors de leur incursion meurtri\u00e8re le 25 janvier 2025.<\/p>\n\n\n\n<p>Depuis sa prise des fonctions le 13 juin 2024, la Ministre d\u2019Etat, Ministre des Affaires&nbsp; Etrang\u00e8res, de la Coop\u00e9ration Internationale et de la Francophonie a foul\u00e9 les parvis des halls o\u00f9 s\u2019enferment les hommes et les femmes forts du monde brass\u00e9s en puissantes organisations internationales, pour faire entendre la voix de la RDC. En amont, qu\u2019elle ait d\u00e9j\u00e0 montr\u00e9 des signes pr\u00e9curseurs de sa volont\u00e9 de manager&nbsp; la diplomatie congolaise autrement, c\u2019est l\u2019attaque sur Goma par les meurtriers terroristes rwandais qui aura \u00e9t\u00e9 le facteur d\u00e9clencheur de sa fougue. Jamais la RDC n\u2019a connu des Ministres \u00e0 ce poste qui soient aussi perspicaces et fougueux que Kayikwamba, hormis son pr\u00e9d\u00e9cesseur &nbsp;Lutundala dans l\u2019hypoth\u00e8se du contraire, &nbsp;qui arborait des confrontations directes. Avec Madame Wagner, c\u2019est une diplomatie qu\u2019elle m\u00e8ne avec parcimonie. Son opini\u00e2tret\u00e9 et sa perle oratoire convaincante font d\u2019elle le chouchou des stations de t\u00e9l\u00e9vision et de radio partout au monde. Son intarissable loquacit\u00e9, son vocabulaire excellemment riche et son apparence \u00ab&nbsp;goliathissime&nbsp;\u00bb assur\u00e9e, font d\u2019elle un refuge et un appui, un secours toujours pr\u00e9sent quand la RDC est en d\u00e9tresse, surtout en ce moment.<\/p>\n\n\n\n<p>Impavide lors des points ou conf\u00e9rences de presse et interviews en apart\u00e9, Madame Kayikwamba Wagner avait abaiss\u00e9 les regards hautains du Rwanda lors de sa costaude prestation en anglais au Conseil de S\u00e9curit\u00e9 des Nations Unies le 28 janvier 2025, dont une partie est reprise verbatim comme suit (traduction):<\/p>\n\n\n\n<p><em>\u00ab \u2026tout d\u2019abord, je voudrais souligner que pour la premi\u00e8re fois lors de nos rencontres, le Rwanda a pr\u00e9sent\u00e9 ses condol\u00e9ances pour les soldats de la paix tomb\u00e9s pendant l\u2019assaut. Cependant, je voudrais rectifier quelque chose : les soldats de la paix ne sont pas simplement morts dans le processus, les soldats de la paix ont \u00e9t\u00e9 tu\u00e9s. Deuxi\u00e8mement, les forces de la SADC ou SAMI-RDC n\u2019ont pas \u00e9t\u00e9 d\u00e9ploy\u00e9es unilat\u00e9ralement par la RDC mais plut\u00f4t avec le mandat de l\u2019UA, une organisation dont le Rwanda fait partie, m\u00eame si son comportement en RDC bafoue clairement ses principes. Troisi\u00e8mement, le M23 s\u2019est exclu du processus de Nairobi en renouvelant ses attaques contre les FARDC, le gouvernement de la RDC a n\u00e9anmoins exprim\u00e9 sa volont\u00e9 de r\u00e9int\u00e9grer le M23 dans le processus de Nairobi. Nous rejetons l\u2019obsession du Rwanda et ses tentatives d\u2019\u00e9lever le M23 au rang d\u2019interlocuteur jug\u00e9 cr\u00e9dible \u00e0 s\u2019asseoir \u00e0 la m\u00eame table que le gouvernement l\u00e9gitime. Trente ans plus tard, nous n\u2019avons jamais abaiss\u00e9 nos attentes et nos exigences envers le Rwanda pour qu\u2019il discute avec ses fr\u00e8res et s\u0153urs \u2013 les FDLR qui sont toujours dans notre pays \u2013 nous ne nous sommes jamais abaiss\u00e9s \u00e0 ce niveau. Quatri\u00e8mement, sur le changement de r\u00e9gime, nous rappellerons \u00e0 la d\u00e9l\u00e9gation rwandaise que le M23 et l\u2019AFC ont exprim\u00e9 \u00e0 plusieurs reprises leur intention de marcher sur Kinshasa, le m\u00eame M23 que les forces rwandaises soutiennent en ce moment. Il y a une subtilit\u00e9 qu\u2019il ne faut n\u00e9gliger entre les paroles et les actes. Les actions du Rwanda aux c\u00f4t\u00e9s du M23 sont des actions dont l\u2019objectif est de renverser un gouvernement \u00e9tabli de fa\u00e7on l\u00e9gitime\u2026 \u00bb<\/em><\/p>\n\n\n\n<p>Un t\u00e9moignage \u00e9loquemment r\u00e9v\u00e9lateur et affermissant de sa t\u00e9m\u00e9rit\u00e9&nbsp;; Madame la Ministre des Affaires Etrang\u00e8res ne recule jamais face aux al\u00e9as de l\u2019histoire des nations qui font du Rwanda leur proxy. &nbsp;&nbsp;Aujourd\u2019hui encore, elle a pris l\u2019initiative de s\u2019adresser aux dirigeants des \u00e9quipes de football qui portent \u00ab&nbsp;Visit Rwanda&nbsp;\u00bb sur leurs vareuses. Les clubs d\u2019Arsenal, de Bayern Munich et de Paris Saint Germain ont re\u00e7u des lettres officielles que la Ministre Kayikwamba leur a \u00e9crites. Elle se plaint de ce soutien continu pendant que le Rwanda massacre les innocents en RDC. Aussi, elle d\u00e9nonce cette trilogie Tuerie- Pillage-Argent que pratique le Rwanda pour honorer ses sponsorings. D\u00e9sormais \u00ab&nbsp;Visit Rwanda&nbsp;\u00bb devrait \u00eatre abandonn\u00e9 et le sponsoring annul\u00e9. En revanche \u00ab&nbsp;Visit Congo Blood&nbsp;in Rwanda\u00bb ferait bonne affaire. Kayikwamba est sur tous les fronts pour obtenir la condamnation du Rwanda et des sanctions \u00e0 l\u2019encontre de ce dernier.<\/p>\n\n\n\n<p>Gestionnaire R\u00e9gionale de Programme pour l\u2019Afrique Subsaharienne chez Meta, son dernier poste avant l\u2019appel de Madame la Premi\u00e8re Ministre, Suminwa Tuluka de rejoindre le gouvernement, elle fr\u00e9mit les fondements de la g\u00e9opolitique et les \u00e9branle. &nbsp;&nbsp;Elle donne l\u2019air de planer sur les ailes du vent par l\u2019expertise qu\u2019elle d\u00e9gage lorsqu\u2019elle est impliqu\u00e9e dans les efforts en qu\u00eate des solutions aux crises pour faire cesser les combats et stopper les d\u00e9placements massifs de populations. Sa riche exp\u00e9rience onusienne pour avoir \u0153uvr\u00e9 au sein de la MONUSCO en RDC et de la MINUSCA en R\u00e9publique Centre Africaine lui serve d\u2019appuis sans complaisance dans l\u2019accomplissement de ses devoirs.<\/p>\n\n\n\n<figure class=\"wp-block-image size-large\"><img loading=\"lazy\" width=\"534\" height=\"370\" src=\"https:\/\/amagep.co.za\/fr\/wp-content\/uploads\/2025\/02\/image-4.jpeg\" alt=\"\" class=\"wp-image-1525\" srcset=\"https:\/\/amagep.co.za\/fr\/wp-content\/uploads\/2025\/02\/image-4.jpeg 534w, https:\/\/amagep.co.za\/fr\/wp-content\/uploads\/2025\/02\/image-4-300x208.jpeg 300w\" sizes=\"(max-width: 534px) 100vw, 534px\" \/><\/figure>\n\n\n\n<p>La quarantaine r\u00e9volue et un peu plus, le jeune \u00e2ge de la Ministre d\u2019Etat et Ministre des Affaires Etrang\u00e8res, de la Coop\u00e9ration Internationale et Francophonie, ne la pr\u00e9dispose pas \u00e0 gober les vell\u00e9it\u00e9s vexatoires de quiconque, le Rwanda en premier. Les reniements de ce dernier au regard de son implication dans cette guerre&nbsp; et son lapin pos\u00e9 au processus de Luanda ont accouch\u00e9 d\u2019un d\u00e9gout qualifi\u00e9 par Th\u00e9r\u00e8se Kayikwamba d\u2019absence d\u2019\u00e9l\u00e9gance diplomatique dans le chef de Kagame. L\u2019\u00e2ge n\u2019\u00e9tant qu\u2019un chiffre, c\u2019est aux \u00e2mes bien n\u00e9es que la valeur n\u2019attend point le nombre des ann\u00e9es. Elle brise les rousp\u00e9tances avec une verge de fer en d\u00e9pit des dissensions qui frisent la perversit\u00e9 chaque fois que la cause congolaise est annonc\u00e9e. Un art \u00e0 l\u2019essence des traits singuliers puis\u00e9s dans la p\u00e9dagogie dont elle est bacheli\u00e8re \u00e0 l\u2019Universit\u00e9 de Mayence en Allemagne<\/p>\n\n\n\n<p>Son globe-trotting aidant, la Ministre d\u2019Etat jouit d\u2019un polyglottisme rh\u00e9torique outrecuident, elle transcende si ais\u00e9ment les barri\u00e8res linguistiques qu\u2019elle est toujours aux aguets pour que la s\u00e9mantique des speechs ne reste tordue lors des assisses et des \u00e9changes. Couramment &nbsp;\u00e0 l\u2019aise en Fran\u00e7ais, en Allemand et en Anglais, Madame la Ministre manie ces langues avec comp\u00e9tence&nbsp;et&nbsp;diligence professionnelle voulue.&nbsp;Depuis sa nomination, les plaidoiries en faveur de la RDC entreprises aux Nations Unies, \u00e0 l\u2019Union Europ\u00e9enne, aux Droits de l\u2019Homme, devant les diff\u00e9rents Parlements etc. sont exerc\u00e9es dans la langue que dicte l\u2019environnement. C\u2019est l\u00e0 que ses qualit\u00e9s d\u2019anthropologue lui servent d\u2019outils pour naviguer politiquement.<\/p>\n\n\n\n<p>Son cursus \u00e9ducationnel comprend des titres acad\u00e9miques d\u2019envergure \u00e0 la suite de ses passages universitaires fructueux \u00e0 Louvain la Neuve, au Kennedy Havard School, au Fordham University, Havard Law School&nbsp;; sans oublier les accolades obtenues de Studienstiftung des Deutschen Volkes, &nbsp;United Nations OCHA,&nbsp; FBA (Folke Bernadotte Academy, Centre des Strat\u00e9gies sur la S\u00e9curit\u00e9 de Gen\u00e8ve (Geneva Centre for Security Policy)et Swisspeace. Toujours est-il qu\u2019en d\u00e9pit de ce parcours acad\u00e9mique richement \u00e9toff\u00e9, Th\u00e9r\u00e8se \u00e9prouve des remords pour avoir rat\u00e9 d\u2019int\u00e9grer la prestigieuse Universit\u00e9 de Columbia aux USA, suite \u00e0 une h\u00e9sitation qui lui fit manquer de confiance en soi petitement.<\/p>\n\n\n\n<figure class=\"wp-block-image size-large\"><img loading=\"lazy\" width=\"636\" height=\"434\" src=\"https:\/\/amagep.co.za\/fr\/wp-content\/uploads\/2025\/02\/image-5.jpeg\" alt=\"\" class=\"wp-image-1526\" srcset=\"https:\/\/amagep.co.za\/fr\/wp-content\/uploads\/2025\/02\/image-5.jpeg 636w, https:\/\/amagep.co.za\/fr\/wp-content\/uploads\/2025\/02\/image-5-300x205.jpeg 300w\" sizes=\"(max-width: 636px) 100vw, 636px\" \/><\/figure>\n\n\n\n<p>Master en poche, ses performances internationales \u00e0 longueur des journ\u00e9es en faveur de la RDC ne font douter quiconque de sa maitrise des questions relatives aux efforts de paix dans l\u2019optique de sauver les vies humaines. L\u2019universit\u00e9 de Columbia reste un lointain souvenir&nbsp; d\u00e9sagr\u00e9able pendant que le devoir pour la nation l\u2019appelle r\u00e9p\u00e9titivement.&nbsp; Ainsi, il y a deux mois, dira-t-elle aux Nations-Unies&nbsp;: \u00ab&nbsp; <em>Madame la Pr\u00e9sidente, merci de m\u2019avoir accord\u00e9 \u00e0 nouveau&nbsp; la parole. Je serai br\u00e8ve mais je me dois de r\u00e9pondre avec la plus grande clart\u00e9 et fermet\u00e9 face aux arguments avanc\u00e9s par le repr\u00e9sentant permanent du Rwanda. D\u2019embl\u00e9e, soyons clairs&nbsp;: je ne bl\u00e2me pas le Rwanda pour tous les maux de la R\u00e9publique D\u00e9mocratique du Congo. Je bl\u00e2me le Rwanda pour la pr\u00e9sence ill\u00e9gale de ses troupes sur notre territoire. Le massacre de Kishishi, le bombardement du camp des d\u00e9plac\u00e9s de Mungunga, le pillage syst\u00e9matique de nos ressources naturelles et les attaques contre les soldats de la paix des Nations Unies et de la SADC. Je bl\u00e2me donc le Rwanda pour les violations de la charte des Nations Unies. Ces actes sont tous des crimes qui ne rel\u00e8vent donc pas d\u2019un malentendu ou des diff\u00e9rends bilat\u00e9raux. Ces faits, Madame la Pr\u00e9sidente&nbsp; ne rel\u00e8vent pas des sp\u00e9culations, ils sont document\u00e9s, corrobor\u00e9s et grav\u00e9s dans les rapports des Nations-Unies. Je prends premi\u00e8rement note de la posture du Rwanda qui doute de l\u2019objectivit\u00e9 des experts des Nations-Unies. Le Rwanda avance que la R\u00e9publique D\u00e9mocratique du Congo est confront\u00e9e \u00e0 des nombreux groupes arm\u00e9s. Et oui&nbsp;!&nbsp; C\u2019est un fait.&nbsp; Mais cet aveu de la complexit\u00e9 de notre contexte s\u00e9curitaire ne saurait servir de justification \u00e0 ses propres violations de notre souverainet\u00e9.&nbsp; Ce n\u2019est pas parce que d\u2019autres d\u00e9fis existent que son soutien au M23 ou la pr\u00e9sence de ses troupes en R\u00e9publique D\u00e9mocratique du Congo en devienne excusable. Je le dis avec force, l\u2019appr\u00e9ciation du Rwanda sur nos d\u00e9fis internes ne lui donne aucun droit d\u2019y intervenir.&nbsp; Le Rwanda \u00e9voque aussi l\u2019id\u00e9e que le M23 repr\u00e9senterait des communaut\u00e9s marginalis\u00e9es, permettez-moi de poser une question simple \u00e0 cette assembl\u00e9e. Depuis quand les massacres, des d\u00e9placements forc\u00e9s et la r\u00e9organisation d\u00e9mographique des territoires sont-ils des moyens l\u00e9gitimes pour&nbsp; r\u00e9pondre \u00e0 des revendications ethniques et sociales&nbsp;? Le M23 ne d\u00e9fend aucune cause, il ex\u00e9cute une strat\u00e9gie dict\u00e9e par les int\u00e9r\u00eats du Rwanda. Le groupe d\u2019experts l\u2019a d\u00e9montr\u00e9, il ne s\u2019agit pas de d\u00e9fendre les minorit\u00e9s mais de contr\u00f4ler les ressources et d\u2019affaiblir la souverainet\u00e9 de la R\u00e9publique D\u00e9mocratique du Congo\u2026&nbsp;\u00bb<\/em><\/p>\n\n\n\n<p>Que de la magnificence&nbsp;! Une G\u00e9n\u00e9rale d\u2019Arm\u00e9e Diplomatique qui fait du bon boulot est une H\u00e9ro\u00efne Muzalendo \u00e0 jamais&nbsp;!<\/p>\n<!-- AddThis Advanced Settings generic via filter on the_content --><!-- AddThis Share Buttons generic via filter on the_content -->","protected":false},"excerpt":{"rendered":"<p>Elle s\u2019assume sans l\u00e9siner sur les moyens dans ses prises de position par ses intransigeance&#8230;<!-- AddThis Advanced Settings generic via filter on get_the_excerpt --><!-- AddThis Share Buttons generic via filter on get_the_excerpt --><\/p>\n","protected":false},"author":7,"featured_media":1524,"comment_status":"open","ping_status":"open","sticky":false,"template":"","format":"standard","meta":[],"categories":[6],"tags":[],"_links":{"self":[{"href":"https:\/\/amagep.co.za\/fr\/wp-json\/wp\/v2\/posts\/1523"}],"collection":[{"href":"https:\/\/amagep.co.za\/fr\/wp-json\/wp\/v2\/posts"}],"about":[{"href":"https:\/\/amagep.co.za\/fr\/wp-json\/wp\/v2\/types\/post"}],"author":[{"embeddable":true,"href":"https:\/\/amagep.co.za\/fr\/wp-json\/wp\/v2\/users\/7"}],"replies":[{"embeddable":true,"href":"https:\/\/amagep.co.za\/fr\/wp-json\/wp\/v2\/comments?post=1523"}],"version-history":[{"count":1,"href":"https:\/\/amagep.co.za\/fr\/wp-json\/wp\/v2\/posts\/1523\/revisions"}],"predecessor-version":[{"id":1527,"href":"https:\/\/amagep.co.za\/fr\/wp-json\/wp\/v2\/posts\/1523\/revisions\/1527"}],"wp:featuredmedia":[{"embeddable":true,"href":"https:\/\/amagep.co.za\/fr\/wp-json\/wp\/v2\/media\/1524"}],"wp:attachment":[{"href":"https:\/\/amagep.co.za\/fr\/wp-json\/wp\/v2\/media?parent=1523"}],"wp:term":[{"taxonomy":"category","embeddable":true,"href":"https:\/\/amagep.co.za\/fr\/wp-json\/wp\/v2\/categories?post=1523"},{"taxonomy":"post_tag","embeddable":true,"href":"https:\/\/amagep.co.za\/fr\/wp-json\/wp\/v2\/tags?post=1523"}],"curies":[{"name":"wp","href":"https:\/\/api.w.org\/{rel}","templated":true}]}}