{"id":152,"date":"2009-03-25T16:05:31","date_gmt":"2009-03-25T16:05:31","guid":{"rendered":"https:\/\/amagep.co.za\/fr\/2009\/03\/25\/le-president-omar-el-bechir-en-visite-en-egypte\/"},"modified":"2009-03-25T16:05:31","modified_gmt":"2009-03-25T16:05:31","slug":"le-president-omar-el-bechir-en-visite-en-egypte","status":"publish","type":"post","link":"https:\/\/amagep.co.za\/fr\/le-president-omar-el-bechir-en-visite-en-egypte\/","title":{"rendered":"Le pr\u00e9sident Omar el-B\u00e9chir en visite en \u00c9gypte"},"content":{"rendered":"<h2 class=\"f_intro\"><img loading=\"lazy\" class=\" size-full wp-image-151\" src=\"https:\/\/amagep.co.za\/fr\/wp-content\/uploads\/2009\/03\/el-bechir-soudan-darfour_100.jpg\" border=\"0\" width=\"605\" height=\"400\" srcset=\"https:\/\/amagep.co.za\/fr\/wp-content\/uploads\/2009\/03\/el-bechir-soudan-darfour_100.jpg 605w, https:\/\/amagep.co.za\/fr\/wp-content\/uploads\/2009\/03\/el-bechir-soudan-darfour_100-300x198.jpg 300w\" sizes=\"(max-width: 605px) 100vw, 605px\" \/>\u00a0\u00a0<\/h2>\n<h2 class=\"f_intro\">\u00a0 <\/p>\n<p style=\"margin: 0cm 0cm 10pt\" class=\"MsoNormal\"><font face=\"Calibri\" size=\"3\" color=\"#000000\">Apr\u00e8s l\u2019Erythr\u00e9e, le pr\u00e9sident Soudanais Omar el-B\u00e9chir, recherch\u00e9 par la Cour p\u00e9nale internationale (CPI), est en visite au caire, o\u00f9 il doit rencontrer le pr\u00e9sident Hosni Moubarak. L\u2019Egypte n\u2019a pas sign\u00e9 le trait\u00e9 instituant la CPI. <\/font><\/p>\n<p> <!--more--> <\/h2>\n<p class=\"f_intro\">Le pr\u00e9sident soudanais Omar el-B\u00e9chir, sous le coup d&rsquo;un mandat d&rsquo;arr\u00eat de la Cour p\u00e9nale internationale (CPI), est arriv\u00e9 mercredi au Caire pour y rencontrer son homologue \u00e9gyptien Hosni Moubarak, a indiqu\u00e9 \u00e0 l&rsquo;AFP une source a\u00e9roportuaire.<\/p>\n<p>M. B\u00e9chir, venant de Khartoum, est arriv\u00e9 vers 12H30 (10H30 GMT), a pr\u00e9cis\u00e9 cette source.<\/p>\n<p>Cette visite est la deuxi\u00e8me \u00e0 l&rsquo;\u00e9tranger du pr\u00e9sident soudanais depuis l&rsquo;\u00e9mission d&rsquo;un mandat d&rsquo;arr\u00eat par la CPI le 4 mars, pour crimes de guerre et crimes contre l&rsquo;humanit\u00e9 au Darfour, r\u00e9gion de l&rsquo;ouest du Soudan en proie depuis 2003 \u00e0 la guerre civile.<\/p>\n<p><!-- conteneur -->Un responsable \u00e9gyptien sous le couvert de l&rsquo;anonymat avait affirm\u00e9 mardi que le pr\u00e9sident B\u00e9chir devait se rendre au Caire mercredi, mais l&rsquo;information n&rsquo;avait pas \u00e9t\u00e9 confirm\u00e9e par Khartoum.<\/p>\n<p>Comme la plupart des pays arabes, \u00e0 l&rsquo;exception de la Jordanie et des Comores, l&rsquo;Egypte n&rsquo;est pas signataire du trait\u00e9 de Rome instituant la Cour p\u00e9nale internationale.<\/p>\n<p>Le Caire avait demand\u00e9 \u00e0 la CPI de surseoir \u00e0 l&rsquo;inculpation du pr\u00e9sident soudanais, se d\u00e9clarant \u00ab\u00a0tr\u00e8s troubl\u00e9\u00a0\u00bb par sa d\u00e9cision de d\u00e9livrer un mandat d&rsquo;arr\u00eat \u00e0 son encontre.<\/p>\n<p>Les autorit\u00e9s \u00e9gyptiennes avaient estim\u00e9 que ce mandat d&rsquo;arr\u00eat risquait d&rsquo;avoir \u00ab\u00a0des cons\u00e9quences dangereuses sur la situation au Darfour et au Soudan en g\u00e9n\u00e9ral\u00a0\u00bb.<\/p>\n<p>Le Darfour (ouest du Soudan) est le th\u00e9\u00e2tre d&rsquo;une guerre civile qui a fait 300.000 morts depuis 2003, selon l&rsquo;ONU &#8211;10.000 selon Khartoum&#8211; et 2,7 millions de d\u00e9plac\u00e9s.<\/p>\n<p>Les 22 membres de la Ligue arabe, dont le si\u00e8ge est au Caire, comme les 53 Etats de l&rsquo;Union africaine (UA), se sont prononc\u00e9s contre le mandat de la CPI. Ils ont entam\u00e9 des proc\u00e9dures aupr\u00e8s du Conseil de s\u00e9curit\u00e9 de l&rsquo;ONU pour qu&rsquo;il suspende la proc\u00e9dure \u00e0 l&rsquo;encontre de M. B\u00e9chir.<\/p>\n<p>Lundi, le pr\u00e9sident soudanais s&rsquo;\u00e9tait rendu en Erythr\u00e9e pour son premier voyage officiel \u00e0 l&rsquo;\u00e9tranger depuis le mandat d&rsquo;arr\u00eat.<\/p>\n<p>Il est aussi question qu&rsquo;il se rende au sommet arabe fin mars au Qatar, pays non signataire du trait\u00e9 de Rome.<\/p>\n<p>Mais le comit\u00e9 des oul\u00e9mas soudanais a r\u00e9cemment \u00e9mis une fatwa d\u00e9conseillant au chef de l&rsquo;Etat de se rendre \u00e0 ce sommet, car il pourrait tomber dans un pi\u00e8ge tendu par \u00ab\u00a0des ennemis de Dieu et de la souverainet\u00e9 nationale\u00a0\u00bb.<\/p>\n<p>Mardi, les Etats-Unis ont indiqu\u00e9 qu&rsquo;ils n&rsquo;\u00e9taient pas soumis \u00e0 \u00ab\u00a0l&rsquo;obligation juridique\u00a0\u00bb de proc\u00e9der \u00e0 l&rsquo;arrestation d&rsquo;Omar el-B\u00e9chir, n&rsquo;\u00e9tant pas signataires du trait\u00e9 de Rome \u00e0 l&rsquo;origine de la CPI.<\/p>\n<p>Le pr\u00e9sident de la commission des Affaires \u00e9trang\u00e8res de l&rsquo;Assembl\u00e9e \u00e9gyptienne, Mostafa El-Fiqi, a estim\u00e9 mardi \u00ab\u00a0que la justice internationale est devenue arbitraire\u00a0\u00bb pratiquant \u00ab\u00a0une politique de deux poids, deux mesures\u00a0\u00bb.<\/p>\n<p>\u00ab\u00a0A l&rsquo;heure o\u00f9 le pr\u00e9sident soudanais fait l&rsquo;objet d&rsquo;un mandat d&rsquo;arr\u00eat international, les vrais auteurs des crimes de guerre se prom\u00e8nent en toute libert\u00e9 dans les rues d&rsquo;Isra\u00ebl tout en jouissant d&rsquo;un soutien am\u00e9ricain injuste\u00a0\u00bb, \u00e9crivait-il dans le quotidien gouvernemental al-Ahram.<\/p>\n<p>Apr\u00e8s la d\u00e9cision de la Cour, Khartoum a ordonn\u00e9 l&rsquo;expulsion de 13 des plus importantes ONG internationales actives au Darfour, en les accusant de collaboration avec la CPI et d&rsquo;espionnage.<\/p>\n<p class=\"f_intro\">Source<\/p>\n<p class=\"f_intro\"><a href=\"http:\/\/www.france24.com\/fr\/20090325-president-el-bechir-attendu-caire-egypte-soudan-darfour-cpi-moubarak-hosni-omar\" title=\"www.france24.com\">France24<\/a><\/p>\n<!-- AddThis Advanced Settings generic via filter on the_content --><!-- AddThis Share Buttons generic via filter on the_content -->","protected":false},"excerpt":{"rendered":"<p>\u00a0\u00a0 \u00a0 Apr\u00e8s l\u2019Erythr\u00e9e, le pr\u00e9sident Soudanais Omar el-B\u00e9chir, recherch\u00e9 par la Cour p\u00e9nale internationale&#8230;<!-- AddThis Advanced Settings generic via filter on get_the_excerpt --><!-- AddThis Share Buttons generic via filter on get_the_excerpt --><\/p>\n","protected":false},"author":1,"featured_media":151,"comment_status":"open","ping_status":"open","sticky":false,"template":"","format":"standard","meta":[],"categories":[6],"tags":[30],"_links":{"self":[{"href":"https:\/\/amagep.co.za\/fr\/wp-json\/wp\/v2\/posts\/152"}],"collection":[{"href":"https:\/\/amagep.co.za\/fr\/wp-json\/wp\/v2\/posts"}],"about":[{"href":"https:\/\/amagep.co.za\/fr\/wp-json\/wp\/v2\/types\/post"}],"author":[{"embeddable":true,"href":"https:\/\/amagep.co.za\/fr\/wp-json\/wp\/v2\/users\/1"}],"replies":[{"embeddable":true,"href":"https:\/\/amagep.co.za\/fr\/wp-json\/wp\/v2\/comments?post=152"}],"version-history":[{"count":0,"href":"https:\/\/amagep.co.za\/fr\/wp-json\/wp\/v2\/posts\/152\/revisions"}],"wp:featuredmedia":[{"embeddable":true,"href":"https:\/\/amagep.co.za\/fr\/wp-json\/wp\/v2\/media\/151"}],"wp:attachment":[{"href":"https:\/\/amagep.co.za\/fr\/wp-json\/wp\/v2\/media?parent=152"}],"wp:term":[{"taxonomy":"category","embeddable":true,"href":"https:\/\/amagep.co.za\/fr\/wp-json\/wp\/v2\/categories?post=152"},{"taxonomy":"post_tag","embeddable":true,"href":"https:\/\/amagep.co.za\/fr\/wp-json\/wp\/v2\/tags?post=152"}],"curies":[{"name":"wp","href":"https:\/\/api.w.org\/{rel}","templated":true}]}}