{"id":1518,"date":"2025-02-13T14:01:48","date_gmt":"2025-02-13T14:01:48","guid":{"rendered":"https:\/\/amagep.co.za\/fr\/?p=1518"},"modified":"2025-02-15T14:46:32","modified_gmt":"2025-02-15T14:46:32","slug":"lexecutif-marque-le-pasa-la-judith-suminwa-tuluka","status":"publish","type":"post","link":"https:\/\/amagep.co.za\/fr\/lexecutif-marque-le-pasa-la-judith-suminwa-tuluka\/","title":{"rendered":"L\u2019Ex\u00e9cutif Marque le Pas\u00e0 la Judith Suminwa Tuluka"},"content":{"rendered":"\n<p><\/p>\n\n\n\n<figure class=\"wp-block-image size-large\"><img loading=\"lazy\" width=\"638\" height=\"622\" src=\"https:\/\/amagep.co.za\/fr\/wp-content\/uploads\/2025\/02\/image.jpeg\" alt=\"\" class=\"wp-image-1519\" srcset=\"https:\/\/amagep.co.za\/fr\/wp-content\/uploads\/2025\/02\/image.jpeg 638w, https:\/\/amagep.co.za\/fr\/wp-content\/uploads\/2025\/02\/image-300x292.jpeg 300w\" sizes=\"(max-width: 638px) 100vw, 638px\" \/><\/figure>\n\n\n\n<p>Tel un cheveu dans la soupe \u00e0 cause d\u2019une visibilit\u00e9 peu luxuriante, personne ne put voir m\u00eame dans les r\u00eaves les plus superf\u00e9tatoires qu\u2019une femme prendrait un jour les r\u00eanes de l\u2019ex\u00e9cutif congolais \u00e0 la primature. &nbsp;S.E.M. Antoine Tshisekedi Tshilombo, Pr\u00e9sident de la R\u00e9publique a reconnu que le chapeautage des institutions de la r\u00e9publique ne revient pas \u00e0 la seule gente masculine. Fort de cette assertivit\u00e9, le Chef de l\u2019Etat a nomm\u00e9&nbsp;&nbsp; Madame Judith Suminwa Tuluka,&nbsp; la Premi\u00e8re Ministre de la RDC \u2013 une premi\u00e8re&nbsp;! L\u2019ordonnance de sa nomination a \u00e9t\u00e9 lue un certain 1<sup>er<\/sup> avril 2024&nbsp;; le reflexe a aid\u00e9 \u00e0 la pens\u00e9e imaginative de poisson d\u2019Avril. Les \u00e9nergies d\u2019une spiritualit\u00e9 guidaient l\u2019\u00e9toile d\u2019une nomination qu\u2019elle corresponde \u00e0 cette date que m\u00eame la mythologie ne pouvait changer le cours des \u00e9v\u00e8nements.&nbsp; Madame Judith Suminwa Tuluka est la premi\u00e8re personne ressortissante du Bas-Congo \u00e0 \u00eatre nomm\u00e9e patronne de la Primature.<\/p>\n\n\n\n<p>Peu visible et inconnue du grand public jusqu\u2019\u00e0&nbsp; sa nomination, ce dernier ignorait que derri\u00e8re cette visibilit\u00e9 effac\u00e9e, la r\u00e9cipiendaire rodait d\u00e9j\u00e0 dans le microcosme politico-\u00e9conomique du monde, et de la RDC en particulier. Le destin a voulu qu\u2019elle c\u00f4toie les institutions sp\u00e9cialis\u00e9es des Nations-Unies, PNUD avant d\u2019enjamber le gap des environnements oppos\u00e9s pour atterrir&nbsp; chez le priv\u00e9 \u00e0 la Citibank. Le sens aigu de Madame Tuluka lui a permis d\u2019exceller dans la planification et dans la coordination &nbsp;des programmes multisectoriels dont le fameux Programme de 145 territoires qui porte ses dessins au&nbsp; feutre dans son architecture. Elle pr\u00eata son expertise au Minist\u00e8re du Plan o\u00f9 elle a assum\u00e9 les fonctions de Ministre dans le gouvernement de son pr\u00e9d\u00e9cesseur Sam Lukonde Kyenge. Elle avait crois\u00e9 ses d\u00e9buts modestes en politique en tant que coordinatrice adjointe du Conseil pr\u00e9sidentiel de la veille strat\u00e9gique (CPVS), au sein du cabinet du minist\u00e8re du budget. Dipl\u00f4m\u00e9e de l\u2019ULB, son Master en Economie Appliqu\u00e9e \u00e9tait le parfait fit qui plut \u00e0 SEM Pr\u00e9sident F\u00e9lix Antoine Tshisekedi pour lui confier&nbsp; la primature. La duret\u00e9&nbsp; et l\u2019\u00e9normit\u00e9 de la t\u00e2che n\u2019\u00e9taient pas si effroyables pour la nouvelle promue, tant qu\u2019elle avait d\u00e9j\u00e0 palp\u00e9 les maux qui rongent le panier de la man\u00e9gerai r\u00e9publicain.<\/p>\n\n\n\n<figure class=\"wp-block-image size-large\"><img loading=\"lazy\" width=\"553\" height=\"514\" src=\"https:\/\/amagep.co.za\/fr\/wp-content\/uploads\/2025\/02\/image-1.jpeg\" alt=\"\" class=\"wp-image-1520\" srcset=\"https:\/\/amagep.co.za\/fr\/wp-content\/uploads\/2025\/02\/image-1.jpeg 553w, https:\/\/amagep.co.za\/fr\/wp-content\/uploads\/2025\/02\/image-1-300x279.jpeg 300w\" sizes=\"(max-width: 553px) 100vw, 553px\" \/><\/figure>\n\n\n\n<p>Le marasme \u00e9conomique dans un contexte de fluctuations de taux de change qui exacerbe l\u2019inflation, la Premi\u00e8re Ministre est consciente des d\u00e9fis auxquels la population a toujours fait face au quotidien. En face d\u2019une double pol\u00e9mique s\u2019il faille ajuster l\u2019\u00e9conomie de fa\u00e7on conjoncturelle et\/ou structurelle, la Premi\u00e8re Ministre n\u2019est pas dans la pr\u00e9cipitation qui conduit \u00e0 des r\u00e9ponses h\u00e2tives sans due diligence. Elle acquiesce que les ajustements conjoncturels aideraient \u00e0 juguler autant que faire se peut les carences dans certains secteurs \u00e0 court terme. A moyen et long terme, elle est d\u2019avis que les ajustements structurels avec l\u2019appui des institutions de Bretton Wood (affirmatif dans les deux cas) seront trait\u00e9s de mani\u00e8re intelligible. &nbsp;Les solutions aux probl\u00e8mes d\u2019investissement et de d\u00e9veloppement seront mieux cern\u00e9es dans un cadre macro\u00e9conomique s\u00e9rieux. Bien inform\u00e9e de la r\u00e9action de sa population, Madame Suminwa Tuluka n\u2019est pas dupe&nbsp;; elle &nbsp;sait que ces ajustements doivent \u00eatre soutenus par des programmes nationaux muscl\u00e9s sur lesquelles l\u2019aide internationale (qui n\u2019est pas toujours financi\u00e8re) s\u2019appuierait. Il est \u00e9vident que la RDC ne se d\u00e9veloppera point en comptant sur les aides pour renflouer les caisses du tr\u00e9sor.<\/p>\n\n\n\n<p>Face \u00e0 l\u2019ouragan de la guerre \u00e0 l\u2019Est depuis Janvier 2025, certains ajustements doivent avoir lieu pour accentuer la pression tant militaire, diplomatique qu\u2019\u00e9conomique sur l\u2019envahisseur. Le shift attentionnel a ainsi chang\u00e9 de cap&nbsp;pour ne se consacrer qu\u2019\u00e0 la guerre, provoquant certaines coupes budg\u00e9taires au niveau des institutions vou\u00e9es \u00e0 l\u2019effort de guerre. Ce sont des sacrifices agr\u00e9ables auxquels il va falloir s\u2019habituer dans la perspective de la mise en d\u00e9route des forces rwandaises et leur d\u00e9guerpissement hors des fronti\u00e8res nationales. Madame la Premi\u00e8re Ministre avait tout compris&nbsp;; son implication aux c\u00f4t\u00e9s du Chef de l\u2019Etat&nbsp; dans les processus de paix \u00e0 travers le monde pour le cas de la RDC est palpable. Sa r\u00e9cente participation au dernier sommet \u2013EAC \u2013 SADC \u00e0 Dar-es-Salaam, pour repr\u00e9senter le Pr\u00e9sident de la R\u00e9publique a \u00e9t\u00e9 noircie par la poign\u00e9e de main que la Premi\u00e8re Ministre avait accord\u00e9e au Pr\u00e9sident Rwandais, Paul Kagame. Pourtant les r\u00e8gles \u00e9l\u00e9mentaires de la courtoisie protocolaire doivent et resteront d\u2019application. &nbsp;<\/p>\n\n\n\n<p>L\u2019aspect \u00e9motif des congolais au vu de plus 4 000 congolais tu\u00e9s lors de l\u2019entr\u00e9e des troupes rwandaise, avait pris le dessus sur la raison. Ces expressions par les congolais que Madame la Premi\u00e8re Ministre aura comprises, r\u00e9sultent de l\u2019irascibilit\u00e9 qu\u2019ils ressentent.&nbsp;&nbsp;<\/p>\n\n\n\n<figure class=\"wp-block-image size-large\"><img loading=\"lazy\" width=\"548\" height=\"547\" src=\"https:\/\/amagep.co.za\/fr\/wp-content\/uploads\/2025\/02\/image-2.jpeg\" alt=\"\" class=\"wp-image-1521\" srcset=\"https:\/\/amagep.co.za\/fr\/wp-content\/uploads\/2025\/02\/image-2.jpeg 548w, https:\/\/amagep.co.za\/fr\/wp-content\/uploads\/2025\/02\/image-2-300x300.jpeg 300w, https:\/\/amagep.co.za\/fr\/wp-content\/uploads\/2025\/02\/image-2-150x150.jpeg 150w\" sizes=\"(max-width: 548px) 100vw, 548px\" \/><\/figure>\n\n\n\n<p>La quinquag\u00e9naire Premi\u00e8re Ministre a rejoint la liste de peu des femmes qui auront \u00e9t\u00e9 aux cimes du pouvoir. Dans ce registre des Dames Premi\u00e8res Ministres,&nbsp; Edith Cresson&nbsp;; la nonag\u00e9naire a \u00e9t\u00e9 nomm\u00e9e Premi\u00e8re Ministre par Fran\u00e7ois Mitterrand comme Premi\u00e8re Ministre de la France en 1991. L\u2019Italie a la virevoltante Giorgi Meloni comme Premi\u00e8re Ministre et Mette Frederiksen est Premi\u00e8re Ministre du Danemark, et la liste continue. Il ne s\u2019agit pas d\u2019un ex nihilisme dans le chef du Pr\u00e9sident de la R\u00e9publique. Au-del\u00e0 de ce qui existe chez ces femmes au subliminal talent, c\u2019est la connaissance des milieux politico-sociaux de Judith Suminwa, son exp\u00e9rience av\u00e9r\u00e9e et sa disponibilit\u00e9 d\u2019accompagner le pays et le Chef de l\u2019Etat qui ont plaid\u00e9 sa cause pour \u00eatre la Machiniste de la locomotive&nbsp; Gouvernement. M\u00eame en temps de guerre le v\u00e9cu des congolais devrait \u00eatre pris en compte et Madame la Premi\u00e8re Ministre est appel\u00e9e \u00e0 g\u00e9rer les situations qui pr\u00e9valent en ce moment par tous les moyens \u00e0 sa disposition. N\u00e9anmoins, il est primordial de s\u2019assurer que les d\u00e9penses colossales ne rendent pas l\u2019\u00e9conomie exsangue&nbsp;!<\/p>\n<!-- AddThis Advanced Settings generic via filter on the_content --><!-- AddThis Share Buttons generic via filter on the_content -->","protected":false},"excerpt":{"rendered":"<p>Tel un cheveu dans la soupe \u00e0 cause d\u2019une visibilit\u00e9 peu luxuriante, personne ne put&#8230;<!-- AddThis Advanced Settings generic via filter on get_the_excerpt --><!-- AddThis Share Buttons generic via filter on get_the_excerpt --><\/p>\n","protected":false},"author":7,"featured_media":1519,"comment_status":"open","ping_status":"open","sticky":false,"template":"","format":"standard","meta":[],"categories":[6],"tags":[],"_links":{"self":[{"href":"https:\/\/amagep.co.za\/fr\/wp-json\/wp\/v2\/posts\/1518"}],"collection":[{"href":"https:\/\/amagep.co.za\/fr\/wp-json\/wp\/v2\/posts"}],"about":[{"href":"https:\/\/amagep.co.za\/fr\/wp-json\/wp\/v2\/types\/post"}],"author":[{"embeddable":true,"href":"https:\/\/amagep.co.za\/fr\/wp-json\/wp\/v2\/users\/7"}],"replies":[{"embeddable":true,"href":"https:\/\/amagep.co.za\/fr\/wp-json\/wp\/v2\/comments?post=1518"}],"version-history":[{"count":1,"href":"https:\/\/amagep.co.za\/fr\/wp-json\/wp\/v2\/posts\/1518\/revisions"}],"predecessor-version":[{"id":1522,"href":"https:\/\/amagep.co.za\/fr\/wp-json\/wp\/v2\/posts\/1518\/revisions\/1522"}],"wp:featuredmedia":[{"embeddable":true,"href":"https:\/\/amagep.co.za\/fr\/wp-json\/wp\/v2\/media\/1519"}],"wp:attachment":[{"href":"https:\/\/amagep.co.za\/fr\/wp-json\/wp\/v2\/media?parent=1518"}],"wp:term":[{"taxonomy":"category","embeddable":true,"href":"https:\/\/amagep.co.za\/fr\/wp-json\/wp\/v2\/categories?post=1518"},{"taxonomy":"post_tag","embeddable":true,"href":"https:\/\/amagep.co.za\/fr\/wp-json\/wp\/v2\/tags?post=1518"}],"curies":[{"name":"wp","href":"https:\/\/api.w.org\/{rel}","templated":true}]}}