{"id":1511,"date":"2024-08-17T22:38:00","date_gmt":"2024-08-17T22:38:00","guid":{"rendered":"https:\/\/amagep.co.za\/fr\/?p=1511"},"modified":"2024-09-16T21:39:27","modified_gmt":"2024-09-16T21:39:27","slug":"calvaire-du-journalisme-en-rd-congo-sous-tshisekedi","status":"publish","type":"post","link":"https:\/\/amagep.co.za\/fr\/calvaire-du-journalisme-en-rd-congo-sous-tshisekedi\/","title":{"rendered":"Calvaire du journalisme en RD Congo sous Tshisekedi"},"content":{"rendered":"\n<p><\/p>\n\n\n\n<p>En R\u00e9publique d\u00e9mocratique du Congo, le r\u00e9gime dirig\u00e9 par un parti politique qui s&rsquo;est oppos\u00e9 aux r\u00e9gimes de Mobutu, Laurent D\u00e9sir\u00e9 Kabila et Joseph Kabila, opprime d\u00e9sormais le peuple.<\/p>\n\n\n\n<p>Depuis son investiture en 2019, le r\u00e9gime du pr\u00e9sident F\u00e9lix Tshisekedi perd quotidiennement le soutien de la population et notamment de ses propres membres du parti. De nombreux Congolais pensaient que \u2018\u2018l\u2019Union pour la D\u00e9mocratie et le Progr\u00e8s Social\u2019\u2019 (UDPS), le parti de feu Etienne Tshisekedi , \u00e9tait pr\u00eat \u00e0 prendre la rel\u00e8ve pendant de longues ann\u00e9es de r\u00e8gnes dictatoriaux depuis Mobutu.<\/p>\n\n\n\n<p>Malgr\u00e9 la nomination de F\u00e9lix Tshisekedi par Joseph Kabila comme chef de l&rsquo;Etat apr\u00e8s des \u00e9lections controvers\u00e9es qui normalement ont \u00e9t\u00e9 remport\u00e9es par Martin Fayulu de la coalition \u2018\u2018Lamuka\u2019\u2019. Le r\u00e9gime de Tshisekedi est d\u00e9sormais consid\u00e9r\u00e9 comme le conglom\u00e9rat d\u2019amis le plus corrompu et amateur qui pille les fonds publics, les ressources naturelles et exploite une approche tribale pour dominer les autres ethnies.<\/p>\n\n\n\n<p>Les militants des droits humains et les organisations de la soci\u00e9t\u00e9 civile d\u00e9noncent un \u00e9tat total de disparitions forc\u00e9es, et la torture et autres mauvais traitements \u00e9taient r\u00e9pandus et syst\u00e9matiques. Les femmes et les filles, les personnes LGBTI et les minorit\u00e9s ethniques et religieuses ont \u00e9t\u00e9 soumises \u00e0 une discrimination et \u00e0 des violences syst\u00e9miques . Des ch\u00e2timents cruels et inhumains, notamment la flagellation, ont \u00e9t\u00e9 impos\u00e9s et appliqu\u00e9s. Tout cela se produit dans les grandes villes, notamment Kinshasa, Lubumbashi, Goma, Kikwit , Kisangani et Matadi .<\/p>\n\n\n\n<p>Le pays est en guerre contre plusieurs groupes rebelles dans l&rsquo;est du pays, mais le r\u00e9gime restreint la libert\u00e9 d&rsquo;expression sur ce sujet. Il existe un syst\u00e8me de corruption \u00e0 grande \u00e9chelle qui consiste \u00e0 contr\u00f4ler les m\u00e9dias et les artistes publics pour donner une image positive des responsables du r\u00e9gime.<\/p>\n\n\n\n<p>Depuis le d\u00e9but de son deuxi\u00e8me mandat cette ann\u00e9e, le pr\u00e9sident Tshisekedi n&rsquo;a fait que peu, voire rien, pour lutter contre la pauvret\u00e9, les prix ne cessent d&rsquo;augmenter, l&rsquo;absence de politiques environnementales appropri\u00e9es, les services municipaux sont morts, la criminalit\u00e9 a atteint deux chiffres, l&rsquo;\u00e9lectricit\u00e9 et l&rsquo;eau sont toujours un probl\u00e8me. le luxe \u00e0 Kinshasa en plus d&rsquo;\u00eatre quasi inexistant dans toutes les autres villes. AMAGEP a actuellement une \u00e9quipe \u00e0 Kinshasa mais l&rsquo;exp\u00e9rience des journalistes professionnels est tr\u00e8s mauvaise.<\/p>\n\n\n\n<p>Au Congo, les journalistes doivent \u00eatre attach\u00e9s \u00e0 la vision des responsables publics. Il y a un manque de soutien en faveur du journalisme ind\u00e9pendant. En visitant des installations manipul\u00e9es \u00e0 des fins de propagande politique, l&rsquo;AMAGEP a constat\u00e9 que la prison centrale de Kinshasa \u2018\u2018Makala\u2019\u2019 par exemple a \u00e9t\u00e9 construite pour accueillir 1500 d\u00e9tenus. \u00c0 l&rsquo;heure actuelle, les prisons comptent plus de 15 000 personnes incarc\u00e9r\u00e9es dans des conditions inhumaines.<\/p>\n\n\n\n<p>Le r\u00e9gime utilise la tactique des arrestations \u00e0 des fins d&rsquo;intimidation. Dans la plupart des cas, les gens disparaissent \u00e0 jamais. Au premier semestre 2024, l\u2019un des gardes du corps de Tshisekedi a \u00e9t\u00e9 retrouv\u00e9 mort. Suite \u00e0 cela, plus de 15 personnes ont \u00e9t\u00e9 arr\u00eat\u00e9es sans proc\u00e9dure judiciaire appropri\u00e9e. Leur sort est encore inconnu. Il y a d\u00e9tention arbitraire ou ill\u00e9gale lorsqu&rsquo;une personne est arr\u00eat\u00e9e et d\u00e9tenue par un gouvernement sans proc\u00e9dure r\u00e9guli\u00e8re et sans les protections juridiques d&rsquo;un proc\u00e8s \u00e9quitable, ou lorsqu&rsquo;une personne est d\u00e9tenue sans aucun fondement l\u00e9gal pour la privation de libert\u00e9. Il existe des cas similaires pour les membres de l\u2019opposition, notamment ceux qui sont du c\u00f4t\u00e9 de Fayulu et du Dr Mukwege.<\/p>\n\n\n\n<p>L&rsquo;AMAGEP alerte la communaut\u00e9 internationale sur ce qui est en r\u00e9alit\u00e9 l&rsquo;ensemble des larmes et des calvaires du peuple congolais sous ce r\u00e9gime. Les journalistes congolais ont peur de le dire haut et fort.<\/p>\n<!-- AddThis Advanced Settings generic via filter on the_content --><!-- AddThis Share Buttons generic via filter on the_content -->","protected":false},"excerpt":{"rendered":"<p>En R\u00e9publique d\u00e9mocratique du Congo, le r\u00e9gime dirig\u00e9 par un parti politique qui s&rsquo;est oppos\u00e9&#8230;<!-- AddThis Advanced Settings generic via filter on get_the_excerpt --><!-- AddThis Share Buttons generic via filter on get_the_excerpt --><\/p>\n","protected":false},"author":16,"featured_media":1512,"comment_status":"open","ping_status":"open","sticky":false,"template":"","format":"standard","meta":[],"categories":[6],"tags":[],"_links":{"self":[{"href":"https:\/\/amagep.co.za\/fr\/wp-json\/wp\/v2\/posts\/1511"}],"collection":[{"href":"https:\/\/amagep.co.za\/fr\/wp-json\/wp\/v2\/posts"}],"about":[{"href":"https:\/\/amagep.co.za\/fr\/wp-json\/wp\/v2\/types\/post"}],"author":[{"embeddable":true,"href":"https:\/\/amagep.co.za\/fr\/wp-json\/wp\/v2\/users\/16"}],"replies":[{"embeddable":true,"href":"https:\/\/amagep.co.za\/fr\/wp-json\/wp\/v2\/comments?post=1511"}],"version-history":[{"count":2,"href":"https:\/\/amagep.co.za\/fr\/wp-json\/wp\/v2\/posts\/1511\/revisions"}],"predecessor-version":[{"id":1514,"href":"https:\/\/amagep.co.za\/fr\/wp-json\/wp\/v2\/posts\/1511\/revisions\/1514"}],"wp:featuredmedia":[{"embeddable":true,"href":"https:\/\/amagep.co.za\/fr\/wp-json\/wp\/v2\/media\/1512"}],"wp:attachment":[{"href":"https:\/\/amagep.co.za\/fr\/wp-json\/wp\/v2\/media?parent=1511"}],"wp:term":[{"taxonomy":"category","embeddable":true,"href":"https:\/\/amagep.co.za\/fr\/wp-json\/wp\/v2\/categories?post=1511"},{"taxonomy":"post_tag","embeddable":true,"href":"https:\/\/amagep.co.za\/fr\/wp-json\/wp\/v2\/tags?post=1511"}],"curies":[{"name":"wp","href":"https:\/\/api.w.org\/{rel}","templated":true}]}}